{"id":23516,"date":"2023-07-23T13:14:33","date_gmt":"2023-07-23T11:14:33","guid":{"rendered":"https:\/\/www.cgt-lkn.org\/bizkaia\/?p=23516"},"modified":"2024-01-18T11:39:53","modified_gmt":"2024-01-18T10:39:53","slug":"la-brecha-n-14-sindicalismo-grandes-empresas-y-cambio-de-modelo-productivo","status":"publish","type":"post","link":"https:\/\/www.cgt-lkn.org\/bizkaia\/archivos\/23516","title":{"rendered":"La Brecha N.14: \u201cSindicalismo, grandes empresas y cambio de modelo productivo\u201d."},"content":{"rendered":"<p style=\"text-align: center;\"><a href=\"https:\/\/cgt.org.es\/wp-content\/uploads\/sites\/21\/2023\/07\/LaBrecha-14-web.pdf\"><span style=\"font-size: 16pt;\"><strong>DESCARGAR PDF<\/strong><\/span><\/a><\/p>\n<p>&nbsp;<\/p>\n<p><em>La Brecha<\/em>\u00a0es una herramienta que sirve para dar visibilidad a las distintas realidades laborales que vivimos la clase trabajadora. Este mes de julio queremos hablar sobre\u00a0<strong>\u201cSindicalismo, grandes empresas y cambio de modelo productivo\u201d, en un nuevo informe realizado por el Gabinete de Formaci\u00f3n y Estudios de CGT.<\/strong><\/p>\n<p>Como se indica en el comienzo de la publicaci\u00f3n: \u201cLa s\u00fabita paralizaci\u00f3n de los flujos de producci\u00f3n y comercio internacional a consecuencia del Covid-19 y, m\u00e1s recientemente, la invasi\u00f3n de Rusia en Ucrania, han puesto de manifiesto la fragilidad que envuelve a la densa interdependencia econ\u00f3mica que existe entre econom\u00edas nacionales. Durante estos \u00faltimos a\u00f1os hemos presenciado distintos episodios de ruptura de cadenas internacionales de suministro cr\u00edticas, lo que ha revelado la enorme concentraci\u00f3n de la fabricaci\u00f3n de algunos productos esenciales en mercados privados internacionales oligop\u00f3licos y en determinadas regiones geogr\u00e1ficas. La creciente preocupaci\u00f3n sobre esta problem\u00e1tica ha desencadenado pulsiones por parte de distintos gobiernos orientadas a la reconfiguraci\u00f3n de las cadenas mundiales de suministro. En concreto, al repliegue territorial de actividades productivas y al desarrollo de capacidades industriales desde una \u00f3ptica de autonom\u00eda y soberan\u00eda productiva nacional\u201d. \u00a0Un cambio de modelo productivo que es conveniente analizar para comprender la complejidad del momento y que determina ineludiblemente las acciones que se puedan desarrollar por los sectores comprometidos con la clase trabajadora.<\/p>\n<p>En opini\u00f3n del colectivo editor de La Brecha. \u201cEste nuevo n\u00famero pone de manifiesto la necesidad de realizar diagn\u00f3sticos certeros acerca de c\u00f3mo se desarrolla la actividad econ\u00f3mica, d\u00f3nde se sit\u00faan los centros de poder y decisi\u00f3n o qu\u00e9 sujetos los encarnaba. Todo ello es vital para articular una acci\u00f3n sindical eficaz\u201d<\/p>\n<p style=\"text-align: center;\"><span style=\"font-size: 14pt;\"><strong>Para recibir las noticias \u00fanete a nuestro canal de <a href=\"https:\/\/t.me\/cgtlknbizkaia\" target=\"_blank\" rel=\"noopener\">Telegram<\/a><\/strong><\/span><\/p>\n<p><a href=\"https:\/\/t.me\/cgtlknbizkaia\"><img loading=\"lazy\" decoding=\"async\" class=\"aligncenter wp-image-19213 size-medium\" src=\"https:\/\/www.cgt-lkn.org\/bizkaia\/wp-content\/uploads\/sites\/21\/2020\/04\/Telegram-CGT-LKN-Bizkaia-300x166.jpg\" alt=\"\" width=\"300\" height=\"166\" srcset=\"https:\/\/www.cgt-lkn.org\/bizkaia\/wp-content\/uploads\/sites\/21\/2020\/04\/Telegram-CGT-LKN-Bizkaia-300x166.jpg 300w, https:\/\/www.cgt-lkn.org\/bizkaia\/wp-content\/uploads\/sites\/21\/2020\/04\/Telegram-CGT-LKN-Bizkaia-200x111.jpg 200w, https:\/\/www.cgt-lkn.org\/bizkaia\/wp-content\/uploads\/sites\/21\/2020\/04\/Telegram-CGT-LKN-Bizkaia-400x221.jpg 400w, https:\/\/www.cgt-lkn.org\/bizkaia\/wp-content\/uploads\/sites\/21\/2020\/04\/Telegram-CGT-LKN-Bizkaia.jpg 600w\" sizes=\"auto, (max-width: 300px) 100vw, 300px\" \/><\/a><\/p>\n<p>&nbsp;<\/p>\n<p style=\"text-align: center;\"><span style=\"font-size: 14pt;\"><b>PINCHA <a href=\"https:\/\/www.cgt-lkn.org\/afiliar\/public\/#!\/\">AQU\u00cd<\/a> PARA AFILIARTE<\/b><\/span><\/p>\n<p><a href=\"https:\/\/www.cgt-lkn.org\/afiliar\/public\/#!\/\"><img loading=\"lazy\" decoding=\"async\" class=\"aligncenter wp-image-20757 size-full\" src=\"https:\/\/www.cgt-lkn.org\/bizkaia\/wp-content\/uploads\/sites\/21\/2020\/12\/Afiliate-Adif-Renfe-CGT.png\" alt=\"\" width=\"267\" height=\"189\" \/><\/a><\/p>\n","protected":false},"excerpt":{"rendered":"<p><strong>CGT presenta el n\u00famero de julio de la publicaci\u00f3n\u00a0<em>La Brecha<\/em>\u00a0sobre \u201cSindicalismo, grandes empresas y cambio de modelo productivo\u201d.<\/strong><\/p>\n","protected":false},"author":57,"featured_media":23517,"comment_status":"closed","ping_status":"closed","sticky":false,"template":"","format":"standard","meta":{"footnotes":"","_links_to":"","_links_to_target":""},"categories":[86,4,126,34,46,83],"tags":[554,711,655],"class_list":["post-23516","post","type-post","status-publish","format-standard","has-post-thumbnail","hentry","category-boletines","category-crisis","category-debates","category-economia","category-laboral","category-militancia","tag-la-brecha","tag-modelo-productivo","tag-sindicalismo"],"publishpress_future_action":{"enabled":false,"date":"2026-05-08 09:18:48","action":"change-status","newStatus":"draft","terms":[],"taxonomy":"category","extraData":[]},"publishpress_future_workflow_manual_trigger":{"enabledWorkflows":[]},"_links":{"self":[{"href":"https:\/\/www.cgt-lkn.org\/bizkaia\/wp-json\/wp\/v2\/posts\/23516","targetHints":{"allow":["GET"]}}],"collection":[{"href":"https:\/\/www.cgt-lkn.org\/bizkaia\/wp-json\/wp\/v2\/posts"}],"about":[{"href":"https:\/\/www.cgt-lkn.org\/bizkaia\/wp-json\/wp\/v2\/types\/post"}],"author":[{"embeddable":true,"href":"https:\/\/www.cgt-lkn.org\/bizkaia\/wp-json\/wp\/v2\/users\/57"}],"replies":[{"embeddable":true,"href":"https:\/\/www.cgt-lkn.org\/bizkaia\/wp-json\/wp\/v2\/comments?post=23516"}],"version-history":[{"count":2,"href":"https:\/\/www.cgt-lkn.org\/bizkaia\/wp-json\/wp\/v2\/posts\/23516\/revisions"}],"predecessor-version":[{"id":23519,"href":"https:\/\/www.cgt-lkn.org\/bizkaia\/wp-json\/wp\/v2\/posts\/23516\/revisions\/23519"}],"wp:featuredmedia":[{"embeddable":true,"href":"https:\/\/www.cgt-lkn.org\/bizkaia\/wp-json\/wp\/v2\/media\/23517"}],"wp:attachment":[{"href":"https:\/\/www.cgt-lkn.org\/bizkaia\/wp-json\/wp\/v2\/media?parent=23516"}],"wp:term":[{"taxonomy":"category","embeddable":true,"href":"https:\/\/www.cgt-lkn.org\/bizkaia\/wp-json\/wp\/v2\/categories?post=23516"},{"taxonomy":"post_tag","embeddable":true,"href":"https:\/\/www.cgt-lkn.org\/bizkaia\/wp-json\/wp\/v2\/tags?post=23516"}],"curies":[{"name":"wp","href":"https:\/\/api.w.org\/{rel}","templated":true}]}}