{"id":23483,"date":"2023-06-28T13:34:56","date_gmt":"2023-06-28T11:34:56","guid":{"rendered":"https:\/\/www.cgt-lkn.org\/bizkaia\/?p=23483"},"modified":"2023-06-28T13:36:17","modified_gmt":"2023-06-28T11:36:17","slug":"el-3-nos-concentramos-por-la-persecucion-y-criminalizacion-de-huelguistas","status":"publish","type":"post","link":"https:\/\/www.cgt-lkn.org\/bizkaia\/archivos\/23483","title":{"rendered":"El 3 nos concentramos por  la persecuci\u00f3n y criminalizaci\u00f3n de huelguistas."},"content":{"rendered":"<p>El pr\u00f3ximo 3 de julio volveremos a movilizarnos contra la persecuci\u00f3n y criminalizaci\u00f3n de huelguistas del metal de Bizkaia..<\/p>\n<p>Frente a los juzgados de BIbo ( c\/ buenos aires, 6 ) a las 12h,<\/p>\n<p>En esta ocasi\u00f3n, un compa\u00f1ero participante en las huelgas del metal de Bizkaia va a ser juzgado por defender, como tod\u24b6s nosotr\u24b6s, los derechos de la clase trabajadora.<\/p>\n<p>Huelga no es delito<br \/>\nESTAMOS\u00a0CON\u00a0VOSOTR\u24b6S<\/p>\n<p><img loading=\"lazy\" decoding=\"async\" class=\"alignnone size-medium wp-image-22849 aligncenter\" src=\"https:\/\/www.cgt-lkn.org\/bizkaia\/wp-content\/uploads\/sites\/21\/2022\/11\/represion-policial-en-metal-bizkaia-CGT-216x300.jpg\" alt=\"\" width=\"216\" height=\"300\" srcset=\"https:\/\/www.cgt-lkn.org\/bizkaia\/wp-content\/uploads\/sites\/21\/2022\/11\/represion-policial-en-metal-bizkaia-CGT-216x300.jpg 216w, https:\/\/www.cgt-lkn.org\/bizkaia\/wp-content\/uploads\/sites\/21\/2022\/11\/represion-policial-en-metal-bizkaia-CGT.jpg 577w\" sizes=\"auto, (max-width: 216px) 100vw, 216px\" \/><\/p>\n<p>Datorren uztailaren 3an berriro mobilizatuko gara grebalarien jazarpen eta kriminalizazioaren aurka<\/p>\n<p>Oraingo honetan, Bizkaiko metalgintzako grebetan parte hartu zuen lankide bat epaituko dute, guk guztiok bezala, langile-klasearen eskubideak defendatzeagatik.<\/p>\n<p>Greba ez da delitua!<br \/>\nZUEKIN GAUDE!<\/p>\n<p>&nbsp;<\/p>\n<p style=\"text-align: center;\"><span style=\"font-size: 14pt;\"><strong>Para recibir las noticias \u00fanete a nuestro canal de <a href=\"https:\/\/t.me\/cgtlknbizkaia\" target=\"_blank\" rel=\"noopener\">Telegram<\/a><\/strong><\/span><br \/>\n<a href=\"https:\/\/t.me\/cgtlknbizkaia\"><img loading=\"lazy\" decoding=\"async\" class=\"aligncenter wp-image-19213 size-medium\" src=\"https:\/\/www.cgt-lkn.org\/bizkaia\/wp-content\/uploads\/sites\/21\/2020\/04\/Telegram-CGT-LKN-Bizkaia-300x166.jpg\" alt=\"\" width=\"300\" height=\"166\" srcset=\"https:\/\/www.cgt-lkn.org\/bizkaia\/wp-content\/uploads\/sites\/21\/2020\/04\/Telegram-CGT-LKN-Bizkaia-300x166.jpg 300w, https:\/\/www.cgt-lkn.org\/bizkaia\/wp-content\/uploads\/sites\/21\/2020\/04\/Telegram-CGT-LKN-Bizkaia-200x111.jpg 200w, https:\/\/www.cgt-lkn.org\/bizkaia\/wp-content\/uploads\/sites\/21\/2020\/04\/Telegram-CGT-LKN-Bizkaia-400x221.jpg 400w, https:\/\/www.cgt-lkn.org\/bizkaia\/wp-content\/uploads\/sites\/21\/2020\/04\/Telegram-CGT-LKN-Bizkaia.jpg 600w\" sizes=\"auto, (max-width: 300px) 100vw, 300px\" \/><\/a><\/p>\n<p style=\"text-align: left;\"><a href=\"https:\/\/www.cgt-lkn.org\/afiliar\/public\/#!\/\" target=\"_blank\" rel=\"noopener\"><img loading=\"lazy\" decoding=\"async\" class=\"size-medium wp-image-23051 aligncenter\" src=\"https:\/\/www.cgt-lkn.org\/bizkaia\/wp-content\/uploads\/sites\/21\/3021\/01\/AFILIATE-JUNTOS-SOMOS-FUERTES-CGT-216x300.jpg\" alt=\"\" width=\"216\" height=\"300\" srcset=\"https:\/\/www.cgt-lkn.org\/bizkaia\/wp-content\/uploads\/sites\/21\/3021\/01\/AFILIATE-JUNTOS-SOMOS-FUERTES-CGT-216x300.jpg 216w, https:\/\/www.cgt-lkn.org\/bizkaia\/wp-content\/uploads\/sites\/21\/3021\/01\/AFILIATE-JUNTOS-SOMOS-FUERTES-CGT.jpg 576w\" sizes=\"auto, (max-width: 216px) 100vw, 216px\" \/><\/a><\/p>\n","protected":false},"excerpt":{"rendered":"<p>Frente a los <strong>juzgados de BIbo<\/strong> ( c\/ buenos aires, 6 ) a las <strong>12h,\u00a0<\/strong><\/p>\n","protected":false},"author":6,"featured_media":23484,"comment_status":"closed","ping_status":"closed","sticky":false,"template":"","format":"standard","meta":{"footnotes":"","_links_to":"","_links_to_target":""},"categories":[334,54,46,163,83,8],"tags":[574,399,112,492],"class_list":["post-23483","post","type-post","status-publish","format-standard","has-post-thumbnail","hentry","category-accion-sindical-agitacion","category-bilbao","category-laboral","category-metal","category-militancia","category-movilizaciones","tag-metalaborrokan","tag-convenio-metal-bizkaia","tag-movilizaciones","tag-solidaridad"],"publishpress_future_action":{"enabled":false,"date":"2026-05-06 18:04:38","action":"change-status","newStatus":"draft","terms":[],"taxonomy":"category","extraData":[]},"publishpress_future_workflow_manual_trigger":{"enabledWorkflows":[]},"_links":{"self":[{"href":"https:\/\/www.cgt-lkn.org\/bizkaia\/wp-json\/wp\/v2\/posts\/23483","targetHints":{"allow":["GET"]}}],"collection":[{"href":"https:\/\/www.cgt-lkn.org\/bizkaia\/wp-json\/wp\/v2\/posts"}],"about":[{"href":"https:\/\/www.cgt-lkn.org\/bizkaia\/wp-json\/wp\/v2\/types\/post"}],"author":[{"embeddable":true,"href":"https:\/\/www.cgt-lkn.org\/bizkaia\/wp-json\/wp\/v2\/users\/6"}],"replies":[{"embeddable":true,"href":"https:\/\/www.cgt-lkn.org\/bizkaia\/wp-json\/wp\/v2\/comments?post=23483"}],"version-history":[{"count":2,"href":"https:\/\/www.cgt-lkn.org\/bizkaia\/wp-json\/wp\/v2\/posts\/23483\/revisions"}],"predecessor-version":[{"id":23486,"href":"https:\/\/www.cgt-lkn.org\/bizkaia\/wp-json\/wp\/v2\/posts\/23483\/revisions\/23486"}],"wp:featuredmedia":[{"embeddable":true,"href":"https:\/\/www.cgt-lkn.org\/bizkaia\/wp-json\/wp\/v2\/media\/23484"}],"wp:attachment":[{"href":"https:\/\/www.cgt-lkn.org\/bizkaia\/wp-json\/wp\/v2\/media?parent=23483"}],"wp:term":[{"taxonomy":"category","embeddable":true,"href":"https:\/\/www.cgt-lkn.org\/bizkaia\/wp-json\/wp\/v2\/categories?post=23483"},{"taxonomy":"post_tag","embeddable":true,"href":"https:\/\/www.cgt-lkn.org\/bizkaia\/wp-json\/wp\/v2\/tags?post=23483"}],"curies":[{"name":"wp","href":"https:\/\/api.w.org\/{rel}","templated":true}]}}