{"id":23394,"date":"2025-02-12T08:37:04","date_gmt":"2025-02-12T07:37:04","guid":{"rendered":"https:\/\/www.cgt-lkn.org\/bizkaia\/?p=23394"},"modified":"2025-03-19T09:42:15","modified_gmt":"2025-03-19T08:42:15","slug":"la-baja-laboral-por-menstruacion-ya-se-puede-solicitar-como-pedirla-y-cuales-son-los-requisito","status":"publish","type":"post","link":"https:\/\/www.cgt-lkn.org\/bizkaia\/archivos\/23394","title":{"rendered":"La baja laboral por menstruaci\u00f3n ya se puede solicitar: c\u00f3mo pedirla y cu\u00e1les son los requisito"},"content":{"rendered":"<p>Fuente;https:\/\/www.elconfidencial.com\/espana\/2023-05-31\/baja-por-menstruacion-incapacitante-dolor_3656432\/<\/p>\n<p>Por\u00a0<a class=\"authorSignature__link\" href=\"https:\/\/www.elconfidencial.com\/autores\/ada-nuno-2098\/\">Ada Nu\u00f1o<\/a><\/p>\n<p>Las mujeres que sufran un<a href=\"https:\/\/www.elconfidencial.com\/alma-corazon-vida\/2020-03-04\/la-regla-no-se-sincroniza_2479631\/\" target=\"_blank\" rel=\"noopener\">\u00a0dolor menstrual<\/a> incapacitante podr\u00e1n solicitar la baja temporal. La medida est\u00e1 recogida en la nueva ley del abort. Tambi\u00e9n incluye el reconocimiento al derecho a baja por interrupci\u00f3n voluntaria del embarazo (y, de la misma manera, la baja a partir del primer d\u00eda de la semana trig\u00e9sima novena de gestaci\u00f3n).<\/p>\n<p>Esto significa que si tienes una menstruaci\u00f3n que te impide ir a trabajar con normalidad, podr\u00e1s ir a tu m\u00e9dico\/a de cabecera y pedirle la baja laboral.<\/p>\n<p>Estas bajas se regular\u00e1n a trav\u00e9s de una incapacidad temporal por enfermedad com\u00fan y ser\u00e1 el\/la m\u00e9dico\/a quien determinar\u00e1, en base al historial cl\u00ednico si es necesaria dicha baja, siendo la remuneraci\u00f3n como en cualquier otra por enfermedad com\u00fan, tal y como regula nuestro convenio los tres primeros d\u00edas al 70% y del cuarto al vig\u00e9simo al 75%.<\/p>\n<p>Hasta el momento era algo que no estaba regulado, por lo que las trabajadoras con procesos menstruales como la endometriosis, ovarios poliqu\u00edsticos\u2026 que suponen enfermedades graves e incapacitantes, ten\u00edan que ir a trabajar igualmente, \u00a1parece mentira!, ya era hora de que rompi\u00e9ramos esa barrera.<\/p>\n<p>Entendemos que esta iniciativa es un primer paso para conseguir que las mujeres no tengamos que acudir a nuestro puesto de trabajo con un dolor incapacitante, y m\u00e1s en un trabajo como el nuestro tan altamente feminizado.<\/p>\n<p>No obstante, la norma no establece<strong>\u00a0requisitos concretos para solicitar las bajas<\/strong>, aunque, como en cualquier enfermedad com\u00fan, ser\u00e1 necesaria la constataci\u00f3n de la situaci\u00f3n por el m\u00e9dico de cabecera. Las principales diferencias de esta nueva ley son las siguientes:<\/p>\n<ul class=\"bodyList bodyList--unordered\">\n<li class=\"bodyList__item\">Es remunerada desde\u00a0<strong>el d\u00eda primero del periodo<\/strong>.<\/li>\n<li class=\"bodyList__item\">Es remunerada directamente por<strong>\u00a0la Seguridad Social<\/strong>, evitando una posible discriminaci\u00f3n porque no supondr\u00e1 un gasto extra para las empresas.<\/li>\n<li class=\"bodyList__item\">Seg\u00fan recog\u00eda Europa Press, no establece un n\u00famero de d\u00edas concretos, aunque se presupone que ser\u00e1n unos tres d\u00edas, debido a las<strong>\u00a0duraciones generales<\/strong>\u00a0de la regla.<\/li>\n<\/ul>\n<h2 class=\"bodyTitle\">\u00bfQui\u00e9n puede pedirla?<\/h2>\n<p data-mrf-recirculation=\"links-parrafos\">Como dec\u00edamos, el procedimiento para acogerse a este tipo de baja menstrual es sencillo: la trabajadora deber\u00e1 acudir a su m\u00e9dico de cabecera y pedirla por motivo de\u00a0<a href=\"https:\/\/www.elconfidencial.com\/economia\/2023-02-21\/como-pedir-baja-menstruacion-dolorosa-regla_3580062\/\" target=\"_blank\" rel=\"noopener\">menstruaci\u00f3n dolorosa<\/a>.\u00a0<strong>El problema aqu\u00ed radica en los complicados protocolos<\/strong>\u00a0de lo que es una\u00a0<em>menstruaci\u00f3n dolorosa<\/em>, pues se trata de una cosa sumamente subjetiva que, en ocasiones, los m\u00e9dicos suelen relativizar, a no ser que se den casos de endometriosis, ovarios poliqu\u00edsticos o similares.<\/p>\n<p class=\"bodyObject bodyBlockquote\" data-mrf-recirculation=\"links-parrafos\">La ley no establece un n\u00famero de d\u00edas concretos, aunque se presupone que ser\u00e1n unos tres d\u00edas de duraci\u00f3n<\/p>\n<p data-mrf-recirculation=\"links-parrafos\">Seg\u00fan fuentes del propio Gobierno,<strong>\u00a0no se trata de dolores normales<\/strong>, sino que vienen acompa\u00f1ados de otros s\u00edntomas como fiebres o diarreas. Es decir, que una menstruaci\u00f3n incapacitante se deber\u00eda a una dismenorrea generada \u00abpor una patolog\u00eda previamente diagnosticada\u00bb.<\/p>\n<div class=\"innerArticle__content newsType\">\n<div class=\"newsType__content news-body-complete \">\n<p data-mrf-recirculation=\"links-parrafos\">Lo habitual ser\u00e1 que<strong>\u00a0las mujeres presenten un historial m\u00e9dico para que el m\u00e9dico pueda decidir<\/strong>\u00a0si el dolor\u00a0<a href=\"https:\/\/www.elconfidencial.com\/espana\/cataluna\/2023-03-07\/generalitat-productos-menstruacion-regla-gratis_3588260\/\" target=\"_blank\" rel=\"noopener\">es incapacitante\u00a0<\/a>y cu\u00e1ntos d\u00edas de baja se necesitar\u00e1 por el mismo. Tambi\u00e9n podr\u00e1 conceder un permiso con validez anual que deber\u00e1 ser renovado antes del \u00faltimo d\u00eda de cada a\u00f1o.<\/p>\n<p><span style=\"font-size: 1.0625rem\">Lo habitual ser\u00e1 que las mujeres presenten un historial m\u00e9dico para que el m\u00e9dico pueda decidir si el dolor es incapacitante<\/span><br \/>\n<span style=\"font-size: 1.0625rem\">Seg\u00fan los datos del Ministerio de Inclusi\u00f3n, se producen alrededor de 6.000 incapacidades temporales al a\u00f1o por<\/span><strong style=\"font-size: 1.0625rem\">\u00a0dismenorreas o tensi\u00f3n abdominal\u00a0<\/strong><span style=\"font-size: 1.0625rem\">producida por la menstruaci\u00f3n.<\/span><\/p>\n<p style=\"text-align: center\"><span style=\"font-size: 14pt\"><strong>Para recibir las noticias \u00fanete a nuestro canal de <a href=\"https:\/\/t.me\/cgtlknbizkaia\" target=\"_blank\" rel=\"noopener\">Telegram<\/a><\/strong><\/span><br \/>\n<a href=\"https:\/\/t.me\/cgtlknbizkaia\"><img loading=\"lazy\" decoding=\"async\" class=\"aligncenter wp-image-19213 size-medium\" src=\"https:\/\/www.cgt-lkn.org\/bizkaia\/wp-content\/uploads\/sites\/21\/2020\/04\/Telegram-CGT-LKN-Bizkaia-300x166.jpg\" alt=\"\" width=\"300\" height=\"166\" srcset=\"https:\/\/www.cgt-lkn.org\/bizkaia\/wp-content\/uploads\/sites\/21\/2020\/04\/Telegram-CGT-LKN-Bizkaia-300x166.jpg 300w, https:\/\/www.cgt-lkn.org\/bizkaia\/wp-content\/uploads\/sites\/21\/2020\/04\/Telegram-CGT-LKN-Bizkaia-200x111.jpg 200w, https:\/\/www.cgt-lkn.org\/bizkaia\/wp-content\/uploads\/sites\/21\/2020\/04\/Telegram-CGT-LKN-Bizkaia-400x221.jpg 400w, https:\/\/www.cgt-lkn.org\/bizkaia\/wp-content\/uploads\/sites\/21\/2020\/04\/Telegram-CGT-LKN-Bizkaia.jpg 600w\" sizes=\"auto, (max-width: 300px) 100vw, 300px\" \/><\/a><\/p>\n<p style=\"text-align: center\"><span style=\"font-size: 14pt\"><b>PINCHA <a href=\"https:\/\/www.cgt-lkn.org\/afiliar\/public\/#!\/\">AQU\u00cd<\/a> PARA AFILIARTE<\/b><\/span><\/p>\n<p style=\"text-align: center\"><a href=\"https:\/\/www.cgt-lkn.org\/afiliar\/public\/#!\/\"><img loading=\"lazy\" decoding=\"async\" class=\"alignnone size-medium wp-image-93\" src=\"https:\/\/www.cgt-lkn.org\/bizkaia\/teneco\/files\/2023\/01\/directos-al-corazon-del-sistema-afiliate-cgt.jpg\" alt=\"\" width=\"189\" height=\"267\" \/><\/a><\/p>\n<\/div>\n<div class=\"shareBar innerArticle__shareSection\"><\/div>\n<\/div>\n","protected":false},"excerpt":{"rendered":"<p>Entendemos que esta iniciativa es un primer paso para conseguir que las mujeres no tengamos que acudir a nuestro puesto de trabajo con un dolor incapacitante, y m\u00e1s en un trabajo como el nuestro tan altamente feminizado.<\/p>\n","protected":false},"author":20,"featured_media":23395,"comment_status":"closed","ping_status":"closed","sticky":false,"template":"","format":"standard","meta":{"footnotes":"","_links_to":"","_links_to_target":""},"categories":[29,79,34,46,19,161],"tags":[296,689,346,617,688,687],"class_list":["post-23394","post","type-post","status-publish","format-standard","has-post-thumbnail","hentry","category-asesoria-juridica","category-boletin-juridico","category-economia","category-laboral","category-salud-laboral","category-sectores","tag-bajas","tag-dismenorreas","tag-emakume","tag-it","tag-menstruacion","tag-tension-abdominal"],"publishpress_future_action":{"enabled":false,"date":"2026-05-08 23:43:49","action":"change-status","newStatus":"draft","terms":[],"taxonomy":"category","extraData":[]},"publishpress_future_workflow_manual_trigger":{"enabledWorkflows":[]},"_links":{"self":[{"href":"https:\/\/www.cgt-lkn.org\/bizkaia\/wp-json\/wp\/v2\/posts\/23394","targetHints":{"allow":["GET"]}}],"collection":[{"href":"https:\/\/www.cgt-lkn.org\/bizkaia\/wp-json\/wp\/v2\/posts"}],"about":[{"href":"https:\/\/www.cgt-lkn.org\/bizkaia\/wp-json\/wp\/v2\/types\/post"}],"author":[{"embeddable":true,"href":"https:\/\/www.cgt-lkn.org\/bizkaia\/wp-json\/wp\/v2\/users\/20"}],"replies":[{"embeddable":true,"href":"https:\/\/www.cgt-lkn.org\/bizkaia\/wp-json\/wp\/v2\/comments?post=23394"}],"version-history":[{"count":3,"href":"https:\/\/www.cgt-lkn.org\/bizkaia\/wp-json\/wp\/v2\/posts\/23394\/revisions"}],"predecessor-version":[{"id":24331,"href":"https:\/\/www.cgt-lkn.org\/bizkaia\/wp-json\/wp\/v2\/posts\/23394\/revisions\/24331"}],"wp:featuredmedia":[{"embeddable":true,"href":"https:\/\/www.cgt-lkn.org\/bizkaia\/wp-json\/wp\/v2\/media\/23395"}],"wp:attachment":[{"href":"https:\/\/www.cgt-lkn.org\/bizkaia\/wp-json\/wp\/v2\/media?parent=23394"}],"wp:term":[{"taxonomy":"category","embeddable":true,"href":"https:\/\/www.cgt-lkn.org\/bizkaia\/wp-json\/wp\/v2\/categories?post=23394"},{"taxonomy":"post_tag","embeddable":true,"href":"https:\/\/www.cgt-lkn.org\/bizkaia\/wp-json\/wp\/v2\/tags?post=23394"}],"curies":[{"name":"wp","href":"https:\/\/api.w.org\/{rel}","templated":true}]}}