{"id":23182,"date":"2023-03-23T19:29:01","date_gmt":"2023-03-23T18:29:01","guid":{"rendered":"https:\/\/www.cgt-lkn.org\/bizkaia\/?p=23182"},"modified":"2024-01-30T19:11:21","modified_gmt":"2024-01-30T18:11:21","slug":"inauguracion-liburuteka-germinal-sabado-25-marzo-bilbo","status":"publish","type":"post","link":"https:\/\/www.cgt-lkn.org\/bizkaia\/archivos\/23182","title":{"rendered":"INAUGURACI\u00d3N \u201cLIBURUTEKA GERMINAL\u201d (S\u00c1BADO 25 MARZO, BILBO)"},"content":{"rendered":"<p>l <strong>s\u00e1bado 25 de<\/strong> marzo a las <strong>11:00 de la ma\u00f1ana<\/strong> comenzamos la primera Kafeta del a\u00f1o organizada por la Asociaci\u00f3n Germinal. Estar\u00e1 con nosotros Alfredo Velasco presentando su libro de reciente aparici\u00f3n \u201cContra los dominadores de este mundo tenebroso. Doctrina e historia de los movimientos y autores anarcocristianos\u201d a las 11:30. Seguir\u00e1 un encendido debate.<\/p>\n<p>Adem\u00e1s, se pueden ver los libros\u00a0 y conocer el sistema de pr\u00e9stamo de la biblioteca. Y no s\u00f3lo sesudos tomos sobre memoria libertaria, ciencias sociales cr\u00edticas, literatura, c\u00f3mics, revistas, etc, sino que se podr\u00e1n intercambiar opiniones sobre diversos temas.<\/p>\n<p>Tambi\u00e9n habr\u00e1 m\u00fasica en directo para amenizar a partir de la una del mediod\u00eda.<\/p>\n<p>Habr\u00e1 caf\u00e9 y pastas gratis cortes\u00eda del proyecto.<\/p>\n<p>An\u00edmate y ven a disfrutar de un buen rato en buena compa\u00f1\u00eda.<\/p>\n<p>A las 14 horas cerraremos hasta dentro de dos meses.<\/p>\n<p>Lugar: C\/ Bail\u00e9n Kalea, 7, Bajo. Sede de CGT-LKN(Bilbo)<\/p>\n<p>&nbsp;<\/p>\n","protected":false},"excerpt":{"rendered":"<p>El s\u00e1bado 25 de marzo a las 11:00 de la ma\u00f1ana comenzamos la primera Kafeta del a\u00f1o organizada por la Asociaci\u00f3n Germinal. Estar\u00e1 con nosotros Alfredo Velasco presentando su libro de reciente aparici\u00f3n \u201cContra los dominadores de este mundo tenebroso. Doctrina e historia de los movimientos y autores anarcocristianos\u201d<\/p>\n","protected":false},"author":171,"featured_media":23183,"comment_status":"closed","ping_status":"closed","sticky":false,"template":"","format":"standard","meta":{"footnotes":"","_links_to":"","_links_to_target":""},"categories":[411,146,20,83,15],"tags":[657,422,656,658],"class_list":["post-23182","post","type-post","status-publish","format-standard","has-post-thumbnail","hentry","category-accion-social","category-encuentros-y-jornadas","category-eventos","category-militancia","category-social","tag-biblioteca","tag-cultura","tag-germinal","tag-libruruak"],"publishpress_future_action":{"enabled":false,"date":"2026-05-08 11:07:18","action":"change-status","newStatus":"draft","terms":[],"taxonomy":"category","extraData":[]},"publishpress_future_workflow_manual_trigger":{"enabledWorkflows":[]},"_links":{"self":[{"href":"https:\/\/www.cgt-lkn.org\/bizkaia\/wp-json\/wp\/v2\/posts\/23182","targetHints":{"allow":["GET"]}}],"collection":[{"href":"https:\/\/www.cgt-lkn.org\/bizkaia\/wp-json\/wp\/v2\/posts"}],"about":[{"href":"https:\/\/www.cgt-lkn.org\/bizkaia\/wp-json\/wp\/v2\/types\/post"}],"author":[{"embeddable":true,"href":"https:\/\/www.cgt-lkn.org\/bizkaia\/wp-json\/wp\/v2\/users\/171"}],"replies":[{"embeddable":true,"href":"https:\/\/www.cgt-lkn.org\/bizkaia\/wp-json\/wp\/v2\/comments?post=23182"}],"version-history":[{"count":2,"href":"https:\/\/www.cgt-lkn.org\/bizkaia\/wp-json\/wp\/v2\/posts\/23182\/revisions"}],"predecessor-version":[{"id":23808,"href":"https:\/\/www.cgt-lkn.org\/bizkaia\/wp-json\/wp\/v2\/posts\/23182\/revisions\/23808"}],"wp:featuredmedia":[{"embeddable":true,"href":"https:\/\/www.cgt-lkn.org\/bizkaia\/wp-json\/wp\/v2\/media\/23183"}],"wp:attachment":[{"href":"https:\/\/www.cgt-lkn.org\/bizkaia\/wp-json\/wp\/v2\/media?parent=23182"}],"wp:term":[{"taxonomy":"category","embeddable":true,"href":"https:\/\/www.cgt-lkn.org\/bizkaia\/wp-json\/wp\/v2\/categories?post=23182"},{"taxonomy":"post_tag","embeddable":true,"href":"https:\/\/www.cgt-lkn.org\/bizkaia\/wp-json\/wp\/v2\/tags?post=23182"}],"curies":[{"name":"wp","href":"https:\/\/api.w.org\/{rel}","templated":true}]}}