{"id":23147,"date":"2023-03-01T14:08:48","date_gmt":"2023-03-01T13:08:48","guid":{"rendered":"https:\/\/www.cgt-lkn.org\/bizkaia\/?p=23147"},"modified":"2024-01-30T19:09:36","modified_gmt":"2024-01-30T18:09:36","slug":"los-planes-de-pensiones-de-empleo-no-podran-ser-rechazados-por-las-personas-trabajadoras-por-cuenta-ajena","status":"publish","type":"post","link":"https:\/\/www.cgt-lkn.org\/bizkaia\/archivos\/23147","title":{"rendered":"LOS PLANES DE PENSIONES DE EMPLEO NO PODR\u00c1N SER RECHAZADOS POR LAS PERSONAS TRABAJADORAS POR CUENTA AJENA."},"content":{"rendered":"<p><strong>Los Planes de Pensiones de Empleo ser\u00e1n, en la pr\u00e1ctica, de obligada suscripci\u00f3n para<\/strong> el colectivo de <strong>trabajadores\/as<\/strong> por cuenta ajena. Esto lo sabemos en COESPE por la contestaci\u00f3n oficial del gobierno a una pregunta parlamentaria presentada por el diputado J. Baldov\u00ed, de COMPROM\u00cdS, en las Cortes a iniciativa nuestra.<\/p>\n<p>En s\u00edntesis, pregunt\u00e1bamos c\u00f3mo estaba reglamentado <strong>el poder renunciar individualmente a un Plan de Pensiones de Empleo acordado en Convenio Colectivo<\/strong> y, si dado el caso de la renuncia, el importe mensual no ingresado por la empresa ser\u00eda incorporado en la n\u00f3mina del trabajador\/a. Y esto porque nos alarmaba que en el Reglamento que desarrolla dichos Planes no se recoge ninguno de estos aspectos.<\/p>\n<p>La respuesta gubernamental nos lo ha dejado meridianamente claro. Tanto el poder renunciar (siempre por escrito) al Plan como poder cobrar lo no ingresado por la empresa ha de estar acordado por trabajadores y empresarios en el Convenio Colectivo de referencia que lo haya promovido. Es decir, ser\u00e1 la voluntad de <strong>empresarios y sindicatos m\u00e1s representativos que negocian los Convenios y que est\u00e1n de acuerdo con el desarrollo de estos planes, la que <span style=\"color: #ff0000;\">se impondr\u00e1<\/span> sobre el derecho unipersonal de suscribirlos o no.<\/strong><\/p>\n<p>La consecuencia es evidente: <strong>si el trabajador\/a no puede ingresar<\/strong> en su n\u00f3mina <strong>lo que la empresa deja de aportar al Pla<\/strong>n de Pensiones, <strong>no es libre para decidir suscribirlo<\/strong> o no, porque eso solo beneficiar\u00eda a la empresa y no se incrementar\u00eda su n\u00f3mina. Adem\u00e1s, incluso recogi\u00e9ndose esta posibilidad, deber\u00e1 renunciar por \u201cescrito\u201d. Sin embargo, <strong>lo normal ser\u00eda<\/strong> lo contrario; que, por defecto,<strong> no se le adscribiera y tuviera que solicitar hacerlo<\/strong>. As\u00ed, su decisi\u00f3n personal, se ver\u00e1 condicionada por ser contraria a la voluntad de empresas y sindicatos que han firmado el Convenio.<\/p>\n<p>Conviene recordar que l<strong>os Planes de Pensiones de Empleo, son en realidad Planes de pensiones privados e individualizados,<\/strong> aunque se generen por las aportaciones empresariales, por cuenta del trabajador\/a. <strong>Son un \u201ccaballo de Troya\u201d para el sistema p\u00fablico de pensiones,<\/strong> ya que, si se generalizan, <strong>se reducir\u00e1n los ingresos por cotizaciones<\/strong> debido a descuentos en las cuotas; as\u00ed como <strong>disminuir\u00e1 la recaudaci\u00f3n en el Impuesto de Sociedades e IRPF<\/strong> por los incentivos aplicados a quienes los suscriban.<\/p>\n<p style=\"text-align: center;\"><span style=\"font-size: 14pt;\"><strong>Beneficio para unos cuantos que sufragaremos entre todos y todas<\/strong><\/span>.<\/p>\n<p>Adem\u00e1s, <strong>no est\u00e1n garantizados<\/strong> por el Estado <strong>y han sido un fracaso<\/strong> en pa\u00edses como Reino Unido o Chile. De hecho, en el \u00faltimo a\u00f1o, todos los fondos de pensiones que ya existen en Espa\u00f1a han perdido dinero, una media de casi el 10%, <strong>desplom\u00e1ndose casi un 60%<\/strong>, tras el recorte de sus controvertidos incentivos fiscales.<\/p>\n<p><img loading=\"lazy\" decoding=\"async\" class=\" wp-image-23149 aligncenter\" src=\"https:\/\/www.cgt-lkn.org\/bizkaia\/wp-content\/uploads\/sites\/21\/2023\/03\/pensiones-CGT.jpg\" alt=\"\" width=\"334\" height=\"234\" \/><\/p>\n<p>Lo que piensa y c\u00f3mo act\u00faa el gran empresariado, es conocido: hacer negocio con la gesti\u00f3n y privatizaci\u00f3n de una parte o todo el sistema de pensiones. La gran responsabilidad pr\u00f3xima respecto de la generalizaci\u00f3n de las Pensiones P\u00fablicas de Empleo recaer\u00e1, sin duda, en el gobierno (que puede y debe eliminar beneficios fiscales) y los sindicatos mayoritarios presentes en la negociaci\u00f3n de los Convenios Colectivos. En sus manos est\u00e1 que los trabajadores\/as que no quieran suscribir un Plan de Empleo puedan hacerlo e incorporar a su n\u00f3mina la cuant\u00eda acordada como aportaci\u00f3n.<\/p>\n<p>COESPE ya se ha posicionado en contra de los Planes de Pensiones de Empleo y sus efectos negativos en el Sistema P\u00fablico de Pensiones y ha descubierto c\u00f3mo, en la pr\u00e1ctica, se puede forzar la libre voluntad del trabajador\/a para suscribirlos. Toca mover ficha al gobierno y a los dirigentes sindicales. Es su responsabilidad, y su decisi\u00f3n ser\u00e1 analizada por el conjunto social, los trabajadores\/as y todos los movimientos pensionistas. M\u00e1xime en este a\u00f1o electoral.<\/p>\n<p>COESPE COMISION DE PORTAVOCIA Y DE ORGANIZACI\u00d3N. febrero de 2023.<\/p>\n<p>&nbsp;<\/p>\n<p style=\"text-align: center;\"><span style=\"font-size: 14pt;\">ARTICULO QUE TE PUEDE INTERESAR:<\/span><\/p>\n<p style=\"text-align: center;\"><span style=\"font-size: 14pt;\"><a href=\"https:\/\/www.cgt-lkn.org\/bizkaia\/archivos\/21213\">Los cuentos que nos cuentan sobre el Sistema P\u00fablico de Seguridad Social y de Pensiones\u00bb<\/a><\/span><\/p>\n<p>&nbsp;<\/p>\n<p style=\"text-align: center;\"><span style=\"font-size: 14pt;\"><strong>Para recibir las noticias \u00fanete a nuestro canal de <a href=\"https:\/\/t.me\/cgtlknbizkaia\" target=\"_blank\" rel=\"noopener\">Telegram<\/a><\/strong><\/span><br \/>\n<a href=\"https:\/\/t.me\/cgtlknbizkaia\"><img loading=\"lazy\" decoding=\"async\" class=\"aligncenter wp-image-19213 size-medium\" src=\"https:\/\/www.cgt-lkn.org\/bizkaia\/wp-content\/uploads\/sites\/21\/2020\/04\/Telegram-CGT-LKN-Bizkaia-300x166.jpg\" alt=\"\" width=\"300\" height=\"166\" srcset=\"https:\/\/www.cgt-lkn.org\/bizkaia\/wp-content\/uploads\/sites\/21\/2020\/04\/Telegram-CGT-LKN-Bizkaia-300x166.jpg 300w, https:\/\/www.cgt-lkn.org\/bizkaia\/wp-content\/uploads\/sites\/21\/2020\/04\/Telegram-CGT-LKN-Bizkaia-200x111.jpg 200w, https:\/\/www.cgt-lkn.org\/bizkaia\/wp-content\/uploads\/sites\/21\/2020\/04\/Telegram-CGT-LKN-Bizkaia-400x221.jpg 400w, https:\/\/www.cgt-lkn.org\/bizkaia\/wp-content\/uploads\/sites\/21\/2020\/04\/Telegram-CGT-LKN-Bizkaia.jpg 600w\" sizes=\"auto, (max-width: 300px) 100vw, 300px\" \/><\/a><\/p>\n","protected":false},"excerpt":{"rendered":"<p><span style=\"font-size: 14pt;\"><strong>Beneficio para unos cuantos que sufragaremos entre tod\u24b6s<\/strong><\/span><\/p>\n","protected":false},"author":171,"featured_media":23148,"comment_status":"closed","ping_status":"closed","sticky":false,"template":"","format":"standard","meta":{"footnotes":"","_links_to":"","_links_to_target":""},"categories":[34,46,140,15],"tags":[290,646,645,644,291],"class_list":["post-23147","post","type-post","status-publish","format-standard","has-post-thumbnail","hentry","category-economia","category-laboral","category-pensiones","category-social","tag-ccoo","tag-coespe","tag-plan-de-pensiones-de-empleo","tag-planes-de-pensiones-privados","tag-ugt"],"publishpress_future_action":{"enabled":false,"date":"2026-05-08 09:39:40","action":"change-status","newStatus":"draft","terms":[],"taxonomy":"category","extraData":[]},"publishpress_future_workflow_manual_trigger":{"enabledWorkflows":[]},"_links":{"self":[{"href":"https:\/\/www.cgt-lkn.org\/bizkaia\/wp-json\/wp\/v2\/posts\/23147","targetHints":{"allow":["GET"]}}],"collection":[{"href":"https:\/\/www.cgt-lkn.org\/bizkaia\/wp-json\/wp\/v2\/posts"}],"about":[{"href":"https:\/\/www.cgt-lkn.org\/bizkaia\/wp-json\/wp\/v2\/types\/post"}],"author":[{"embeddable":true,"href":"https:\/\/www.cgt-lkn.org\/bizkaia\/wp-json\/wp\/v2\/users\/171"}],"replies":[{"embeddable":true,"href":"https:\/\/www.cgt-lkn.org\/bizkaia\/wp-json\/wp\/v2\/comments?post=23147"}],"version-history":[{"count":3,"href":"https:\/\/www.cgt-lkn.org\/bizkaia\/wp-json\/wp\/v2\/posts\/23147\/revisions"}],"predecessor-version":[{"id":23152,"href":"https:\/\/www.cgt-lkn.org\/bizkaia\/wp-json\/wp\/v2\/posts\/23147\/revisions\/23152"}],"wp:featuredmedia":[{"embeddable":true,"href":"https:\/\/www.cgt-lkn.org\/bizkaia\/wp-json\/wp\/v2\/media\/23148"}],"wp:attachment":[{"href":"https:\/\/www.cgt-lkn.org\/bizkaia\/wp-json\/wp\/v2\/media?parent=23147"}],"wp:term":[{"taxonomy":"category","embeddable":true,"href":"https:\/\/www.cgt-lkn.org\/bizkaia\/wp-json\/wp\/v2\/categories?post=23147"},{"taxonomy":"post_tag","embeddable":true,"href":"https:\/\/www.cgt-lkn.org\/bizkaia\/wp-json\/wp\/v2\/tags?post=23147"}],"curies":[{"name":"wp","href":"https:\/\/api.w.org\/{rel}","templated":true}]}}