{"id":23143,"date":"2023-03-05T08:18:19","date_gmt":"2023-03-05T07:18:19","guid":{"rendered":"https:\/\/www.cgt-lkn.org\/bizkaia\/?p=23143"},"modified":"2023-07-23T13:17:31","modified_gmt":"2023-07-23T11:17:31","slug":"charla-libro-residencias-sa-el-negocio-de-los-cuidados-en-euskal-herria","status":"publish","type":"post","link":"https:\/\/www.cgt-lkn.org\/bizkaia\/archivos\/23143","title":{"rendered":"CHARLA LIBRO: Residencias SA, El negocio de los cuidados en Euskal Herria"},"content":{"rendered":"<div class=\"row\">\n<div class=\"col col-xs-12 col-sm-12\">\n<div class=\"o-block b-text\">\n<p>&nbsp;<\/p>\n<p style=\"text-align: center\"><span style=\"font-size: 18pt\"><strong>Lunes13 de marzo a las 18:30h en <\/strong><\/span><\/p>\n<p style=\"text-align: center\"><a href=\"https:\/\/goo.gl\/maps\/ikY8GEmNrpPioHEq7\"><span style=\"font-size: 18pt\"><strong><strong class=\"x_ContentPasted0\">ZIRIKA, ERRONDA KALEA 12, BILBO<\/strong><\/strong><\/span><\/a><\/p>\n<p>Con una rentabilidad que roza en algunos casos el 25%, el sector de los cuidados en Euskal Herria ha pasado a estar copado, en poco m\u00e1s de 30 a\u00f1os, por multinacionales sin escr\u00fapulos que gestionan residencias privadas o concertadas con la administraci\u00f3n. As\u00ed, para fondos buitre, brokers u operadores locales, que facturan cada a\u00f1o millones de euros, los \u201cclientes\u201d o \u201cusuarios\u201d son un valor con el que especular y las cuidadoras unas trabajadoras a las que precarizar con el fin de optimizar gastos. Una precarizaci\u00f3n que, en el oasis vasco, ha ido de la mano de privatizaciones espoleadas por intereses cruzados entre la administraci\u00f3n p\u00fablica, responsables de determinados partidos pol\u00edticos y compa\u00f1\u00edas del sector.<\/p>\n<p>El periodista Ahoztar Zelaieta desentra\u00f1a en esta nueva investigaci\u00f3n el qui\u00e9n es qui\u00e9n de estas redes clientelares, destapando, adem\u00e1s, pr\u00e1cticas il\u00edcitas de varias empresas: tratos de favor a residentes, malos tratos, comisiones funerarias, denuncias por falta de personal, falta de transparencia, tasas Covid, cobro de mascarillas\u2026 Y, frente a todo ello, mediante distintos personajes de ficci\u00f3n -aunque reales y reconocibles-, Zelaieta nos introducir\u00e1 en el d\u00eda a d\u00eda de una residencia, abordando la posibilidad de un modelo alternativo al actual y dando voz a cuidadoras y gerocultoras que han defendido en huelgas interminables sus condiciones laborales y la dignidad de las personas a las que cuidan.<\/p>\n<blockquote><p>En las residencias, los ancianos son como tornillos, parte de una cadena de producci\u00f3n<br \/>\n<em>Aris Tom\u00e9, trabajadora de una residencia de Gipuzkoa<\/em><\/p><\/blockquote>\n<blockquote><p>No es solo que si fueran hombres el conflicto laboral de las residencias estar\u00eda resuelto, es que nunca habr\u00eda existido, la inversi\u00f3n privada se interes\u00f3 en el sector bas\u00e1ndose en la financiaci\u00f3n p\u00fablica y en muy bajos salarios<br \/>\n<em>Isabel Otxoa, profesora de Derecho del Trabajo en la UPV, especializada en econom\u00eda de cuidados<\/em><\/p><\/blockquote>\n<blockquote><p>Hay m\u00e1s libertad en la c\u00e1rcel que en muchas residencias<br \/>\n<em>Anna Freixas, geront\u00f3loga feminista, escritora y profesora jubilada de Psicolog\u00eda en la Universidad de C\u00f3rdoba<\/em><\/p><\/blockquote>\n<\/div>\n<\/div>\n<\/div>\n<div class=\"row\">\n<div class=\"col col-xs-12 col-sm-12\">\n<div class=\"o-block b-custom_image\">\n<div>\n<div class=\"\"><img loading=\"lazy\" decoding=\"async\" class=\"alignnone size-full wp-image-23155\" src=\"https:\/\/www.cgt-lkn.org\/bizkaia\/wp-content\/uploads\/sites\/21\/2023\/03\/residencias-f1-3.jpg\" width=\"600\" height=\"314\" title=\"residencias-f1-3.jpg\" srcset=\"https:\/\/www.cgt-lkn.org\/bizkaia\/wp-content\/uploads\/sites\/21\/2023\/03\/residencias-f1-3.jpg 600w, https:\/\/www.cgt-lkn.org\/bizkaia\/wp-content\/uploads\/sites\/21\/2023\/03\/residencias-f1-3-300x157.jpg 300w, https:\/\/www.cgt-lkn.org\/bizkaia\/wp-content\/uploads\/sites\/21\/2023\/03\/residencias-f1-3-585x306.jpg 585w\" sizes=\"auto, (max-width: 600px) 100vw, 600px\" \/><\/div>\n<\/div>\n<\/div>\n<\/div>\n<\/div>\n<div class=\"row\">\n<div class=\"col col-xs-12 col-sm-12\">\n<div class=\"o-block b-products\">\n<div id=\"carousel-8741\" class=\"c-books-cols c-books-cols--cols-2 \">\n<div class=\"b-product-specials__item\">\n<div class=\"b-product-specials__item__header\">\n<div class=\"b-product-specials__item__header__title\">\n<h3><a href=\"https:\/\/www.txalaparta.eus\/es\/libros\/residencias-sa\">Residencias SA<\/a><\/h3>\n<h4><a href=\"https:\/\/www.txalaparta.eus\/es\/libreria\/autores\/ahoztar-zelaieta-zamakona\">AHOZTAR ZELAIETA ZAMAKONA<\/a><\/h4>\n<h5 class=\"b-product-specials__editorial-logo\">Editorial\u00a0<a href=\"https:\/\/www.txalaparta.eus\/es\/editoriales\/txalaparta\">TXALAPARTA<\/a>\u00a0 16,00 \u20ac<\/h5>\n<\/div>\n<\/div>\n<div class=\"b-product-specials__item__bottom\">\n<div class=\"b-product-specials__item__bottom__image c-price-percent-container\"><\/div>\n<div class=\"b-product-specials__item__bottom__text\">\n<div class=\"b-product-specials__item__bottom__text__body\">Con una rentabilidad que roza en algunos casos el 25%, el sector de los cuidados en Euskal Herria ha pasado a estar copado, en poco m\u00e1s de 30 a\u00f1os, por multinacionales sin escr\u00fapulos que gestionan residencias privadas o concertadas con la administraci\u00f3n. As\u00ed, para fondos buitre, brokers u operadores locales, que facturan cada a\u00f1o millones de euros, los \u201cclientes\u201d o \u201cusuarios\u201d son un valor con&#8230;<\/div>\n<div class=\"b-product-specials__item__bottom__text__button\"><span class=\"o-btn-action o-btn-action--xs\" data-add-item=\"9a8e112fc3eabe132649e71d3c8764d9838cecd1\">COMPRAR<\/span><\/div>\n<div class=\"c-product__buy__error\"><\/div>\n<\/div>\n<\/div>\n<\/div>\n<\/div>\n<\/div>\n<\/div>\n<\/div>\n<div class=\"row\">\n<div class=\"col col-xs-12 col-sm-12\">\n<div class=\"o-block b-text\">\n<h3>El autor<\/h3>\n<p><strong>Ahoztar Zelaieta Zamakona (1972, Bilbo).\u00a0<\/strong>Periodista y crimin\u00f3logo, trabaj\u00f3 en el diario\u00a0<em>Egin<\/em>\u00a0y en la revista\u00a0<em>Ardi beltza<\/em>, medios de comunicaci\u00f3n clausurados por el juez Baltasar Garz\u00f3n, as\u00ed como en la revista\u00a0<em>Kalegorria<\/em>. Ha colaborado en programas de radio y documentales. En 2013, public\u00f3 con Txalaparta\u00a0<em>J\u00f3venes Burukides Bizkainos (JoBuBis). Clientelismo y fontaner\u00eda<\/em>. Le seguir\u00edan varios libros editados por la revista\u00a0<em>Hincapi\u00e9<\/em>, que han figurado en las listas de los m\u00e1s vendidos en Euskal Herria:\u00a0<em>La casta vasca, Kutxabank. El saqueo de Euskal Herria, Panam\u00e1 Connections. Evasores y morosos vascos\u00a0<\/em>y<em>\u00a0Euskadi SA<\/em>.\u00a0<em>El gen corrupto del PNV<\/em>. Y entre 2019 y 2020, en Txalaparta de nuevo,\u00a0<em>El narco oasis vasco\u00a0<\/em>y\u00a0<em>Zaldibar zona cero<\/em>. Fue uno de los fundadores de fueralacasta.org, as\u00ed como colaborador de Pepe Rei Elkartea.<\/p>\n<\/div>\n<\/div>\n<\/div>\n","protected":false},"excerpt":{"rendered":"<p><em>Silver economy<\/em>, econom\u00eda de plata (como la edad): as\u00ed es como se conoce actualmente en medios especializados a los negocios basados en el cuidado de las personas de m\u00e1s edad. Un t\u00e9rmino anglosaj\u00f3n que hace referencia a la edad de plata y que esconde en su seno un proceso de privatizaciones sin parang\u00f3n en nuestro pa\u00eds. Arropado por las instituciones, que han abandonado el sector y han decidido concertar plazas con las empresas, una actividad enfocada eminentemente al cuidado de las personas ha pasado en poco m\u00e1s de 30 a\u00f1os a centrarse \u00fanicamente en los balances financieros y en las cuentas de resultados. \u00bfQu\u00e9 ha pasado y c\u00f3mo se ha dado este cambio? \u00bfC\u00f3mo ha repercutido en la calidad del servicio? \u00bfQui\u00e9nes son los responsables pol\u00edticos y qui\u00e9n se ha beneficiado de esta situaci\u00f3n?<\/p>\n<p><span style=\"font-size: 18pt\"><strong>Lunes13 de marzo a las 18:30h en <a href=\"https:\/\/goo.gl\/maps\/t1q1eKPMbAH5ixAUA\">CGT-LKN C\/Bailen n\u00ba 7<\/a><\/strong><\/span><\/p>\n","protected":false},"author":20,"featured_media":23144,"comment_status":"closed","ping_status":"closed","sticky":false,"template":"","format":"standard","meta":{"footnotes":"","_links_to":"","_links_to_target":""},"categories":[126,146,20,35,26,343,15],"tags":[641,640,625,639,642,560,643],"class_list":["post-23143","post","type-post","status-publish","format-standard","has-post-thumbnail","hentry","category-debates","category-encuentros-y-jornadas","category-eventos","category-libros","category-opinion","category-sanidad-sectores","category-social","tag-ahoztar-zelaieta","tag-cuidadoras","tag-cuidados","tag-gerocultoras","tag-la-cara-b-del-tercer-sector","tag-residencias","tag-silver-economy"],"publishpress_future_action":{"enabled":false,"date":"2026-05-07 17:58:46","action":"change-status","newStatus":"draft","terms":[],"taxonomy":"category","extraData":[]},"publishpress_future_workflow_manual_trigger":{"enabledWorkflows":[]},"_links":{"self":[{"href":"https:\/\/www.cgt-lkn.org\/bizkaia\/wp-json\/wp\/v2\/posts\/23143","targetHints":{"allow":["GET"]}}],"collection":[{"href":"https:\/\/www.cgt-lkn.org\/bizkaia\/wp-json\/wp\/v2\/posts"}],"about":[{"href":"https:\/\/www.cgt-lkn.org\/bizkaia\/wp-json\/wp\/v2\/types\/post"}],"author":[{"embeddable":true,"href":"https:\/\/www.cgt-lkn.org\/bizkaia\/wp-json\/wp\/v2\/users\/20"}],"replies":[{"embeddable":true,"href":"https:\/\/www.cgt-lkn.org\/bizkaia\/wp-json\/wp\/v2\/comments?post=23143"}],"version-history":[{"count":3,"href":"https:\/\/www.cgt-lkn.org\/bizkaia\/wp-json\/wp\/v2\/posts\/23143\/revisions"}],"predecessor-version":[{"id":23520,"href":"https:\/\/www.cgt-lkn.org\/bizkaia\/wp-json\/wp\/v2\/posts\/23143\/revisions\/23520"}],"wp:featuredmedia":[{"embeddable":true,"href":"https:\/\/www.cgt-lkn.org\/bizkaia\/wp-json\/wp\/v2\/media\/23144"}],"wp:attachment":[{"href":"https:\/\/www.cgt-lkn.org\/bizkaia\/wp-json\/wp\/v2\/media?parent=23143"}],"wp:term":[{"taxonomy":"category","embeddable":true,"href":"https:\/\/www.cgt-lkn.org\/bizkaia\/wp-json\/wp\/v2\/categories?post=23143"},{"taxonomy":"post_tag","embeddable":true,"href":"https:\/\/www.cgt-lkn.org\/bizkaia\/wp-json\/wp\/v2\/tags?post=23143"}],"curies":[{"name":"wp","href":"https:\/\/api.w.org\/{rel}","templated":true}]}}