{"id":22930,"date":"2022-12-08T17:00:43","date_gmt":"2022-12-08T16:00:43","guid":{"rendered":"https:\/\/www.cgt-lkn.org\/bizkaia\/?p=22930"},"modified":"2023-02-02T08:39:58","modified_gmt":"2023-02-02T07:39:58","slug":"manifestacion-para-recuperar-el-convenio-de-oficinas-y-despachos-de-bizkaia","status":"publish","type":"post","link":"https:\/\/www.cgt-lkn.org\/bizkaia\/archivos\/22930","title":{"rendered":"Manifestaci\u00f3n para recuperar el convenio de  Oficinas y Despachos de Bizkaia"},"content":{"rendered":"<p>Cuando se cumplen 10 a\u00f1os de la congelaci\u00f3n salarial de nuestro convenio oficinas y despachos de Bizkaia y 9 desde que decay\u00f3\u00a0gracias a la reforma laboral del PP, es el momento de reclamar un convenio que termine con esta congelaci\u00f3n indefinida de salarios.<\/p>\n<p><strong>No faltes a esta cita<\/strong><br \/>\nEs importante realizar una demostraci\u00f3n de fuerza en el sector y que salgamos miles de personas a reclamar nuestros derechos. Tanto si te aplican el convenio, como si te aplican alg\u00fan\u00a0convenio estatal, acude a esta manifestaci\u00f3n, si lo recuperas las empresas estar\u00e1n\u00a0obligadas a aplicartelo de nuevo.<\/p>\n<p><strong>Comparte el cartel con tu entorno<\/strong><br \/>\nEs muy importante llegar a la mayor cantidad de gente posible, comparte este cartel con la gente de tu empresa, con tus amistades, vecinos, tus redes sociales,&#8230; Si lo prefieres puedes imprimirlo y ponerlo en alg\u00fan sitio visible.<br \/>\nCualquier gesto que hagamos individualmente logra llegar a muchas personas, tenemos tiempo antes de 22 de diciembre para que toda Bizkaia se entere.<\/p>\n<p><strong>Es hora de que se nos escuche.<\/strong> Es hora de que al segundo sector mas grande Bizkaia se le reconozcan sus derechos. Es hora de que las 30.000 personas que conformamos el sector de Oficinas y Despachos de Bizkaia luchemos por lo que nos pertenece. Es hora de que la patronal, deje de secuestrar nuestro convenio.<\/p>\n<p>Puedes descargar el cartel aqu\u00ed:<a href=\"http:\/\/oficinasenlucha.kobazulo.net\/los_8000_de_oficinas_despachos_de_bizkaia\/Cartel.jpg\">\u00a0Cartel manifestaci\u00f3n 22 de diciembre<\/a><\/p>\n<p>#oficinasydespachos<\/p>\n<p>&nbsp;<\/p>\n<p style=\"text-align: center;\"><span style=\"font-size: 14pt;\"><strong>Para recibir las noticias \u00fanete a nuestro canal de <a href=\"https:\/\/t.me\/cgtlknbizkaia\" target=\"_blank\" rel=\"noopener\">Telegram<\/a><\/strong><\/span><br \/>\n<a href=\"https:\/\/t.me\/cgtlknbizkaia\"><img loading=\"lazy\" decoding=\"async\" class=\"aligncenter wp-image-19213 size-medium\" src=\"https:\/\/www.cgt-lkn.org\/bizkaia\/wp-content\/uploads\/sites\/21\/2020\/04\/Telegram-CGT-LKN-Bizkaia-300x166.jpg\" alt=\"\" width=\"300\" height=\"166\" srcset=\"https:\/\/www.cgt-lkn.org\/bizkaia\/wp-content\/uploads\/sites\/21\/2020\/04\/Telegram-CGT-LKN-Bizkaia-300x166.jpg 300w, https:\/\/www.cgt-lkn.org\/bizkaia\/wp-content\/uploads\/sites\/21\/2020\/04\/Telegram-CGT-LKN-Bizkaia-200x111.jpg 200w, https:\/\/www.cgt-lkn.org\/bizkaia\/wp-content\/uploads\/sites\/21\/2020\/04\/Telegram-CGT-LKN-Bizkaia-400x221.jpg 400w, https:\/\/www.cgt-lkn.org\/bizkaia\/wp-content\/uploads\/sites\/21\/2020\/04\/Telegram-CGT-LKN-Bizkaia.jpg 600w\" sizes=\"auto, (max-width: 300px) 100vw, 300px\" \/><\/a><\/p>\n<h3><\/h3>\n<h3 style=\"text-align: center;\"><a href=\"https:\/\/www.cgt-lkn.org\/afiliar\/public\/#!\/\">AFILIATE<\/a><\/h3>\n<p><a href=\"https:\/\/www.cgt-lkn.org\/afiliar\/public\/#!\/\"><img loading=\"lazy\" decoding=\"async\" class=\"aligncenter wp-image-18246\" src=\"https:\/\/www.cgt-lkn.org\/bizkaia\/wp-content\/uploads\/sites\/21\/2019\/04\/cgt_bbva_GRAF_SIGLAS_CON_SLOGAN_10102013-morado.jpg\" alt=\"\" width=\"484\" height=\"158\" srcset=\"https:\/\/www.cgt-lkn.org\/bizkaia\/wp-content\/uploads\/sites\/21\/2019\/04\/cgt_bbva_GRAF_SIGLAS_CON_SLOGAN_10102013-morado.jpg 600w, https:\/\/www.cgt-lkn.org\/bizkaia\/wp-content\/uploads\/sites\/21\/2019\/04\/cgt_bbva_GRAF_SIGLAS_CON_SLOGAN_10102013-morado-300x98.jpg 300w, https:\/\/www.cgt-lkn.org\/bizkaia\/wp-content\/uploads\/sites\/21\/2019\/04\/cgt_bbva_GRAF_SIGLAS_CON_SLOGAN_10102013-morado-200x65.jpg 200w, https:\/\/www.cgt-lkn.org\/bizkaia\/wp-content\/uploads\/sites\/21\/2019\/04\/cgt_bbva_GRAF_SIGLAS_CON_SLOGAN_10102013-morado-400x130.jpg 400w\" sizes=\"auto, (max-width: 484px) 100vw, 484px\" \/><\/a><\/p>\n<p>&nbsp;<\/p>\n","protected":false},"excerpt":{"rendered":"<p>Despu\u00e9s de mucho tiempo por fin vamos a tener una oportunidad para reclamar nuestro convenio en la calle. Los sindicatos ELA, CCOO, LAB, UGT y CGT llaman a todas las personas del sector a una gran manifestaci\u00f3n en Bilbao el pr\u00f3ximo d\u00eda <strong>22 de diciembre a las 19:00. La manifestaci\u00f3n saldr\u00e1 desde la plaza Moyua,<\/strong> recorrer\u00e1 la Gran V\u00eda y finalizar\u00e1 en la plaza del Arriaga.<\/p>\n","protected":false},"author":57,"featured_media":22931,"comment_status":"closed","ping_status":"closed","sticky":false,"template":"","format":"standard","meta":{"footnotes":"","_links_to":"","_links_to_target":""},"categories":[334,54,99,34,8,162],"tags":[112,602],"class_list":["post-22930","post","type-post","status-publish","format-standard","has-post-thumbnail","hentry","category-accion-sindical-agitacion","category-bilbao","category-comunicados","category-economia","category-movilizaciones","category-oficinas-y-despachos","tag-movilizaciones","tag-oficinas-y-despachos"],"publishpress_future_action":{"enabled":false,"date":"2026-05-08 16:27:13","action":"change-status","newStatus":"draft","terms":[],"taxonomy":"category","extraData":[]},"publishpress_future_workflow_manual_trigger":{"enabledWorkflows":[]},"_links":{"self":[{"href":"https:\/\/www.cgt-lkn.org\/bizkaia\/wp-json\/wp\/v2\/posts\/22930","targetHints":{"allow":["GET"]}}],"collection":[{"href":"https:\/\/www.cgt-lkn.org\/bizkaia\/wp-json\/wp\/v2\/posts"}],"about":[{"href":"https:\/\/www.cgt-lkn.org\/bizkaia\/wp-json\/wp\/v2\/types\/post"}],"author":[{"embeddable":true,"href":"https:\/\/www.cgt-lkn.org\/bizkaia\/wp-json\/wp\/v2\/users\/57"}],"replies":[{"embeddable":true,"href":"https:\/\/www.cgt-lkn.org\/bizkaia\/wp-json\/wp\/v2\/comments?post=22930"}],"version-history":[{"count":2,"href":"https:\/\/www.cgt-lkn.org\/bizkaia\/wp-json\/wp\/v2\/posts\/22930\/revisions"}],"predecessor-version":[{"id":22933,"href":"https:\/\/www.cgt-lkn.org\/bizkaia\/wp-json\/wp\/v2\/posts\/22930\/revisions\/22933"}],"wp:featuredmedia":[{"embeddable":true,"href":"https:\/\/www.cgt-lkn.org\/bizkaia\/wp-json\/wp\/v2\/media\/22931"}],"wp:attachment":[{"href":"https:\/\/www.cgt-lkn.org\/bizkaia\/wp-json\/wp\/v2\/media?parent=22930"}],"wp:term":[{"taxonomy":"category","embeddable":true,"href":"https:\/\/www.cgt-lkn.org\/bizkaia\/wp-json\/wp\/v2\/categories?post=22930"},{"taxonomy":"post_tag","embeddable":true,"href":"https:\/\/www.cgt-lkn.org\/bizkaia\/wp-json\/wp\/v2\/tags?post=22930"}],"curies":[{"name":"wp","href":"https:\/\/api.w.org\/{rel}","templated":true}]}}