{"id":22723,"date":"2022-09-19T12:00:37","date_gmt":"2022-09-19T10:00:37","guid":{"rendered":"https:\/\/www.cgt-lkn.org\/bizkaia\/?p=22723"},"modified":"2022-10-16T16:35:05","modified_gmt":"2022-10-16T14:35:05","slug":"cgest%e2%93%90mp-no-65-eventuales","status":"publish","type":"post","link":"https:\/\/www.cgt-lkn.org\/bizkaia\/archivos\/22723","title":{"rendered":"CGesT\u24b6mp N\u00ba 65 eventuales"},"content":{"rendered":"<p style=\"text-align: center\"><span style=\"font-size: 14pt\"><strong><a href=\"https:\/\/www.cgt-lkn.org\/bizkaia\/gestamp\/files\/2022\/09\/CGesTamp-N-65-eventuales-Septiembre-2022.pdf\"><span style=\"color: #000000\">Leer\u00a0<\/span>CGesT\u24b6mp N 65 eventuales Septiembre 2022<\/a>\u00a0PDF<\/strong><\/span><\/p>\n<p>&nbsp;<\/p>\n<p>Otro verano ardiente ha pasado en Gestamp Bizkaia y los calores han hecho mella en una plantilla que tras la vuelta de vacaciones se incorpora a la rutina de siempre. Pero para una gran parte de la plantilla sus vacaciones han sido un: \u201cfiniquito y te incorporas tal d\u00eda\u201d. Agosto sin contrato, pero sabiendo que vas a volver se considera un gran avance\u2026 triste resignaci\u00f3n la de la clase precarizada de hoy en d\u00eda. A la vuelta, en septiembre, 1 mes de contrato y despu\u00e9s ya se ver\u00e1\u2026<\/p>\n<p>Todas las personas que trabajamos en Gestamp Bizkaia sabemos lo que es ser eventual.\u00a0<b>Llevamos d\u00e9cadas con esta pol\u00edtica precaria\u00a0<\/b>de la empresa, viendo como compa\u00f1eros y compa\u00f1eras entran y salen cada dos por tres. Desde el comit\u00e9 esta circunstancia se ha paliado haciendo fijos con la firma de alg\u00fan convenio o incluyendo, en su d\u00eda, el art\u00edculo por el que la eventualidad como m\u00e1ximo nunca puede superar el 10% de la plantilla.<\/p>\n<p>Desde CGT-LKN\u00a0<b>estamos hartos\u00a0<\/b>de que se usen a las personas eventuales como moneda de cambio en negociaciones y\u00a0<b>exigimos que se cumpla la legalidad,<\/b>\u00a0cosa que nunca se ha hecho, en lo que respecta a cubrir puestos de trabajo fijos con personal eventual. Desde antes de la aprobaci\u00f3n de la \u00faltima reforma laboral (por no decir siempre) es ilegal que en un puesto de trabajo fijo donde siempre es necesaria una misma persona para funciones habituales est\u00e9 cubierto por una sucesi\u00f3n de diferentes personas con contratos eventuales, esto en Gestamp Bizkaia, todo el mundo lo vemos, es la norma. Los contratos eventuales solamente son para carga de trabajo eventual.<\/p>\n<p>A CGT-LKN\u00a0<b>tampoco nos gusta que se meta miedo en la plantilla\u00a0<\/b>diciendo que si no hay eventuales cuando baje el trabajo los fijos iremos a la calle. No se ha dado el caso, y si llega es evidente que para eso la empresa usar\u00e1 indiscriminadamente\u00a0 los ERTEs como se ha visto.<\/p>\n<p>Realmente\u00a0<b>lo \u00fanico que evita ir al paro es la carga de trabajo.<\/b><\/p>\n<p>Vemos como en la sociedad aumenta la cantidad de contratos indefinidos, pero en Gestanca siempre vamos con retraso y las personas eventuales\u2026 quemad\u00edsimas. El porcentaje de eventuales de Gestamp Bizkaia en el d\u00eda a d\u00eda, por no decir siempre,\u00a0<b>supera el 10% de forma habitual\u00a0<\/b>que es el m\u00e1ximo acordado en nuestro convenio que se incumple sistem\u00e1ticamente. Cuando nuestros clientes est\u00e1n produciendo, aunque lo hagan a medio gas, m\u00e1s del 15% de la plantilla es eventual, es decir, este % no es algo vinculado al periodo vacacional.<\/p>\n<p>Debido a la precaria situaci\u00f3n en la que vemos a compa\u00f1eros y compa\u00f1eras eventuales en Gestamp Bizkaia CGT-LKN\u00a0<b>presentamos denuncia\u00a0<\/b>ante inspecci\u00f3n de trabajo en marzo 2021 tras un gran trabajo de recopilaci\u00f3n de informaci\u00f3n de casi 2 a\u00f1os donde recopilamos todos los contratos eventuales desde el 2015 hasta la actualidad relacion\u00e1ndolos con los puestos de trabajo cubiertos por esas mismas personas, al mismo tiempo se denunci\u00f3 que en Gestamp Bizkaia no se cumple el 10%, siempre son m\u00e1s.\u00a0<b>Inspecci\u00f3n no se quiso mojar en el fondo\u00a0<\/b>del primer argumento y se limit\u00f3 a imponer una sanci\u00f3n econ\u00f3mica a la empresa por el incumplimiento del segundo que fue eliminada tras un recurso y sin conseguir, lamentablemente, ning\u00fan contrato fijo.<\/p>\n<p>Pero CGT-LKN\u00a0<b>no nos damos por vencidos\u00a0<\/b>y no pararemos hasta que esta injusticia desaparezca en Gestamp, por eso\u00a0<b>hemos vuelto a presentar otra denuncia a inspecci\u00f3n<\/b>\u00a0en mayo de la que daremos cumplida informaci\u00f3n.<\/p>\n<p>Acord\u00e1ndonos de todas las personas eventuales perjudicadas durante todo este tiempo lamentamos esta injusticia.<\/p>\n<p>Reiterar que el criterio de CGT-LKN en el orden de hacer contratos fijos siempre ha sido y ser\u00e1 POR ANTIG\u00dcEDAD ACUMULADA en la empresa puesto que es el m\u00e1s justo e imparcial y que muestra el verdadero aprecio o necesidad que la empresa tiene a cada persona trabajadora.<\/p>\n<p style=\"text-align: center\"><span style=\"font-size: 14pt\"><strong><a href=\"https:\/\/www.cgt-lkn.org\/bizkaia\/gestamp\/files\/2022\/09\/CGesTamp-N-65-eventuales-Septiembre-2022.pdf\"><span style=\"color: #000000\">Leer<\/span> CGesT\u24b6mp N 65 eventuales Septiembre 2022<\/a>\u00a0PDF<\/strong><\/span><\/p>\n<p>&nbsp;<\/p>\n<p style=\"text-align: center\"><span style=\"font-size: 14pt\"><strong>Para recibir las noticias \u00fanete a nuestro canal de <a href=\"https:\/\/t.me\/cgtlknbizkaia\" target=\"_blank\" rel=\"noopener\">Telegram<\/a><\/strong><\/span><br \/>\n<a href=\"https:\/\/t.me\/cgtlknbizkaia\"><img loading=\"lazy\" decoding=\"async\" class=\"aligncenter wp-image-19213 size-medium\" src=\"https:\/\/www.cgt-lkn.org\/bizkaia\/wp-content\/uploads\/sites\/21\/2020\/04\/Telegram-CGT-LKN-Bizkaia-300x166.jpg\" alt=\"\" width=\"300\" height=\"166\" srcset=\"https:\/\/www.cgt-lkn.org\/bizkaia\/wp-content\/uploads\/sites\/21\/2020\/04\/Telegram-CGT-LKN-Bizkaia-300x166.jpg 300w, https:\/\/www.cgt-lkn.org\/bizkaia\/wp-content\/uploads\/sites\/21\/2020\/04\/Telegram-CGT-LKN-Bizkaia-200x111.jpg 200w, https:\/\/www.cgt-lkn.org\/bizkaia\/wp-content\/uploads\/sites\/21\/2020\/04\/Telegram-CGT-LKN-Bizkaia-400x221.jpg 400w, https:\/\/www.cgt-lkn.org\/bizkaia\/wp-content\/uploads\/sites\/21\/2020\/04\/Telegram-CGT-LKN-Bizkaia.jpg 600w\" sizes=\"auto, (max-width: 300px) 100vw, 300px\" \/><\/a><\/p>\n<h3><\/h3>\n<h3><\/h3>\n<h3 style=\"text-align: center\"><a href=\"https:\/\/www.cgt-lkn.org\/afiliar\/public\/#!\/\">AFILIATE<\/a><\/h3>\n<p><a href=\"https:\/\/www.cgt-lkn.org\/afiliar\/public\/#!\/\"><img loading=\"lazy\" decoding=\"async\" class=\"aligncenter wp-image-18246\" src=\"https:\/\/www.cgt-lkn.org\/bizkaia\/wp-content\/uploads\/sites\/21\/2019\/04\/cgt_bbva_GRAF_SIGLAS_CON_SLOGAN_10102013-morado.jpg\" alt=\"\" width=\"484\" height=\"158\" srcset=\"https:\/\/www.cgt-lkn.org\/bizkaia\/wp-content\/uploads\/sites\/21\/2019\/04\/cgt_bbva_GRAF_SIGLAS_CON_SLOGAN_10102013-morado.jpg 600w, https:\/\/www.cgt-lkn.org\/bizkaia\/wp-content\/uploads\/sites\/21\/2019\/04\/cgt_bbva_GRAF_SIGLAS_CON_SLOGAN_10102013-morado-300x98.jpg 300w, https:\/\/www.cgt-lkn.org\/bizkaia\/wp-content\/uploads\/sites\/21\/2019\/04\/cgt_bbva_GRAF_SIGLAS_CON_SLOGAN_10102013-morado-200x65.jpg 200w, https:\/\/www.cgt-lkn.org\/bizkaia\/wp-content\/uploads\/sites\/21\/2019\/04\/cgt_bbva_GRAF_SIGLAS_CON_SLOGAN_10102013-morado-400x130.jpg 400w\" sizes=\"auto, (max-width: 484px) 100vw, 484px\" \/><\/a><\/p>\n<p>&nbsp;<\/p>\n","protected":false},"excerpt":{"rendered":"<p>Debido a la precaria situaci\u00f3n en la que vemos a compa\u00f1eros y compa\u00f1eras eventuales en Gestamp Bizkaia CGT-LKN\u00a0<b>presentamos denuncia\u00a0<\/b>ante inspecci\u00f3n de trabajo.<\/p>\n","protected":false},"author":6,"featured_media":22724,"comment_status":"closed","ping_status":"closed","sticky":false,"template":"","format":"standard","meta":{"footnotes":"","_links_to":"","_links_to_target":""},"categories":[206,86,89,46,163,83],"tags":[257,259,218,264,256],"class_list":["post-22723","post","type-post","status-publish","format-standard","has-post-thumbnail","hentry","category-accion-sindical","category-boletines","category-gestamp-bizkaia","category-laboral","category-metal","category-militancia","tag-cgest-mp","tag-gestamp-bizkaia","tag-metal","tag-precariedad","tag-publicaciones"],"publishpress_future_action":{"enabled":false,"date":"2026-05-07 16:58:51","action":"change-status","newStatus":"draft","terms":[],"taxonomy":"category","extraData":[]},"publishpress_future_workflow_manual_trigger":{"enabledWorkflows":[]},"_links":{"self":[{"href":"https:\/\/www.cgt-lkn.org\/bizkaia\/wp-json\/wp\/v2\/posts\/22723","targetHints":{"allow":["GET"]}}],"collection":[{"href":"https:\/\/www.cgt-lkn.org\/bizkaia\/wp-json\/wp\/v2\/posts"}],"about":[{"href":"https:\/\/www.cgt-lkn.org\/bizkaia\/wp-json\/wp\/v2\/types\/post"}],"author":[{"embeddable":true,"href":"https:\/\/www.cgt-lkn.org\/bizkaia\/wp-json\/wp\/v2\/users\/6"}],"replies":[{"embeddable":true,"href":"https:\/\/www.cgt-lkn.org\/bizkaia\/wp-json\/wp\/v2\/comments?post=22723"}],"version-history":[{"count":2,"href":"https:\/\/www.cgt-lkn.org\/bizkaia\/wp-json\/wp\/v2\/posts\/22723\/revisions"}],"predecessor-version":[{"id":22726,"href":"https:\/\/www.cgt-lkn.org\/bizkaia\/wp-json\/wp\/v2\/posts\/22723\/revisions\/22726"}],"wp:featuredmedia":[{"embeddable":true,"href":"https:\/\/www.cgt-lkn.org\/bizkaia\/wp-json\/wp\/v2\/media\/22724"}],"wp:attachment":[{"href":"https:\/\/www.cgt-lkn.org\/bizkaia\/wp-json\/wp\/v2\/media?parent=22723"}],"wp:term":[{"taxonomy":"category","embeddable":true,"href":"https:\/\/www.cgt-lkn.org\/bizkaia\/wp-json\/wp\/v2\/categories?post=22723"},{"taxonomy":"post_tag","embeddable":true,"href":"https:\/\/www.cgt-lkn.org\/bizkaia\/wp-json\/wp\/v2\/tags?post=22723"}],"curies":[{"name":"wp","href":"https:\/\/api.w.org\/{rel}","templated":true}]}}