{"id":22613,"date":"2022-07-04T16:13:44","date_gmt":"2022-07-04T14:13:44","guid":{"rendered":"https:\/\/www.cgt-lkn.org\/bizkaia\/?p=22613"},"modified":"2022-07-04T16:13:44","modified_gmt":"2022-07-04T14:13:44","slug":"valencia-dara-5-500-euros-por-trabajador-a-las-empresas-que-implanten-la-jornada-laboral-de-4-dias-y-mantengan-salarios","status":"publish","type":"post","link":"https:\/\/www.cgt-lkn.org\/bizkaia\/archivos\/22613","title":{"rendered":"Valencia dar\u00e1 5.500 euros por trabajador a las empresas que implanten la jornada laboral de 4 d\u00edas y mantengan salarios"},"content":{"rendered":"<p>Fuente: https:\/\/www.elespanol.com\/invertia\/20220701\/valencia-publica-primeras-ayudas-espana-trabajar-trabajador\/684181801_0.html<\/p>\n<p id=\"paragraph_1\">\u00bfEs posible\u00a0<a href=\"https:\/\/www.elespanol.com\/invertia\/economia\/empleo\/20210619\/posible-jornada-espana-admitirian-no-empresas-implantarla\/589942346_0.html\">trabajar cuatro d\u00edas<\/a>\u00a0a la semana por el mismo sueldo?\u00a0<a href=\"https:\/\/www.elespanol.com\/espana\/comunidad-valenciana\/\">Valencia<\/a>\u00a0fue el primer territorio de Espa\u00f1a que se hizo esta pregunta y tambi\u00e9n ha sido la primera autonom\u00eda en adelantarse y publicar un<strong>\u00a0programa de ayudas directas<\/strong>\u00a0para\u00a0la reducci\u00f3n de la jornada laboral a cuatro d\u00edas o treinta y dos horas semanales.<\/p>\n<p id=\"paragraph_2\">La primera condici\u00f3n que establece el Gobierno auton\u00f3mico para acceder a la l\u00ednea de cr\u00e9dito es que las empresas interesadas tengan ubicado su centro de trabajo en territorio valenciano.<\/p>\n<p id=\"paragraph_3\">La Generalitat conceder\u00e1 las subvenciones por los trabajadores que, como consecuencia de la adopci\u00f3n de medidas de racionalizaci\u00f3n de la jornada laboral, vean reducido su trabajo\u00a0<strong>a tiempo completo en al menos el 20%<\/strong>. Todo, sin tocar ni un solo c\u00e9ntimo del salario.<\/p>\n<p id=\"paragraph_4\" data-gtm-vis-recent-on-screen-1664348_107=\"84831\" data-gtm-vis-first-on-screen-1664348_107=\"84831\" data-gtm-vis-total-visible-time-1664348_107=\"100\" data-gtm-vis-has-fired-1664348_107=\"1\" data-gtm-vis-recent-on-screen-1664348_111=\"84832\" data-gtm-vis-first-on-screen-1664348_111=\"84832\" data-gtm-vis-total-visible-time-1664348_111=\"100\" data-gtm-vis-has-fired-1664348_111=\"1\"><em><a href=\"https:\/\/www.elespanol.com\/invertia\/economia\/empleo\/20210619\/posible-jornada-espana-admitirian-no-empresas-implantarla\/589942346_0.html\">[\u00bfEs posible la jornada laboral de cuatro d\u00edas en Espa\u00f1a? Qu\u00e9 admitir\u00edan y qu\u00e9 no las empresas para implantarla]<\/a><\/em><\/p>\n<p id=\"paragraph_5\">Por el primer a\u00f1o completo de aplicaci\u00f3n del programa se ha fijado una subvenci\u00f3n de\u00a0<strong>5.492,19 euros por cada persona trabajadora<\/strong>\u00a0incorporada al plan de reducci\u00f3n de la jornada laboral que deber\u00e1 aprobar la empresa. A partir del segundo a\u00f1o, se establece una subvenci\u00f3n de\u00a0<strong>2.746,10 euros<\/strong>\u00a0por trabajador y de\u00a0<strong>1.373 euros<\/strong>\u00a0para el tercer a\u00f1o.<\/p>\n<p id=\"paragraph_6\">Teniendo en cuenta la duraci\u00f3n m\u00e1xima del programa (<strong>3 a\u00f1os<\/strong>), el importe total m\u00e1ximo de la subvenci\u00f3n que podr\u00e1 percibir la empresa beneficiaria ser\u00e1, por cada trabajador adscrito al plan, de\u00a0<strong>9.611 euros<\/strong>. La convocatoria, publicada este jueves, establece como importe m\u00e1ximo por empresa la cantidad\u00a0<strong>200.000 euros<\/strong>\u00a0por el plan establecido a tres a\u00f1os.<\/p>\n<p id=\"paragraph_7\" data-gtm-vis-recent-on-screen-1664348_109=\"87657\" data-gtm-vis-first-on-screen-1664348_109=\"87657\" data-gtm-vis-total-visible-time-1664348_109=\"100\" data-gtm-vis-has-fired-1664348_109=\"1\">Adem\u00e1s, el\u00a0compromiso empresarial de la reducci\u00f3n de la jornada ordinaria afectar\u00e1 a un n\u00famero concreto de trabajadores en funci\u00f3n del volumen de la plantilla.<\/p>\n<p>As\u00ed, en empresas de menos de 10 personas, el plan deber\u00e1 afectar\u00a0<strong>obligatoriamente al 30 % de la plantilla<\/strong>, al igual que en las que sumen hasta 49 trabajadores. En las empresas con una plantilla de m\u00e1s de 50 trabajadores se establece una cuota obligatoria del 20%.<\/p>\n<h3 class=\"content__summary-title\">Apoyo y acompa\u00f1amiento<\/h3>\n<p id=\"paragraph_8\">El Diario Oficial de la Generalitat Valenciana ha publicado este jueves la orden del conseller de Econom\u00eda,\u00a0<strong>Rafael Climent<\/strong>\u00a0(Comprom\u00eds), con las bases del programa. Antes de que finalice el a\u00f1o se espera que las subvenciones ya est\u00e9n adjudicadas, seg\u00fan confirmaron a EL ESPA\u00d1OL-Invertia fuentes de la conselleria.<\/p>\n<p id=\"paragraph_9\">Las empresas son conscientes de las ventajas de una semana m\u00e1s corta con la que se pueda conciliar, pero siempre que no repercuta en los costes.<\/p>\n<p id=\"paragraph_10\">Valencia\u00a0fue sede de una cumbre sobre la\u00a0semana\u00a0laboral de\u00a04 d\u00edas y se ha adelantado a la l\u00ednea de ayudas anunciada por el Gobierno en 2021. El\u00a0<strong>Plan 2050<\/strong>\u00a0de Pedro S\u00e1nchez\u00a0<a href=\"https:\/\/www.elespanol.com\/invertia\/economia\/macroeconomia\/20210520\/plan-pretende-reducir-tasa-jornada-horas-semanales\/582692571_0.html\">incluy\u00f3 la idea de reducir la jornada laboral desde las 40 a 35 horas<\/a>, pero en este proyecto no se explic\u00f3 c\u00f3mo se va a llegar a ello o qui\u00e9n va a financiarlo.<\/p>\n<p id=\"paragraph_11\">La propuesta que desarrolla ahora Valencia se plantea como \u00abun paquete de medidas proactivas, de apoyo y acompa\u00f1amiento a medio y largo plazo a aquellas empresas que voluntariamente decidan avanzar en este sentido\u00bb.<\/p>\n<p id=\"paragraph_12\">No se trata pues, puntualizan desde la conselleria, \u00abde una medida que pretenda ser universalmente implantada por decreto, sin atender a las particularidades, se trata m\u00e1s bien de<strong>\u00a0generar los incentivos adecuados para propiciar el inicio de un c\u00edrculo virtuoso<\/strong>\u00a0que haga posible un desarrollo econ\u00f3mico m\u00e1s sostenible y la creaci\u00f3n de empleo de calidad\u00bb.<\/p>\n<h3 class=\"content__summary-title\">Jornada laboral efectiva<\/h3>\n<p id=\"paragraph_13\">\u00abPensamos que las medidas de apoyo a la reducci\u00f3n de la jornada laboral de 4 d\u00edas pueden compatibilizar la necesidad de sostener el empleo, al mismo tiempo que se mejora la productividad y se persigue un objetivo m\u00e1s ambicioso a medio y largo plazo: la\u00a0<strong>transformaci\u00f3n del modelo productivo<\/strong>\u00a0y la mejora de las condiciones de vida de la poblaci\u00f3n\u00bb, defienden desde la conselleria.<\/p>\n<p id=\"paragraph_14\">La econom\u00eda espa\u00f1ola se encuentra a la cabeza de los pa\u00edses de la OCDE en cuanto a longitud efectiva de su jornada laboral, mientras que las m\u00e1s din\u00e1micas trabajan menos horas y adem\u00e1s son m\u00e1s productivas.<\/p>\n<p id=\"paragraph_15\">En Espa\u00f1a, se han desarrollado experiencias pilotos en las empresas\u00a0<strong>Zataca Systems<\/strong>\u00a0(Elche),\u00a0<strong>Software del Sol<\/strong>\u00a0(Ja\u00e9n),\u00a0<strong>La Francachela<\/strong>\u00a0(Madrid) o\u00a0<strong>Bandsummit<\/strong>\u00a0(Valencia), seg\u00fan la Conselleria de Econom\u00eda. Y esta\u00a0medida \u00abse ha mostrado efectiva para mejorar la motivaci\u00f3n, la fidelidad y la productividad de los trabajadores y trabajadoras en las empresas\u00bb.<\/p>\n<p id=\"paragraph_16\">Adem\u00e1s, el Gobierno valenciano defiende que en muchos sectores est\u00e1 actuando como elemento competitivo para conseguir atraer mano de obra altamente calificada a las empresas, sobre todo al\u00a0<strong>sector tecnol\u00f3gico<\/strong>.\u00a0Se espera que la medida tambi\u00e9n pueda\u00a0reducir el consumo energ\u00e9tico de las empresas, concentrando su producci\u00f3n en jornadas m\u00e1s cortas y m\u00e1s eficientes.<\/p>\n<p id=\"paragraph_17\">La intenci\u00f3n es proponer m\u00e1s adelante un programa \u00abm\u00e1s amplio que recoger\u00e1 toda una bater\u00eda de medidas de\u00a0orientaci\u00f3n a las empresas, de formaci\u00f3n en materia de innovaci\u00f3n organizativa y de ayudas para nuevas contrataciones\u00bb.<\/p>\n<p id=\"paragraph_18\">\u00bfC\u00f3mo se deber\u00eda de seguir financiando la iniciativa sin incrementar la deuda p\u00fablica o el d\u00e9ficit? La propuesta valenciana recoge la posibilidad de \u00abdetraer recursos de pol\u00edticas de empleo menos efectivas, como las ayudas a la\u00a0<strong>contrataci\u00f3n gen\u00e9ricas<\/strong>, o de mecanismos de apoyo al empleo que sean a fondo perdido\u00bb.<\/p>\n<h3 class=\"content__summary-title\">\u00bfViable en hosteler\u00eda?<\/h3>\n<p id=\"paragraph_19\">Las condiciones para poder desarrollarla con \u00e9xito la propuesta son muy diferentes seg\u00fan el sector de actividad.\u00a0Aquellos sectores con mejores condiciones de partida y con\u00a0<strong>mayores posibilidades para incorporar innovaci\u00f3n y tecnolog\u00eda en sus procesos productivos\u00a0<\/strong>son los que lo tienen m\u00e1s f\u00e1cil, explican desde la Generalitat.<\/p>\n<p id=\"paragraph_20\">En \u00e1mbitos como la hosteler\u00eda y el turismo, con un peso important\u00edsimo en la econom\u00eda valenciana, existe una complejidad adicional que se estudiar\u00e1 de una manera espec\u00edfica.<\/p>\n<p id=\"paragraph_21\">No obstante, la conselleria explica que existen experiencias de \u00e9xito en este sentido, \u00abque a trav\u00e9s de la incorporaci\u00f3n de tecnolog\u00eda y de una gesti\u00f3n m\u00e1s eficiente han conseguido incrementar su productividad, como es el caso de\u00a0La Francachela\u00bb.<\/p>\n<h3 class=\"follow-topics-title\"><\/h3>\n","protected":false},"excerpt":{"rendered":"<p>Valencia\u00a0fue sede de una cumbre sobre la\u00a0semana\u00a0laboral de\u00a04 d\u00edas y se ha adelantado a la l\u00ednea de ayudas anunciada por el Gobierno en 2021. El\u00a0<strong>Plan 2050<\/strong>\u00a0de Pedro S\u00e1nchez\u00a0<a href=\"https:\/\/www.elespanol.com\/invertia\/economia\/macroeconomia\/20210520\/plan-pretende-reducir-tasa-jornada-horas-semanales\/582692571_0.html\">incluy\u00f3 la idea de reducir la jornada laboral desde las 40 a 35 horas<\/a>, pero en este proyecto no se explic\u00f3 c\u00f3mo se va a llegar a ello o qui\u00e9n va a financiarlo.<\/p>\n","protected":false},"author":57,"featured_media":22124,"comment_status":"closed","ping_status":"closed","sticky":false,"template":"","format":"standard","meta":{"footnotes":"","_links_to":"","_links_to_target":""},"categories":[4,34,537,536,15],"tags":[114,385,280],"class_list":["post-22613","post","type-post","status-publish","format-standard","has-post-thumbnail","hentry","category-crisis","category-economia","category-noticias-reparto-del-trabajo","category-reparto-del-trabjao","category-social","tag-economia","tag-noticias","tag-reparto-trabajo"],"publishpress_future_action":{"enabled":false,"date":"2026-05-08 02:16:13","action":"change-status","newStatus":"draft","terms":[],"taxonomy":"category","extraData":[]},"publishpress_future_workflow_manual_trigger":{"enabledWorkflows":[]},"_links":{"self":[{"href":"https:\/\/www.cgt-lkn.org\/bizkaia\/wp-json\/wp\/v2\/posts\/22613","targetHints":{"allow":["GET"]}}],"collection":[{"href":"https:\/\/www.cgt-lkn.org\/bizkaia\/wp-json\/wp\/v2\/posts"}],"about":[{"href":"https:\/\/www.cgt-lkn.org\/bizkaia\/wp-json\/wp\/v2\/types\/post"}],"author":[{"embeddable":true,"href":"https:\/\/www.cgt-lkn.org\/bizkaia\/wp-json\/wp\/v2\/users\/57"}],"replies":[{"embeddable":true,"href":"https:\/\/www.cgt-lkn.org\/bizkaia\/wp-json\/wp\/v2\/comments?post=22613"}],"version-history":[{"count":1,"href":"https:\/\/www.cgt-lkn.org\/bizkaia\/wp-json\/wp\/v2\/posts\/22613\/revisions"}],"predecessor-version":[{"id":22614,"href":"https:\/\/www.cgt-lkn.org\/bizkaia\/wp-json\/wp\/v2\/posts\/22613\/revisions\/22614"}],"wp:featuredmedia":[{"embeddable":true,"href":"https:\/\/www.cgt-lkn.org\/bizkaia\/wp-json\/wp\/v2\/media\/22124"}],"wp:attachment":[{"href":"https:\/\/www.cgt-lkn.org\/bizkaia\/wp-json\/wp\/v2\/media?parent=22613"}],"wp:term":[{"taxonomy":"category","embeddable":true,"href":"https:\/\/www.cgt-lkn.org\/bizkaia\/wp-json\/wp\/v2\/categories?post=22613"},{"taxonomy":"post_tag","embeddable":true,"href":"https:\/\/www.cgt-lkn.org\/bizkaia\/wp-json\/wp\/v2\/tags?post=22613"}],"curies":[{"name":"wp","href":"https:\/\/api.w.org\/{rel}","templated":true}]}}