{"id":22594,"date":"2022-07-01T10:38:49","date_gmt":"2022-07-01T08:38:49","guid":{"rendered":"https:\/\/www.cgt-lkn.org\/bizkaia\/?p=22594"},"modified":"2022-07-12T19:38:26","modified_gmt":"2022-07-12T17:38:26","slug":"medidas-inutiles-del-gobierno-ante-un-aumento-del-102-en-el-ipc","status":"publish","type":"post","link":"https:\/\/www.cgt-lkn.org\/bizkaia\/archivos\/22594","title":{"rendered":"Medidas in\u00fatiles del gobierno ante un aumento del 10,2% en el IPC"},"content":{"rendered":"<p>El gobierno del estado espa\u00f1ol\u00a0<em>(el m\u00e1s progresista de la historia, recordemos)<\/em>, nos ha acostumbrado tanto a esta situaci\u00f3n, que d\u00edas antes de esta \u00faltima subida del IPC , lanza una serie de \u201cayudas\u201d ineficaces e insuficientes para paliar el impacto de la guerra de Ucrania en nuestra econom\u00eda. Medidas totalmente inservibles, que solo son una cortina de humo y una compra de voluntades, que \u00fanicamente buscan mantener la paz social que tienen instaurada desde hace a\u00f1os.<\/p>\n<p>Y todo esto sucede mientras delante de nuestros ojos, el gobierno de PSOE+UP se gasta una cantidad ingente de dinero, extra\u00eddos de nuestros impuestos,\u00a0 para que en Madrid se celebre la cumbre de la OTAN y se decida en ella incrementar considerablemente el gasto en defensa y en compra de armas.<\/p>\n<p>Desde la\u00a0<strong>CGT<\/strong>\u00a0tenemos claro que la \u00fanica forma de revertir esta situaci\u00f3n es luchando y exigiendo en las calles una redistribuci\u00f3n de la riqueza, una limitaci\u00f3n real de las presiones al consumo, una socializaci\u00f3n de las empresas energ\u00e9ticas que garanticen que cualquier persona, sean cuales sean sus ingresos, pueda tener los suministros b\u00e1sicos en su hogar, un aumento del SMI que se equipare a los existentes en Europa y que saque de la precarizaci\u00f3n a millones de personas trabajadoras, de algunos sectores notablemente feminizados, y una Renta B\u00e1sica que garantice realmente unos ingresos m\u00ednimos a todas las familias. Y desde luego, rechazamos frontalmente el incremento de gastos dedicado a defensa para 2023 en los presupuestos generales del estado. Ni que decir tiene que los impuestos a las grandes fortunas\u00a0 han de aumentar de forma muy considerable. Resulta obsceno que esas grandes fortunas incrementen sus ganancias de forma exponencial a costa de la agudizaci\u00f3n de\u00a0 las desigualdades,\u00a0 llevando a la miseria a buena parte de la sociedad.<\/p>\n<p>Sin estas medidas, la clase trabajadora estamos abocados a un sistema que nos lleva cada vez m\u00e1s\u00a0 a vivir al l\u00edmite, a que millones de personas tengan que hacer equilibrismo para llegar a fin de mes y a que\u00a0\u00a0 dependan de la voluntad y de las ideas que tenga el gobierno de turno.<\/p>\n<p>Por eso, desde\u00a0<strong>CGT<\/strong>\u00a0hacemos un llamamiento a ocupar las calles, a movilizarse, a gritar bien alto que basta ya, y a exigir de una vez por todas medidas contundentes para que la clase trabajadora no siga pagando las crisis que no ha generado.<\/p>\n<p>&nbsp;<\/p>\n<p style=\"text-align: center\"><span style=\"font-size: 14pt\"><strong>Para recibir las noticias \u00fanete a nuestro canal de <a href=\"https:\/\/t.me\/cgtlknbizkaia\" target=\"_blank\" rel=\"noopener\">Telegram<\/a><\/strong><\/span><\/p>\n<p><a href=\"https:\/\/t.me\/cgtlknbizkaia\"><img loading=\"lazy\" decoding=\"async\" class=\"aligncenter wp-image-19213 size-medium\" src=\"https:\/\/www.cgt-lkn.org\/bizkaia\/wp-content\/uploads\/sites\/21\/2020\/04\/Telegram-CGT-LKN-Bizkaia-300x166.jpg\" alt=\"\" width=\"300\" height=\"166\" srcset=\"https:\/\/www.cgt-lkn.org\/bizkaia\/wp-content\/uploads\/sites\/21\/2020\/04\/Telegram-CGT-LKN-Bizkaia-300x166.jpg 300w, https:\/\/www.cgt-lkn.org\/bizkaia\/wp-content\/uploads\/sites\/21\/2020\/04\/Telegram-CGT-LKN-Bizkaia-200x111.jpg 200w, https:\/\/www.cgt-lkn.org\/bizkaia\/wp-content\/uploads\/sites\/21\/2020\/04\/Telegram-CGT-LKN-Bizkaia-400x221.jpg 400w, https:\/\/www.cgt-lkn.org\/bizkaia\/wp-content\/uploads\/sites\/21\/2020\/04\/Telegram-CGT-LKN-Bizkaia.jpg 600w\" sizes=\"auto, (max-width: 300px) 100vw, 300px\" \/><\/a><\/p>\n<p><a href=\"https:\/\/www.youtube.com\/user\/cgtbizkaia\" target=\"_blank\" rel=\"noopener\"><img loading=\"lazy\" decoding=\"async\" class=\"aligncenter size-full wp-image-21708\" src=\"https:\/\/www.cgt-lkn.org\/bizkaia\/wp-content\/uploads\/sites\/21\/3021\/01\/Youtube-CGT-Bizkaia.jpg\" alt=\"\" width=\"180\" height=\"180\" srcset=\"https:\/\/www.cgt-lkn.org\/bizkaia\/wp-content\/uploads\/sites\/21\/3021\/01\/Youtube-CGT-Bizkaia.jpg 180w, https:\/\/www.cgt-lkn.org\/bizkaia\/wp-content\/uploads\/sites\/21\/3021\/01\/Youtube-CGT-Bizkaia-150x150.jpg 150w\" sizes=\"auto, (max-width: 180px) 100vw, 180px\" \/><\/a><\/p>\n<p style=\"text-align: center\"><strong><a href=\"https:\/\/www.cgt-lkn.org\/afiliar\/public\/#!\/\">AF\u00cdLIATE!!<\/a><\/strong><\/p>\n<p style=\"text-align: center\"><a href=\"https:\/\/www.cgt-lkn.org\/afiliar\/public\/#!\/\"><img loading=\"lazy\" decoding=\"async\" class=\"aligncenter wp-image-21117 size-medium\" src=\"https:\/\/www.cgt-lkn.org\/bizkaia\/wp-content\/uploads\/sites\/21\/2021\/04\/herramienta-navaja-CGT-afiliate-212x300.jpg\" alt=\"\" width=\"212\" height=\"300\" srcset=\"https:\/\/www.cgt-lkn.org\/bizkaia\/wp-content\/uploads\/sites\/21\/2021\/04\/herramienta-navaja-CGT-afiliate-212x300.jpg 212w, https:\/\/www.cgt-lkn.org\/bizkaia\/wp-content\/uploads\/sites\/21\/2021\/04\/herramienta-navaja-CGT-afiliate-300x425.jpg 300w, https:\/\/www.cgt-lkn.org\/bizkaia\/wp-content\/uploads\/sites\/21\/2021\/04\/herramienta-navaja-CGT-afiliate.jpg 565w\" sizes=\"auto, (max-width: 212px) 100vw, 212px\" \/><\/a><\/p>\n","protected":false},"excerpt":{"rendered":"<p>Que la noticia con la que nos despert\u00e1bamos ayer, en la que ve\u00edamos que el IPC alcanzaba un r\u00e9cord hist\u00f3rico en los \u00faltimos 37 a\u00f1os situ\u00e1ndose en un 10,2%, no nos pillara por sorpresa, no quita gravedad al asunto. La sociedad, acostumbrada ya a esta \u201cnueva normalidad\u201d, toma todo este tipo de noticias como algo cotidiano. El precio de la cesta de la compra\u00a0 o el coste que tiene llenar el dep\u00f3sito de gasolina, en aumento vertiginoso, no se acompasan a la subida de los salarios, en muchas ocasiones congelados desde hace a\u00f1os o aumentando muy por debajo de ese \u00edndice.<\/p>\n","protected":false},"author":171,"featured_media":22595,"comment_status":"closed","ping_status":"closed","sticky":false,"template":"","format":"standard","meta":{"footnotes":"","_links_to":"","_links_to_target":""},"categories":[99,4,34,15],"tags":[434,191,114,520],"class_list":["post-22594","post","type-post","status-publish","format-standard","has-post-thumbnail","hentry","category-comunicados","category-crisis","category-economia","category-social","tag-accion-social","tag-comunicados","tag-economia","tag-ipc"],"publishpress_future_action":{"enabled":false,"date":"2026-05-08 16:34:20","action":"change-status","newStatus":"draft","terms":[],"taxonomy":"category","extraData":[]},"publishpress_future_workflow_manual_trigger":{"enabledWorkflows":[]},"_links":{"self":[{"href":"https:\/\/www.cgt-lkn.org\/bizkaia\/wp-json\/wp\/v2\/posts\/22594","targetHints":{"allow":["GET"]}}],"collection":[{"href":"https:\/\/www.cgt-lkn.org\/bizkaia\/wp-json\/wp\/v2\/posts"}],"about":[{"href":"https:\/\/www.cgt-lkn.org\/bizkaia\/wp-json\/wp\/v2\/types\/post"}],"author":[{"embeddable":true,"href":"https:\/\/www.cgt-lkn.org\/bizkaia\/wp-json\/wp\/v2\/users\/171"}],"replies":[{"embeddable":true,"href":"https:\/\/www.cgt-lkn.org\/bizkaia\/wp-json\/wp\/v2\/comments?post=22594"}],"version-history":[{"count":2,"href":"https:\/\/www.cgt-lkn.org\/bizkaia\/wp-json\/wp\/v2\/posts\/22594\/revisions"}],"predecessor-version":[{"id":22597,"href":"https:\/\/www.cgt-lkn.org\/bizkaia\/wp-json\/wp\/v2\/posts\/22594\/revisions\/22597"}],"wp:featuredmedia":[{"embeddable":true,"href":"https:\/\/www.cgt-lkn.org\/bizkaia\/wp-json\/wp\/v2\/media\/22595"}],"wp:attachment":[{"href":"https:\/\/www.cgt-lkn.org\/bizkaia\/wp-json\/wp\/v2\/media?parent=22594"}],"wp:term":[{"taxonomy":"category","embeddable":true,"href":"https:\/\/www.cgt-lkn.org\/bizkaia\/wp-json\/wp\/v2\/categories?post=22594"},{"taxonomy":"post_tag","embeddable":true,"href":"https:\/\/www.cgt-lkn.org\/bizkaia\/wp-json\/wp\/v2\/tags?post=22594"}],"curies":[{"name":"wp","href":"https:\/\/api.w.org\/{rel}","templated":true}]}}