{"id":22407,"date":"2022-04-29T20:39:42","date_gmt":"2022-04-29T18:39:42","guid":{"rendered":"https:\/\/www.cgt-lkn.org\/bizkaia\/?p=22407"},"modified":"2022-05-03T20:33:01","modified_gmt":"2022-05-03T18:33:01","slug":"los-deerechos-se-consuguen-luchando-eskubideak-borrokatuz-lortzen-dira","status":"publish","type":"post","link":"https:\/\/www.cgt-lkn.org\/bizkaia\/archivos\/22407","title":{"rendered":"LOS DERECHOS SE CONSIGUEN LUCHANDO-ESKUBIDEAK BORROKATUZ LORTZEN DIRA"},"content":{"rendered":"<p>Ahora que las noticias est\u00e1n en otra parte, y lejos quedan ya los ecos de la insuficiente reforma laboral, han decidido que la COVID pase a ser una simple gripe y que los derechos de todas las personas trabajadoras queden relegados a un segundo plano. Durante estos dos \u00faltimos a\u00f1os,\u00a0 por unos momentos, llegamos a so\u00f1ar que otro mundo era posible, cre\u00edmos que pod\u00edamos salir mejores de una crisis sanitaria y social que hizo tambalear el sistema y casi acariciamos con la punta de los dedos aquello de poner las vidas en el centro. Por unos instantes, hasta pareci\u00f3 indiscutible que hab\u00eda quienes \u00e9ramos esenciales. Pero la alegr\u00eda dura poco en la casa del pobre y este sistema criminal no ha tardado en marcar posiciones; su l\u00f3gica es la de la muerte, la de la guerra y los intereses econ\u00f3micos y nosotras somos quienes pagamos las consecuencias.<\/p>\n<p>Lan-erreforma eskasaren oihartzunak urrun eta albisteak beste nonbaiten dauden honetan, erabaki dute COVIDa gripe hutsa dela eta langile guztien eskubideak bigarren maila batean geratzen direla. Azken bi urte hauetan, une batez, beste mundu bat posible zela amestu genuen, sistema kolokan jarri zuen osasun- eta gizarte-krisi batetik hobeto atera gintezkeela uste genuen, eta ia atzamar puntekin laztandu genuen bizitzak erdigunean jartzearen kontu hura. Denbora batez, eztabaidaezina ere iruditu zitzaigun benetan funtsezkoak ginela. Baina poztasunak gutxi iraun du, eta sistema kriminal horrek berehala markatu ditu jarrerak; bere logika heriotzarena, gerrarena eta interes ekonomikoena da, eta gu gara ondorioak ordaintzen ditugunak.<\/p>\n<p>&nbsp;<\/p>\n<p>Llevamos d\u00e9cadas denunciando la cada vez m\u00e1s alta precarizaci\u00f3n laboral y social de la clase trabajadora. Una precariedad que se refleja en los modelos de relaciones laborales, que tiene muchas aristas, pero sobre todo tiene rostro de mujer, porque somos nosotras las que peor paradas salimos siempre y porque la feminizaci\u00f3n de la pobreza es una realidad. Nos hablan de techos de cristal, pero de lo que realmente estamos hartas es de los suelos pegajosos, de este sistema patriarcal y heteronormativo, que nos mata y nos condena a vidas miserables.<\/p>\n<p>Hamarkadak daramatzagu langileen prekarizazio laboral eta sozial gero eta handiagoa salatzen. Lan-harremanen ereduetan islatzen da prekarietatea, eta ertz asko ditu, baina batez ere emakume aurpegia du, gu baikara kaltetuenak, eta pobreziaren feminizazioa errealitate bat delako. Kristalezko sabaiez hitz egiten digute, baina benetan nazkatuta gaudenaz zoru itsaskorrez da, sistema patriarkal eta heteronormatibo honetaz, hil egiten gaituena eta bizitza miserableetara kondenatzen gaituena.<\/p>\n<p>&nbsp;<\/p>\n<p>Cuando han quedado m\u00e1s que en evidencia las grietas del sistema, la importancia de los servicios p\u00fablicos: sanidad, educaci\u00f3n, servicios sociales o trabajos de cuidados, los diferentes gobiernos, aqu\u00ed y en Madrid,\u00a0 apuestan por poner a la ciudadan\u00eda y el dinero p\u00fablico en manos privadas. No podemos olvidar hoy, aqu\u00ed, la reciente apuesta de la mayor\u00eda del Parlamento Vasco por un modelo educativo donde se prima la educaci\u00f3n concertada que tanta segregaci\u00f3n y desigualdad ha generado.<\/p>\n<p>Sistemaren arrakalak agerian geratu dira, zerbitzu publikoen garrantzia nabaria da: osasuna, hezkuntza, gizarte-zerbitzuak edo zainketa-lanak, hain zuzen ere. Gobernuek, hemen eta Madrilen, herritarrak eta diru publikoa esku pribatuetan jartzearen alde egiten dute. Ezin dugu ahaztu gaur, hemen, Eusko Legebiltzarraren gehiengoak egin berri duen apustua, hainbeste bereizketa eta desberdintasun eragin dituen hezkuntza pribatua lehenesten duen hezkuntza-eredu baten alde.<\/p>\n<p>&nbsp;<\/p>\n<p>Comenz\u00e1bamos 2022 con cantos de sirena que nos anunciaban tiempos mejores, pero la guerra de Ucrania nos vuelve a poner en un escenario donde la especulaci\u00f3n sobre las materias primas y el alza de los precios al consumo, vuelven a ser la t\u00f3nica general. Especulaci\u00f3n que, una vez m\u00e1s, est\u00e1 suponiendo mayor acumulaci\u00f3n para los que m\u00e1s tienen. Y quienes nos gobiernan tienen la responsabilidad de equilibrar la balanza, de una vez por todas, y poner freno al empobrecimiento de las mayor\u00edas sociales. Porque mientras hay quienes miran para otro lado, el fascismo, con sus falacias y su oportunismo, sigue ganando posiciones. Lo ocurrido con la reforma laboral nos muestra claramente los l\u00edmites en los que est\u00e1 dispuesto a moverse el gobierno, de la mano de la patronal y del sindicalismo que sustenta el r\u00e9gimen desde el 78. Y desde aqu\u00ed les decimos que a nosotras nos van a tener en frente.<\/p>\n<p>Garai hobeak iragartzen zizkigutela hasi genuen\u00a0 2022a, baina Ukrainako gerrak, lehengaien inguruko espekulazioak eta kontsumorako prezioen gorakadak joera orokorra izaten jarraitzen duten eszenatoki batean jarri gintuen berriro ere. Espekulazio hori, berriz ere, metaketa handiagoa da gehien daukatenentzat. Eta gobernatzen gaituztenek balantza orekatzeko erantzukizuna dute, behingoz, eta gehiengo sozialen pobretzea geldiaraztekoa. Izan ere, beste alde batera begiratzen dutenak dauden bitartean, faxismoak, bere gezur eta oportunismoarekin, posizioak irabazten jarraitzen du. Lan-erreformarekin gertatutakoak argi eta garbi erakusten digu gobernua zein mugatan mugitzeko prest dagoen, patronalaren eta 78tik erregimenaren oinarri den sindikalismoaren eskutik. Eta hemendik esaten diegu gu aurrean izango gaituztela.<\/p>\n<p>&nbsp;<\/p>\n<p>La guerra en Ucrania ha abierto los ojos a la gran mayor\u00eda de la poblaci\u00f3n sobre el sufrimiento que generan las guerras. Ha puesto en los titulares la crisis humanitaria y la ola de personas refugiadas, desde aqu\u00ed les queremos decir ONGI ETORRI. Esperemos que se les d\u00e9 el mismo trato a todas las personas refugiadas de las guerras olvidadas.<\/p>\n<p>Ukrainako gerrak begiak ireki dizkie herritar gehienei gerrek sortzen duten sufrimenduari buruz. Krisi humanitarioa eta errefuxiatuen olatua titularretan jarri ditu, hemendik ONGI ETORRI esan nahi diegu. Espero dezagun tratu bera ematea ahaztutako gerretako errefuxiatu guztiei.<\/p>\n<p>&nbsp;<\/p>\n<p>Algunas personas acaban de descubrir que el planeta es finito, y nos vienen a dar lecciones sobre ecologismo y transici\u00f3n energ\u00e9tica. A nosotras no nos vale cualquier transici\u00f3n, no nos valen la de las Iberdrolas pintadas de verde, la de los recortes salariales y de derechos laborales para financiar el cambio productivo. Necesitamos una transici\u00f3n productiva donde las necesidades y el bienestar de las personas sean el centro. Una transici\u00f3n donde seamos nosotras quienes tengamos el control democr\u00e1tico de la econom\u00eda, sin que est\u00e9 plegada a los intereses del capital y se aleje de ese capitalismo que nos quieren vender a toda costa.<\/p>\n<p>Pertsona batzuek planeta mugatua dela jakin berri dute, eta ekologismoari eta trantsizio energetikoari buruzko irakaspenak ematera datozkigu orain. Guri ez digu balio edozein trantsiziok, ez digute balio berdez margotutako Iberdrolenak, soldata-murrizketenak eta produkzio-aldaketa finantzatzeko lan-eskubideenak. Trantsizio produktibo bat behar dugu, non pertsonen beharrak eta ongizatea erdigune izango diren. Trantsizio horretan, guk izango dugu ekonomiaren kontrol demokratikoa, kapitalaren interesetara makurtu gabe eta kosta ahala kosta saldu nahi diguten kapitalismo horretatik aldenduz.<\/p>\n<p>&nbsp;<\/p>\n<p>74.646 esos son los accidentes laborales que hubo en Euskal Herria en 2021 y 15 las personas muertas. \u00bfHasta cu\u00e1ndo vamos a tener que soportar esto? \u00bfHasta cu\u00e1ndo vamos a tener que ir a trabajar sin saber si volveremos a casa? Las trabajadoras y trabajadores tenemos derecho a la salud en el trabajo, pero sobre todo, a no jugarnos la vida cada vez que vamos a trabajar.<\/p>\n<p>74.646 lan-istripu izan ziren Euskal Herrian 2021ean, eta 15 pertsona hil ziren. Noiz arte jasan beharko dugu hau? Noiz arte joan beharko dugu lanera etxera itzuliko garen jakin gabe? Langileok eskubidea dugu lanean osasuna izateko, baina, batez ere, lanera joaten garen bakoitzean bizitza ez jolasteko.<\/p>\n<p>&nbsp;<\/p>\n<p>Nos prometieron derogar las anteriores reformas laborales, despu\u00e9s nos dijeron que se eliminar\u00edan los aspectos m\u00e1s lesivos de la reforma de Rajoy, pero la realidad es, que una vez m\u00e1s, hemos perdido una oportunidad hist\u00f3rica de recuperar derechos s\u00ed, pero tambi\u00e9n de generar derechos nuevos. Derechos que llevamos a\u00f1os reivindicando, como la incorporaci\u00f3n de las Trabajadoras de Hogar al r\u00e9gimen general.<\/p>\n<p>Aurreko lan-erreformak bertan behera utziko zituztela agindu ziguten, gero Rajoyren erreformaren alderdirik kaltegarrienak ezabatuko zirela esan ziguten, baina errealitatea da, beste behin ere, eskubideak berreskuratzeko aukera historikoa galdu egin dugula, bai, baina baita eskubide berriak sortzeko aukera ere. Urteak daramatzagu eskubide horiek aldarrikatzen, hala nola etxeko langileak erregimen orokorrean sartzea.<\/p>\n<p>&nbsp;<\/p>\n<p>Ahora, m\u00e1s que nunca, es el momento de seguir respondiendo, de dejarles claro a la patronal y a quienes les r\u00eden las gracias, que no nos vamos a conformar con su migajas y de que por encima de sus guerras, de sus beneficios, y de sus miserables intereses, estamos nosotras, las trabajadoras y trabajadores.<\/p>\n<p>Orain, inoiz baino gehiago, erantzuten jarraitzeko unea da, patronalari eta eskerrak ematen dizkietenei argi uzteko unea, ez garela haien apurrekin konformatuko, eta beren gerren, etekinen eta interes ziztrinen gainetik, gu, langileok, gaudela.<\/p>\n<p style=\"text-align: center\"><strong>Gora langileon borroka!<\/strong><\/p>\n<p style=\"text-align: center\"><strong>Gora maiatzak 1!<\/strong><\/p>\n<p style=\"text-align: center\"><strong>Gora borroka feminista<\/strong>!<\/p>\n<p><a href=\"https:\/\/t.me\/cgtlknbizkaia\"><img loading=\"lazy\" decoding=\"async\" class=\"aligncenter wp-image-19213 size-medium\" src=\"https:\/\/www.cgt-lkn.org\/bizkaia\/wp-content\/uploads\/sites\/21\/2020\/04\/Telegram-CGT-LKN-Bizkaia-300x166.jpg\" alt=\"\" width=\"300\" height=\"166\" srcset=\"https:\/\/www.cgt-lkn.org\/bizkaia\/wp-content\/uploads\/sites\/21\/2020\/04\/Telegram-CGT-LKN-Bizkaia-300x166.jpg 300w, https:\/\/www.cgt-lkn.org\/bizkaia\/wp-content\/uploads\/sites\/21\/2020\/04\/Telegram-CGT-LKN-Bizkaia-200x111.jpg 200w, https:\/\/www.cgt-lkn.org\/bizkaia\/wp-content\/uploads\/sites\/21\/2020\/04\/Telegram-CGT-LKN-Bizkaia-400x221.jpg 400w, https:\/\/www.cgt-lkn.org\/bizkaia\/wp-content\/uploads\/sites\/21\/2020\/04\/Telegram-CGT-LKN-Bizkaia.jpg 600w\" sizes=\"auto, (max-width: 300px) 100vw, 300px\" \/><\/a><\/p>\n<p><a href=\"https:\/\/www.youtube.com\/user\/cgtbizkaia\" target=\"_blank\" rel=\"noopener\"><img loading=\"lazy\" decoding=\"async\" class=\"aligncenter size-full wp-image-21708\" src=\"https:\/\/www.cgt-lkn.org\/bizkaia\/wp-content\/uploads\/sites\/21\/3021\/01\/Youtube-CGT-Bizkaia.jpg\" alt=\"\" width=\"180\" height=\"180\" srcset=\"https:\/\/www.cgt-lkn.org\/bizkaia\/wp-content\/uploads\/sites\/21\/3021\/01\/Youtube-CGT-Bizkaia.jpg 180w, https:\/\/www.cgt-lkn.org\/bizkaia\/wp-content\/uploads\/sites\/21\/3021\/01\/Youtube-CGT-Bizkaia-150x150.jpg 150w\" sizes=\"auto, (max-width: 180px) 100vw, 180px\" \/><\/a><\/p>\n<p>&nbsp;<\/p>\n","protected":false},"excerpt":{"rendered":"<p>Ahora que las noticias est\u00e1n en otra parte, y lejos quedan ya los ecos de la insuficiente reforma laboral, han<\/p>\n","protected":false},"author":6,"featured_media":22409,"comment_status":"closed","ping_status":"closed","sticky":false,"template":"","format":"standard","meta":{"footnotes":"","_links_to":"","_links_to_target":""},"categories":[131,334,54,46,8],"tags":[443,289,354,112],"class_list":["post-22407","post","type-post","status-publish","format-standard","has-post-thumbnail","hentry","category-1-de-mayo","category-accion-sindical-agitacion","category-bilbao","category-laboral","category-movilizaciones","tag-1-mayo","tag-accion-sindical","tag-bilbao","tag-movilizaciones"],"publishpress_future_action":{"enabled":false,"date":"2026-05-07 16:59:47","action":"change-status","newStatus":"draft","terms":[],"taxonomy":"category","extraData":[]},"publishpress_future_workflow_manual_trigger":{"enabledWorkflows":[]},"_links":{"self":[{"href":"https:\/\/www.cgt-lkn.org\/bizkaia\/wp-json\/wp\/v2\/posts\/22407","targetHints":{"allow":["GET"]}}],"collection":[{"href":"https:\/\/www.cgt-lkn.org\/bizkaia\/wp-json\/wp\/v2\/posts"}],"about":[{"href":"https:\/\/www.cgt-lkn.org\/bizkaia\/wp-json\/wp\/v2\/types\/post"}],"author":[{"embeddable":true,"href":"https:\/\/www.cgt-lkn.org\/bizkaia\/wp-json\/wp\/v2\/users\/6"}],"replies":[{"embeddable":true,"href":"https:\/\/www.cgt-lkn.org\/bizkaia\/wp-json\/wp\/v2\/comments?post=22407"}],"version-history":[{"count":3,"href":"https:\/\/www.cgt-lkn.org\/bizkaia\/wp-json\/wp\/v2\/posts\/22407\/revisions"}],"predecessor-version":[{"id":22414,"href":"https:\/\/www.cgt-lkn.org\/bizkaia\/wp-json\/wp\/v2\/posts\/22407\/revisions\/22414"}],"wp:featuredmedia":[{"embeddable":true,"href":"https:\/\/www.cgt-lkn.org\/bizkaia\/wp-json\/wp\/v2\/media\/22409"}],"wp:attachment":[{"href":"https:\/\/www.cgt-lkn.org\/bizkaia\/wp-json\/wp\/v2\/media?parent=22407"}],"wp:term":[{"taxonomy":"category","embeddable":true,"href":"https:\/\/www.cgt-lkn.org\/bizkaia\/wp-json\/wp\/v2\/categories?post=22407"},{"taxonomy":"post_tag","embeddable":true,"href":"https:\/\/www.cgt-lkn.org\/bizkaia\/wp-json\/wp\/v2\/tags?post=22407"}],"curies":[{"name":"wp","href":"https:\/\/api.w.org\/{rel}","templated":true}]}}