{"id":21939,"date":"2022-01-08T18:53:50","date_gmt":"2022-01-08T17:53:50","guid":{"rendered":"https:\/\/www.cgt-lkn.org\/bizkaia\/?p=21939"},"modified":"2022-01-12T18:49:41","modified_gmt":"2022-01-12T17:49:41","slug":"video-concentracion-en-barakaldo-ante-el-fallecimiento-de-un-trabajador-vecino-y-contra-la-precariedad","status":"publish","type":"post","link":"https:\/\/www.cgt-lkn.org\/bizkaia\/archivos\/21939","title":{"rendered":"(V\u00eddeo) Concentraci\u00f3n en Barakaldo  ante el fallecimiento de un trabajador vecino y contra la precariedad"},"content":{"rendered":"<p><strong>Colectivos sociales y sindicales de Barakaldo convocan concentraci\u00f3n ante la primera muerte de un trabajador en Euskalerria en su puesto de trabajo, vecino de la localidad<\/strong><\/p>\n<p>En esta tarde de viernes diferentes colectivos sociales y sindicales de Barakaldo han realizado una concentraci\u00f3n para denunciar\u00a0<strong>la muerte este pasado lunes de un empleado del local comercial \u201cLa Casa del Electricista\u201d.<\/strong><\/p>\n<p><img loading=\"lazy\" decoding=\"async\" class=\"wp-image-14115 aligncenter\" src=\"https:\/\/www.cgt-lkn.org\/wp-content\/uploads\/sites\/21\/2022\/01\/FIh0-j8XEAQoPhk-250x300.jpg\" alt=\"\" width=\"300\" height=\"360\" \/>J.M.G.F., de 59 a\u00f1os, muri\u00f3 en su puesto de trabajo en un accidente laboral no traum\u00e1tico.<\/p>\n<p>Bajo el lema<strong>\u00a0\u201cLa precariedad laboral mata. Lan Istripurik Ez!\u201d se ha denunciado que la subcontrataci\u00f3n, la precariedad, la falta de medidas en la prevenci\u00f3n o la nula inversi\u00f3n en medidas de seguridad\u2026<\/strong>\u00a0van de la mano cuando se produce una muerte en el puesto de trabajo. Sin hablar de altos ritmos de trabajo o situaciones de estr\u00e9s en demanda de unas productividades leoninas.<\/p>\n<p>Mediante esta movilizaci\u00f3n tambi\u00e9n se ha querido mostrar respeto y solidaridad a familiares, amistades y allegados del trabajador fallecido.<\/p>\n<h4><strong><u>Colectivos sociales y sindicales de Barakaldo:<\/u><\/strong><\/h4>\n<p><strong>Asamblea de Parad@s, Barakaldoko Gazte Asanblada, Berri-Otxoak (Plataforma contra la Exclusi\u00f3n Social y por los Derechos Sociales), Centro Asesor de la Mujer de Barakaldo, \u201cArgitan\u201d.<\/strong><\/p>\n<p><strong>ELA, LAB, ESK, STEILAS, CGT y CNT.<\/strong><\/p>\n<div class=\"fluid-width-video-wrapper\"><\/div>\n","protected":false},"excerpt":{"rendered":"<p>En esta tarde de viernes diferentes colectivos sociales y sindicales de Barakaldo han realizado una concentraci\u00f3n para denunciar\u00a0<strong>la muerte este pasado lunes de un empleado del local comercial \u201cLa Casa del Electricista\u201d.<\/strong><\/p>\n","protected":false},"author":57,"featured_media":12223,"comment_status":"closed","ping_status":"closed","sticky":false,"template":"","format":"standard","meta":{"footnotes":"","_links_to":"","_links_to_target":""},"categories":[123,411,53,46,8,15],"tags":[434,326,526,112,344],"class_list":["post-21939","post","type-post","status-publish","format-standard","has-post-thumbnail","hentry","category-accidentes-laborales-lan-istripuak","category-accion-social","category-ezkerraldea","category-laboral","category-movilizaciones","category-social","tag-accion-social","tag-ezkerraldea","tag-lan-istripuak","tag-movilizaciones","tag-videos"],"publishpress_future_action":{"enabled":false,"date":"2026-05-09 09:31:57","action":"change-status","newStatus":"draft","terms":[],"taxonomy":"category","extraData":[]},"publishpress_future_workflow_manual_trigger":{"enabledWorkflows":[]},"_links":{"self":[{"href":"https:\/\/www.cgt-lkn.org\/bizkaia\/wp-json\/wp\/v2\/posts\/21939","targetHints":{"allow":["GET"]}}],"collection":[{"href":"https:\/\/www.cgt-lkn.org\/bizkaia\/wp-json\/wp\/v2\/posts"}],"about":[{"href":"https:\/\/www.cgt-lkn.org\/bizkaia\/wp-json\/wp\/v2\/types\/post"}],"author":[{"embeddable":true,"href":"https:\/\/www.cgt-lkn.org\/bizkaia\/wp-json\/wp\/v2\/users\/57"}],"replies":[{"embeddable":true,"href":"https:\/\/www.cgt-lkn.org\/bizkaia\/wp-json\/wp\/v2\/comments?post=21939"}],"version-history":[{"count":1,"href":"https:\/\/www.cgt-lkn.org\/bizkaia\/wp-json\/wp\/v2\/posts\/21939\/revisions"}],"predecessor-version":[{"id":21940,"href":"https:\/\/www.cgt-lkn.org\/bizkaia\/wp-json\/wp\/v2\/posts\/21939\/revisions\/21940"}],"wp:featuredmedia":[{"embeddable":true,"href":"https:\/\/www.cgt-lkn.org\/bizkaia\/wp-json\/wp\/v2\/media\/12223"}],"wp:attachment":[{"href":"https:\/\/www.cgt-lkn.org\/bizkaia\/wp-json\/wp\/v2\/media?parent=21939"}],"wp:term":[{"taxonomy":"category","embeddable":true,"href":"https:\/\/www.cgt-lkn.org\/bizkaia\/wp-json\/wp\/v2\/categories?post=21939"},{"taxonomy":"post_tag","embeddable":true,"href":"https:\/\/www.cgt-lkn.org\/bizkaia\/wp-json\/wp\/v2\/tags?post=21939"}],"curies":[{"name":"wp","href":"https:\/\/api.w.org\/{rel}","templated":true}]}}