{"id":21933,"date":"2022-01-03T19:07:16","date_gmt":"2022-01-03T18:07:16","guid":{"rendered":"https:\/\/www.cgt-lkn.org\/bizkaia\/?p=21933"},"modified":"2022-07-01T10:58:17","modified_gmt":"2022-07-01T08:58:17","slug":"firma-por-justicia-para-las-victimas-del-franquismo","status":"publish","type":"post","link":"https:\/\/www.cgt-lkn.org\/bizkaia\/archivos\/21933","title":{"rendered":"Firma por Justicia para las v\u00edctimas del franquismo"},"content":{"rendered":"","protected":false},"excerpt":{"rendered":"<p>Desde CeAqua iniciamos una campa\u00f1a de recogida de firmas para pedir la modificaci\u00f3n de varias leyes para lograr una verdadera reparaci\u00f3n para las v\u00edctimas del franquismo a trav\u00e9s de la justicia.<\/p>\n","protected":false},"author":73,"featured_media":21934,"comment_status":"closed","ping_status":"closed","sticky":false,"template":"","format":"standard","meta":{"footnotes":"","_links_to":"","_links_to_target":""},"categories":[411,138,84],"tags":[74,525],"class_list":["post-21933","post","type-post","status-publish","format-standard","has-post-thumbnail","hentry","category-accion-social","category-in-memoriam","category-memoria-historica-2","tag-memoria-historica","tag-victimas-franquismo"],"publishpress_future_action":{"enabled":false,"date":"2026-05-03 13:04:37","action":"change-status","newStatus":"draft","terms":[],"taxonomy":"category","extraData":[]},"publishpress_future_workflow_manual_trigger":{"enabledWorkflows":[]},"_links":{"self":[{"href":"https:\/\/www.cgt-lkn.org\/bizkaia\/wp-json\/wp\/v2\/posts\/21933","targetHints":{"allow":["GET"]}}],"collection":[{"href":"https:\/\/www.cgt-lkn.org\/bizkaia\/wp-json\/wp\/v2\/posts"}],"about":[{"href":"https:\/\/www.cgt-lkn.org\/bizkaia\/wp-json\/wp\/v2\/types\/post"}],"author":[{"embeddable":true,"href":"https:\/\/www.cgt-lkn.org\/bizkaia\/wp-json\/wp\/v2\/users\/73"}],"replies":[{"embeddable":true,"href":"https:\/\/www.cgt-lkn.org\/bizkaia\/wp-json\/wp\/v2\/comments?post=21933"}],"version-history":[{"count":1,"href":"https:\/\/www.cgt-lkn.org\/bizkaia\/wp-json\/wp\/v2\/posts\/21933\/revisions"}],"predecessor-version":[{"id":21935,"href":"https:\/\/www.cgt-lkn.org\/bizkaia\/wp-json\/wp\/v2\/posts\/21933\/revisions\/21935"}],"wp:featuredmedia":[{"embeddable":true,"href":"https:\/\/www.cgt-lkn.org\/bizkaia\/wp-json\/wp\/v2\/media\/21934"}],"wp:attachment":[{"href":"https:\/\/www.cgt-lkn.org\/bizkaia\/wp-json\/wp\/v2\/media?parent=21933"}],"wp:term":[{"taxonomy":"category","embeddable":true,"href":"https:\/\/www.cgt-lkn.org\/bizkaia\/wp-json\/wp\/v2\/categories?post=21933"},{"taxonomy":"post_tag","embeddable":true,"href":"https:\/\/www.cgt-lkn.org\/bizkaia\/wp-json\/wp\/v2\/tags?post=21933"}],"curies":[{"name":"wp","href":"https:\/\/api.w.org\/{rel}","templated":true}]}}