{"id":21929,"date":"2021-12-28T10:01:56","date_gmt":"2021-12-28T09:01:56","guid":{"rendered":"https:\/\/www.cgt-lkn.org\/bizkaia\/?p=21929"},"modified":"2021-12-28T10:01:56","modified_gmt":"2021-12-28T09:01:56","slug":"carbon-ante-el-gobierno-vasco-por-los-recortes-contemplados-en-los-presupuestos-para-el-proximo-ano-berri-otxoak","status":"publish","type":"post","link":"https:\/\/www.cgt-lkn.org\/bizkaia\/archivos\/21929","title":{"rendered":"Carb\u00f3n ante el Gobierno Vasco por los recortes contemplados en los presupuestos para el pr\u00f3ximo a\u00f1o (Berri-otxoak)"},"content":{"rendered":"<p style=\"text-align: justify;\"><u><img loading=\"lazy\" decoding=\"async\" class=\"aligncenter size-full wp-image-21930\" src=\"https:\/\/www.cgt-lkn.org\/bizkaia\/wp-content\/uploads\/sites\/21\/2021\/12\/IMG20211223120438.jpg\" alt=\"\" width=\"600\" height=\"270\" srcset=\"https:\/\/www.cgt-lkn.org\/bizkaia\/wp-content\/uploads\/sites\/21\/2021\/12\/IMG20211223120438.jpg 600w, https:\/\/www.cgt-lkn.org\/bizkaia\/wp-content\/uploads\/sites\/21\/2021\/12\/IMG20211223120438-300x135.jpg 300w, https:\/\/www.cgt-lkn.org\/bizkaia\/wp-content\/uploads\/sites\/21\/2021\/12\/IMG20211223120438-585x263.jpg 585w\" sizes=\"auto, (max-width: 600px) 100vw, 600px\" \/>Comunicado de prensa<\/u><\/p>\n<p style=\"text-align: justify;\"><strong>Kilos de carb\u00f3n ante el Gobierno Vasco en denuncia de los recortes contemplados en los presupuestos para el pr\u00f3ximo a\u00f1o<\/strong><\/p>\n<ul style=\"text-align: justify;\">\n<li>Olentzero y Mari Domingi entregar\u00e1n decenas de kilos de carb\u00f3n en denuncia de las insuficientes partidas presupuestarias para garantizar los derechos sociales y revertir los m\u00faltiples recortes de estos dos \u00faltimos a\u00f1os en sanidad, vivienda, ayudas sociales y educaci\u00f3n<\/li>\n<li>Los personajes navide\u00f1os se acercar\u00e1n a la Delegaci\u00f3n del Gobierno Vasco en Bilbao para protestar por los recortes a prestaciones sociales como la RGI, el Complemento de Pensiones, los Incentivos al Empleo, las Ayudas de Emergencia o las Ayudas al Alquiler<\/li>\n<\/ul>\n<p style=\"text-align: justify;\">Bilbao, jueves 23 de 2021<\/p>\n<p><iframe loading=\"lazy\" title=\"Olentzero entrega carbon al gobierno vasco por los recortes sociales de los presupuestos\" width=\"700\" height=\"394\" src=\"https:\/\/www.youtube.com\/embed\/Pk9xmQwB-Qk?feature=oembed\" frameborder=\"0\" allow=\"accelerometer; autoplay; clipboard-write; encrypted-media; gyroscope; picture-in-picture; web-share\" referrerpolicy=\"strict-origin-when-cross-origin\" allowfullscreen><\/iframe><\/p>\n<p style=\"text-align: justify;\">Mari Domingi y Olentzero entregar\u00e1n decenas de kilos de carb\u00f3n ante la Delegaci\u00f3n del Gobierno Vasco en Bilbao en denuncia de las insuficientes partidas presupuestarias para garantizar los derechos sociales y revertir los m\u00faltiples recortes de estos dos \u00faltimos a\u00f1os en sanidad, vivienda, prestaciones sociales y educaci\u00f3n.<\/p>\n<p style=\"text-align: justify;\">La Comunidad Aut\u00f3noma Vasca aprueba hoy sus presupuestos para el pr\u00f3ximo a\u00f1o mediante los votos favorables de PNV y PSE, contando con la abstenci\u00f3n de EH Bildu. Presupuestos que esconden una realidad de m\u00faltiples recortes. En concreto,<\/p>\n<p style=\"text-align: justify;\">-Las familias pensionistas, o con personas dependientes, ver\u00e1n recortados sus derechos, y cuant\u00eda de las prestaciones que las corresponde por la actual normativa, en 300\u20ac mensuales.<\/p>\n<p style=\"text-align: justify;\">-Las Ayudas de Emergencia Social se recortan un 5%, en 2 millones de euros.<\/p>\n<p style=\"text-align: justify;\">-Los recortes a las ayudas al alquiler se mantienen un a\u00f1o m\u00e1s: de los 320 euros mensuales en el 2011 el pr\u00f3ximo a\u00f1o ser\u00e1n 275. Desde la entidad barakaldesa remarcan que \u201cesta cuant\u00eda no cubre ni el precio medio de una habitaci\u00f3n en alquiler\u201d.<\/p>\n<p style=\"text-align: justify;\">-Se recorta un 30% las prestaciones gestionadas por Lanbide. Seg\u00fan la actual legislaci\u00f3n la RGI para el a\u00f1o 2022 deber\u00eda situarse en 991\u20ac mensuales (en 12 pagas); sin embargo, el acuerdo presupuestario continua por la senda de los recortes: la cuant\u00eda para 2022 ser\u00e1 de 727\u20ac, lo que supone dejar de percibir 265\u20ac mensuales menos de lo que por reglamentaci\u00f3n corresponde. Ni siquiera se tiene en cuenta el incremento continuado del IPC o la irrisoria subida del Salario M\u00ednimo Interprofesional.<\/p>\n<p style=\"text-align: justify;\">Estos recortes perjudican principalmente a las familias monomarentales; mujeres v\u00edctimas de violencia machista; personas afectadas por un desahucio; trabajadoras en precario; viudas; mujeres con menores a cargo, desempleadas o sin recursos suficientes para poder llegar a fin de mes. Las principales unidades de convivencia perceptoras de estas prestaciones sociales.<\/p>\n<p style=\"text-align: justify;\">Los recortes, al acceso a una vivienda o prestaciones sociales dignas y suficientes se acuerdan cuando la \u201c<em>Encuesta de Pobreza y Desigualdades del Gobierno Vasco\u201d<\/em> constata que un tercio de la poblaci\u00f3n residente en la CAV tiene serias dificultades para llegar a fin de mes: el 19,9% (432.219 personas) indican no poder cubrir sus necesidades b\u00e1sicas; el 8% de la poblaci\u00f3n (174.176 personas) est\u00e1 en riesgo de pobreza; y el 5,6% (121.502 personas) se encuentran en una situaci\u00f3n de exclusi\u00f3n social.<\/p>\n<p style=\"text-align: justify;\">Asimismo, el Gobierno Vasco se\u00f1ala que la pobreza infantil crece un punto y medio en los dos \u00faltimos a\u00f1os hasta alcanzar a un 11,7% de la poblaci\u00f3n menor de 14 a\u00f1os: 92 000 ni\u00f1os y ni\u00f1as en la CAV est\u00e1n en peligro de pobreza, principalmente en hogares encabezados por mujeres. Ni un euro para paliar esta grave situaci\u00f3n de exclusi\u00f3n social.<\/p>\n<p style=\"text-align: justify;\">Seg\u00fan la realidad que corroboran estos datos, solo cabe concluir que \u201clos presupuestos para el a\u00f1o 2022 no garantizan el derecho a una vivienda digna y se empobrece a\u00fan m\u00e1s a quienes menos tienen recortando el presupuesto a las Ayuda de Emergencia, a las prestaciones gestionadas por Lanbide o las ayudas al alquiler\u00bb.<\/p>\n<p style=\"text-align: justify;\"><strong>Berri-Otxoak <\/strong>surgi\u00f3 hace tres d\u00e9cadas, en 1992, y en sus cerca de 30 a\u00f1os de existencia ha destacado por sus movilizaciones por el derecho a una vivienda digna, contra la especulaci\u00f3n y los desahucios, y contra los recortes, la precariedad y la pobreza. El colectivo mantiene adem\u00e1s desde el 17 de noviembre de 1997 una oficina de informaci\u00f3n sobre ayudas sociales, por la que han pasado ya 14.000 familias.<\/p>\n<p><iframe loading=\"lazy\" title=\"RadioBilbao(SER) Mari Domingi y Olentzero entregan carb\u00f3n contra recortes presupuestos GobiernoVasco\" width=\"700\" height=\"394\" src=\"https:\/\/www.youtube.com\/embed\/7FLWfICrCsA?feature=oembed\" frameborder=\"0\" allow=\"accelerometer; autoplay; clipboard-write; encrypted-media; gyroscope; picture-in-picture; web-share\" referrerpolicy=\"strict-origin-when-cross-origin\" allowfullscreen><\/iframe><\/p>\n<p>&nbsp;<\/p>\n<p>&nbsp;<\/p>\n","protected":false},"excerpt":{"rendered":"<div class=\"ydp7d8e827yiv1913945100ydpc6fc60c3MsoNormal\" style=\"text-align: justify;\"><b><span lang=\"es\">Carb\u00f3n ante el Gobierno Vasco en denuncia de los recortes contemplados en los presupuestos para el pr\u00f3ximo a\u00f1o.<\/span><\/b><\/div>\n<div class=\"ydp7d8e827yiv1913945100ydpc6fc60c3MsoNormal\" style=\"text-align: justify;\"><\/div>\n<div class=\"ydp7d8e827yiv1913945100ydpc6fc60c3MsoNormal\" dir=\"ltr\" style=\"text-align: justify;\" data-setdir=\"false\"><span lang=\"es\">\u2022<\/span>Mari Domingi y Olentzero <span lang=\"es\">entregan kilos de carb\u00f3n en denuncia de las insuficientes partidas presupuestarias para garantizar los derechos sociales y revertir los m\u00faltiples recortes de estos dos \u00faltimos a\u00f1os en sanidad, vivienda, ayudas sociales y educaci\u00f3n.<\/span><\/div>\n<div class=\"ydp7d8e827yiv1913945100ydpc6fc60c3MsoNormal\" style=\"text-align: justify;\"><span lang=\"es\">\u00a0<\/span><\/div>\n<div class=\"ydp7d8e827yiv1913945100ydpc6fc60c3MsoNormal\" style=\"text-align: justify;\"><span lang=\"es\">\u2022<\/span>Se han acercado a la Delegaci\u00f3n del Gobierno Vasco para protestar por <span lang=\"es\">los recortes a prestaciones sociales como la RGI, el Complemento de Pensiones, los Incentivos al Empleo, las Ayudas de Emergencia <\/span><span lang=\"es\">o las <\/span><span lang=\"es\">Ayudas al Alquiler.<\/span><\/div>\n<div class=\"ydp7d8e827yiv1913945100ydpc6fc60c3MsoNormal\" style=\"text-align: justify;\"><span lang=\"es\">\u00a0<\/span><\/div>\n<div class=\"ydp7d8e827yiv1913945100ydpc6fc60c3MsoNormal\" style=\"text-align: justify;\"><b><span lang=\"es\">Abenduaren 23an Eusko Legebiltzarrean onartuko diren aurrekontu-murrizketen aurkako protesta.<\/span><\/b><\/div>\n<div class=\"ydp7d8e827yiv1913945100ydpc6fc60c3MsoNormal\" style=\"text-align: justify;\"><b><span lang=\"es\">\u00a0<\/span><\/b><\/div>\n<div class=\"ydp7d8e827yiv1913945100ydpc6fc60c3MsoNormal\" style=\"text-align: justify;\"><span lang=\"es\">\u2022Olentzerok eta Mari Domingik dozenaka kilo ikatz emango dituzte, eskubide sozialak bermatzen ez dituzten aurrekontu-partida eskasak salatzeko eta azken bi urte hauetan osasunean, etxebizitzan, gizarte-laguntzetan eta hezkuntzan izandako murrizketa anitzak leheneratzea eskatzeko.<\/span><\/div>\n<div class=\"ydp7d8e827yiv1913945100ydpc6fc60c3MsoNormal\" style=\"text-align: justify;\"><span lang=\"es\">\u00a0<\/span><\/div>\n<div style=\"text-align: justify;\"><span lang=\"es\">\u2022Eusko Jaurlaritzaren Ordezkaritzara hurbilduko dira, DSBE, Pentsioen Osagarria, Enplegurako Pizgarriak, Larrialdietarako Laguntzak edo Alokairurako Laguntzak bezalako gizarte-prestazioen murrizketengatik protesta egiteko.<\/span><\/div>\n<div style=\"text-align: justify;\"><\/div>\n","protected":false},"author":191,"featured_media":21930,"comment_status":"closed","ping_status":"closed","sticky":false,"template":"","format":"standard","meta":{"footnotes":"","_links_to":"","_links_to_target":""},"categories":[22,9,117],"tags":[],"class_list":["post-21929","post","type-post","status-publish","format-standard","has-post-thumbnail","hentry","category-berri-otxoak","category-multimedia","category-politica"],"publishpress_future_action":{"enabled":false,"date":"2026-05-08 07:22:56","action":"change-status","newStatus":"draft","terms":[],"taxonomy":"category","extraData":[]},"publishpress_future_workflow_manual_trigger":{"enabledWorkflows":[]},"_links":{"self":[{"href":"https:\/\/www.cgt-lkn.org\/bizkaia\/wp-json\/wp\/v2\/posts\/21929","targetHints":{"allow":["GET"]}}],"collection":[{"href":"https:\/\/www.cgt-lkn.org\/bizkaia\/wp-json\/wp\/v2\/posts"}],"about":[{"href":"https:\/\/www.cgt-lkn.org\/bizkaia\/wp-json\/wp\/v2\/types\/post"}],"author":[{"embeddable":true,"href":"https:\/\/www.cgt-lkn.org\/bizkaia\/wp-json\/wp\/v2\/users\/191"}],"replies":[{"embeddable":true,"href":"https:\/\/www.cgt-lkn.org\/bizkaia\/wp-json\/wp\/v2\/comments?post=21929"}],"version-history":[{"count":1,"href":"https:\/\/www.cgt-lkn.org\/bizkaia\/wp-json\/wp\/v2\/posts\/21929\/revisions"}],"predecessor-version":[{"id":21931,"href":"https:\/\/www.cgt-lkn.org\/bizkaia\/wp-json\/wp\/v2\/posts\/21929\/revisions\/21931"}],"wp:featuredmedia":[{"embeddable":true,"href":"https:\/\/www.cgt-lkn.org\/bizkaia\/wp-json\/wp\/v2\/media\/21930"}],"wp:attachment":[{"href":"https:\/\/www.cgt-lkn.org\/bizkaia\/wp-json\/wp\/v2\/media?parent=21929"}],"wp:term":[{"taxonomy":"category","embeddable":true,"href":"https:\/\/www.cgt-lkn.org\/bizkaia\/wp-json\/wp\/v2\/categories?post=21929"},{"taxonomy":"post_tag","embeddable":true,"href":"https:\/\/www.cgt-lkn.org\/bizkaia\/wp-json\/wp\/v2\/tags?post=21929"}],"curies":[{"name":"wp","href":"https:\/\/api.w.org\/{rel}","templated":true}]}}