{"id":21860,"date":"2021-12-11T16:45:09","date_gmt":"2021-12-11T15:45:09","guid":{"rendered":"https:\/\/www.cgt-lkn.org\/bizkaia\/?p=21860"},"modified":"2021-12-11T16:45:43","modified_gmt":"2021-12-11T15:45:43","slug":"en-el-dia-de-los-derechos-humanos-asociaciones-sociales-vecinales-y-sindicales-denuncian-que-la-pobreza-es-producto-de-la-vulneracion-de-los-derechos-sociales-e-individuales","status":"publish","type":"post","link":"https:\/\/www.cgt-lkn.org\/bizkaia\/archivos\/21860","title":{"rendered":"En el \u00abD\u00eda de los Derechos Humanos\u00bb asociaciones sociales, vecinales y sindicales denuncian que la pobreza es producto de la vulneraci\u00f3n de los derechos sociales e individuales"},"content":{"rendered":"<div dir=\"ltr\">\n<div class=\"ydp8ece7e69yiv7692881300ydp3216a6bbMsoNormal\" align=\"center\"><u><img loading=\"lazy\" decoding=\"async\" class=\" wp-image-18251 alignleft\" src=\"https:\/\/www.cgt-lkn.org\/bizkaia\/wp-content\/uploads\/sites\/21\/2019\/04\/VhdJLskj.jpg\" alt=\"\" width=\"205\" height=\"205\" srcset=\"https:\/\/www.cgt-lkn.org\/bizkaia\/wp-content\/uploads\/sites\/21\/2019\/04\/VhdJLskj.jpg 415w, https:\/\/www.cgt-lkn.org\/bizkaia\/wp-content\/uploads\/sites\/21\/2019\/04\/VhdJLskj-150x150.jpg 150w, https:\/\/www.cgt-lkn.org\/bizkaia\/wp-content\/uploads\/sites\/21\/2019\/04\/VhdJLskj-300x300.jpg 300w, https:\/\/www.cgt-lkn.org\/bizkaia\/wp-content\/uploads\/sites\/21\/2019\/04\/VhdJLskj-200x200.jpg 200w, https:\/\/www.cgt-lkn.org\/bizkaia\/wp-content\/uploads\/sites\/21\/2019\/04\/VhdJLskj-400x400.jpg 400w\" sizes=\"auto, (max-width: 205px) 100vw, 205px\" \/>10 de Diciembre. La pobreza y la exclusi\u00f3n un problema de derechos humanos. Murrizketarik EZ!!!<\/u><\/div>\n<div class=\"ydp8ece7e69yiv7692881300ydp3216a6bbMsoNormal\" align=\"left\"><u><br \/>\n<\/u><u><\/u><\/div>\n<div class=\"ydp8ece7e69yiv7692881300ydp3216a6bbMsoNormal\"><b>Organizaciones sociales, sindicales, vecinales y del Tercer Sector denuncian que la pobreza y la exclusi\u00f3n es producto de la vulneraci\u00f3n de los derechos humanos, sociales e individuales.<\/b><\/div>\n<div class=\"ydp8ece7e69yiv7692881300ydp3216a6bbMsoNormal\"><b>\u00a0<\/b><\/div>\n<div class=\"ydp8ece7e69yiv7692881300ydp3216a6bbMsoNormal\">-Movilizaci\u00f3n ante la Delegaci\u00f3n Gobierno Vasco de Bilbao en el \u201cD\u00eda de los Derechos Humanos\u201d bajo el lema \u201cLa pobreza y la exclusi\u00f3n: un problema de derechos humanos\u201d.<\/div>\n<div class=\"ydp8ece7e69yiv7692881300ydp3216a6bbMsoNormal\"><\/div>\n<div class=\"ydp8ece7e69yiv7692881300ydp3216a6bbMsoNormal\" align=\"center\"><u>Abenduak 10. Pobrezia, giza eskubideen inguruko arazoa. Murrizketarik EZ!!!<\/u><\/div>\n<div class=\"ydp8ece7e69yiv7692881300ydp3216a6bbMsoNormal\" align=\"left\"><\/div>\n<div class=\"ydp8ece7e69yiv7692881300ydp3216a6bbMsoNormal\"><b>Hogei bat erakundek (sozialak, sindikalak, auzokoak edo hirugarren sektorekoak) pobrezia eta gizarte-bazterketa giza eskubide sozialak eta indibidualak urratzearen ondorio direla salatu dute.<\/b><\/div>\n<div class=\"ydp8ece7e69yiv7692881300ydp3216a6bbMsoNormal\"><\/div>\n<div class=\"ydp8ece7e69yiv7692881300ydp3216a6bbMsoNormal\">-Mobilizazioa \u00abgiza Eskubideen Egunaren\u00bb testuinguruan, \u00abPobrezia eta bazterketa: giza eskubideen arazo bat\u00bb lelopean.<\/div>\n<div class=\"ydp8ece7e69yiv7692881300ydp3216a6bbMsoNormal\"><\/div>\n<div class=\"ydp8ece7e69yiv7692881300ydp3216a6bbMsoNormal\" dir=\"ltr\" data-setdir=\"false\">\n<div>\n<p><a class=\"ydpa92e944eenhancr_card_9997418926 ydpb38dc16fenhancr_card_9383804054\" href=\"https:\/\/radiopopular.com\/2021\/12\/10\/una-veintena-de-organizaciones-vascas-salen-en-defensa-de-los-derechos-humanos\/\" target=\"_blank\" rel=\"nofollow noopener\">Una veintena de organizaciones vascas salen a la calle por los Derechos Humanos<\/a><\/p>\n<div><a class=\"ydpa92e944eenhancr_card_9601863145 ydpb38dc16fenhancr_card_9736022723\" href=\"https:\/\/www.ecuadoretxea.org\/diversas-organizaciones-se-concentran-en-el-dia-de-los-ddhh-contra-la-pobreza-y-la-exclusion\/\" target=\"_blank\" rel=\"nofollow noopener\">Diversas organizaciones se concentran en el D\u00eda de los DDHH contra la pobreza y la exclusi\u00f3n<\/a><\/div>\n<\/div>\n<\/div>\n<div class=\"ydp8ece7e69yiv7692881300ydp3216a6bbMsoNormal\" dir=\"ltr\" data-setdir=\"false\">\n<div><\/div>\n<\/div>\n<div class=\"ydp8ece7e69yiv7692881300ydp3216a6bbMsoNormal\" dir=\"ltr\" data-setdir=\"false\">\n<div dir=\"ltr\" data-setdir=\"false\"><a class=\"ydpa92e944eenhancr_card_9519987698 ydpb38dc16fenhancr_card_9342795762\" href=\"https:\/\/www.naiz.eus\/es\/info\/noticia\/20211210\/reclaman-politicas-publicas-mas-eficaces-ante-la-vulneracion-de-los-derechos-humanos\" target=\"_blank\" rel=\"nofollow noopener\">Reclaman pol\u00edticas p\u00fablicas ante la pobreza y la exclusi\u00f3n en el contexto del 10-D<\/a><\/div>\n<div>\n<\/div>\n<\/div>\n<\/div>\n<div class=\"ydp8ece7e69yiv7692881300ydpe9a524d2signature\">\n<div dir=\"ltr\" data-setdir=\"false\">\n<div><span style=\"font-size: small;\">BERRI-OTXOAK<br \/>\n(Plataforma Contra la Exclusi\u00f3n Social y Por los Derechos Sociales)<\/span><\/div>\n<\/div>\n<\/div>\n","protected":false},"excerpt":{"rendered":"<div class=\"ydp8ece7e69yiv7692881300ydp3216a6bbMsoNormal\" align=\"center\"><u>10 de Diciembre. La pobreza y la exclusi\u00f3n un problema de derechos humanos. Murrizketarik EZ!!!<\/u><\/div>\n<div class=\"ydp8ece7e69yiv7692881300ydp3216a6bbMsoNormal\" align=\"left\"><u><br \/>\n<\/u><u><\/u><\/div>\n<div class=\"ydp8ece7e69yiv7692881300ydp3216a6bbMsoNormal\" style=\"text-align: justify;\"><b>Organizaciones sociales, sindicales, vecinales y del Tercer Sector denuncian que la pobreza y la exclusi\u00f3n es producto de la vulneraci\u00f3n de los derechos humanos, sociales e individuales.<\/b><\/div>\n","protected":false},"author":191,"featured_media":18251,"comment_status":"closed","ping_status":"closed","sticky":false,"template":"","format":"standard","meta":{"footnotes":"","_links_to":"","_links_to_target":""},"categories":[22,15],"tags":[],"class_list":["post-21860","post","type-post","status-publish","format-standard","has-post-thumbnail","hentry","category-berri-otxoak","category-social"],"publishpress_future_action":{"enabled":false,"date":"2026-05-07 13:24:02","action":"change-status","newStatus":"draft","terms":[],"taxonomy":"category","extraData":[]},"publishpress_future_workflow_manual_trigger":{"enabledWorkflows":[]},"_links":{"self":[{"href":"https:\/\/www.cgt-lkn.org\/bizkaia\/wp-json\/wp\/v2\/posts\/21860","targetHints":{"allow":["GET"]}}],"collection":[{"href":"https:\/\/www.cgt-lkn.org\/bizkaia\/wp-json\/wp\/v2\/posts"}],"about":[{"href":"https:\/\/www.cgt-lkn.org\/bizkaia\/wp-json\/wp\/v2\/types\/post"}],"author":[{"embeddable":true,"href":"https:\/\/www.cgt-lkn.org\/bizkaia\/wp-json\/wp\/v2\/users\/191"}],"replies":[{"embeddable":true,"href":"https:\/\/www.cgt-lkn.org\/bizkaia\/wp-json\/wp\/v2\/comments?post=21860"}],"version-history":[{"count":2,"href":"https:\/\/www.cgt-lkn.org\/bizkaia\/wp-json\/wp\/v2\/posts\/21860\/revisions"}],"predecessor-version":[{"id":21862,"href":"https:\/\/www.cgt-lkn.org\/bizkaia\/wp-json\/wp\/v2\/posts\/21860\/revisions\/21862"}],"wp:featuredmedia":[{"embeddable":true,"href":"https:\/\/www.cgt-lkn.org\/bizkaia\/wp-json\/wp\/v2\/media\/18251"}],"wp:attachment":[{"href":"https:\/\/www.cgt-lkn.org\/bizkaia\/wp-json\/wp\/v2\/media?parent=21860"}],"wp:term":[{"taxonomy":"category","embeddable":true,"href":"https:\/\/www.cgt-lkn.org\/bizkaia\/wp-json\/wp\/v2\/categories?post=21860"},{"taxonomy":"post_tag","embeddable":true,"href":"https:\/\/www.cgt-lkn.org\/bizkaia\/wp-json\/wp\/v2\/tags?post=21860"}],"curies":[{"name":"wp","href":"https:\/\/api.w.org\/{rel}","templated":true}]}}