{"id":21829,"date":"2021-12-10T10:06:30","date_gmt":"2021-12-10T09:06:30","guid":{"rendered":"https:\/\/www.cgt-lkn.org\/bizkaia\/?p=21829"},"modified":"2021-12-10T10:07:29","modified_gmt":"2021-12-10T09:07:29","slug":"fanzine-no-2-amarradores-bilbao","status":"publish","type":"post","link":"https:\/\/www.cgt-lkn.org\/bizkaia\/archivos\/21829","title":{"rendered":"FANZINE n\u00ba 2 Amarradores Bilbao"},"content":{"rendered":"<p style=\"text-align: center\"><a href=\"https:\/\/www.cgt-lkn.org\/bizkaia\/wp-content\/uploads\/sites\/21\/2021\/12\/FANZINE-no-2-amarradores-bilbao-CGT.pdf\">FANZINE n\u00ba 2 amarradores bilbao CGT PDF<\/a><img loading=\"lazy\" decoding=\"async\" class=\"alignnone size-full wp-image-21833\" src=\"https:\/\/www.cgt-lkn.org\/bizkaia\/wp-content\/uploads\/sites\/21\/2021\/12\/portada-FANZINE-no-2-amarradores-bilbao-CGT-1-1.jpg\" width=\"503\" height=\"676\" alt=\"\" srcset=\"https:\/\/www.cgt-lkn.org\/bizkaia\/wp-content\/uploads\/sites\/21\/2021\/12\/portada-FANZINE-no-2-amarradores-bilbao-CGT-1-1.jpg 503w, https:\/\/www.cgt-lkn.org\/bizkaia\/wp-content\/uploads\/sites\/21\/2021\/12\/portada-FANZINE-no-2-amarradores-bilbao-CGT-1-1-223x300.jpg 223w\" sizes=\"auto, (max-width: 503px) 100vw, 503px\" \/><\/p>\n","protected":false},"excerpt":{"rendered":"<p>Hola a tod@s, presentamos aqu\u00ed el segundo fanzine del comit\u00e9 de <b>AMARRADORES DEL PUERTO DE BILBAO<\/b>. Traemos novedades, pero primero si quieres afiliarte a CGT-LKN, Confederaci\u00f3n General del Trabajo-<b>Lanaren Konfederakunde Nagusi <\/b>s\u00f3lo tienes que ir al enlace que tienes aqu\u00ed. Juntos somos m\u00e1s.<\/p>\n","protected":false},"author":57,"featured_media":21831,"comment_status":"closed","ping_status":"closed","sticky":false,"template":"","format":"standard","meta":{"footnotes":"","_links_to":"","_links_to_target":""},"categories":[334,173,164],"tags":[321,456,317],"class_list":["post-21829","post","type-post","status-publish","format-standard","has-post-thumbnail","hentry","category-accion-sindical-agitacion","category-boletin-de-mar-y-puertos","category-mar-y-puertos","tag-amarradores","tag-boletines","tag-mar-y-puertos"],"publishpress_future_action":{"enabled":false,"date":"2026-05-07 12:02:09","action":"change-status","newStatus":"draft","terms":[],"taxonomy":"category","extraData":[]},"publishpress_future_workflow_manual_trigger":{"enabledWorkflows":[]},"_links":{"self":[{"href":"https:\/\/www.cgt-lkn.org\/bizkaia\/wp-json\/wp\/v2\/posts\/21829","targetHints":{"allow":["GET"]}}],"collection":[{"href":"https:\/\/www.cgt-lkn.org\/bizkaia\/wp-json\/wp\/v2\/posts"}],"about":[{"href":"https:\/\/www.cgt-lkn.org\/bizkaia\/wp-json\/wp\/v2\/types\/post"}],"author":[{"embeddable":true,"href":"https:\/\/www.cgt-lkn.org\/bizkaia\/wp-json\/wp\/v2\/users\/57"}],"replies":[{"embeddable":true,"href":"https:\/\/www.cgt-lkn.org\/bizkaia\/wp-json\/wp\/v2\/comments?post=21829"}],"version-history":[{"count":1,"href":"https:\/\/www.cgt-lkn.org\/bizkaia\/wp-json\/wp\/v2\/posts\/21829\/revisions"}],"predecessor-version":[{"id":21832,"href":"https:\/\/www.cgt-lkn.org\/bizkaia\/wp-json\/wp\/v2\/posts\/21829\/revisions\/21832"}],"wp:featuredmedia":[{"embeddable":true,"href":"https:\/\/www.cgt-lkn.org\/bizkaia\/wp-json\/wp\/v2\/media\/21831"}],"wp:attachment":[{"href":"https:\/\/www.cgt-lkn.org\/bizkaia\/wp-json\/wp\/v2\/media?parent=21829"}],"wp:term":[{"taxonomy":"category","embeddable":true,"href":"https:\/\/www.cgt-lkn.org\/bizkaia\/wp-json\/wp\/v2\/categories?post=21829"},{"taxonomy":"post_tag","embeddable":true,"href":"https:\/\/www.cgt-lkn.org\/bizkaia\/wp-json\/wp\/v2\/tags?post=21829"}],"curies":[{"name":"wp","href":"https:\/\/api.w.org\/{rel}","templated":true}]}}