{"id":21429,"date":"2021-07-14T14:40:52","date_gmt":"2021-07-14T12:40:52","guid":{"rendered":"https:\/\/www.cgt-lkn.org\/bizkaia\/?p=21429"},"modified":"2021-07-14T14:40:52","modified_gmt":"2021-07-14T12:40:52","slug":"trabajador-espabila-la-pension-que-van-a-recortar-es-la-tuya","status":"publish","type":"post","link":"https:\/\/www.cgt-lkn.org\/bizkaia\/archivos\/21429","title":{"rendered":"Trabajador@, espabila, la pensi\u00f3n que van a recortar es la tuya"},"content":{"rendered":"<p style=\"text-align: justify;\"><strong><img loading=\"lazy\" decoding=\"async\" class=\"size-full wp-image-18727 alignright\" src=\"https:\/\/www.cgt-lkn.org\/bizkaia\/wp-content\/uploads\/sites\/21\/2019\/12\/pensionistas-cgt.jpg\" alt=\"\" width=\"200\" height=\"150\" srcset=\"https:\/\/www.cgt-lkn.org\/bizkaia\/wp-content\/uploads\/sites\/21\/2019\/12\/pensionistas-cgt.jpg 200w, https:\/\/www.cgt-lkn.org\/bizkaia\/wp-content\/uploads\/sites\/21\/2019\/12\/pensionistas-cgt-80x60.jpg 80w\" sizes=\"auto, (max-width: 200px) 100vw, 200px\" \/>Cumplir a\u00f1os y envejecer es algo que nos afectar\u00e1 a todos y a todas. La lucha por unas condiciones de trabajo dignas es importante. Es una lucha por el aqu\u00ed y ahora, y tambi\u00e9n por nuestro futuro y el de nuestras familias. Sin embargo, hace falta tener en cuenta una cuesti\u00f3n m\u00e1s para que esa lucha no carezca de verdadera perspectiva. Por ello, hay que empezar a pensar que el problema de las pensiones nos afecta a todos y a todas, y nos afecta mucho.<\/strong><\/p>\n<p style=\"text-align: justify;\">Con independencia de la edad que tengamos y de nuestra situaci\u00f3n actual, todos y todas aspiramos a que, alg\u00fan d\u00eda, podamos dejar de trabajar. Por ello, es imprescindible aclarar, en primer lugar, que las pensiones no s\u00f3lo afectan a aquellas personas que ya est\u00e1n jubiladas o que est\u00e1n en una edad pr\u00f3xima a la jubilaci\u00f3n. Es m\u00e1s, a quienes menos afecta el problema y el futuro de las pensiones es a quienes ya las est\u00e1n cobrando.<\/p>\n<p style=\"text-align: justify;\">Las pensiones dependen en buena medida de los puestos de trabajo de las personas que se encuentran en activo. A mayor precariedad, m\u00e1s incertidumbre en materia de pensiones. Por ello, la lucha para garantizar nuestro futuro debe ser integral, pensando no solo en el hoy, sino tambi\u00e9n en el ma\u00f1ana.<\/p>\n<p style=\"text-align: justify;\">El reciente Pacto de los mal llamados agentes sociales (CCOO-UGT-CEOE-CEPYME) con el gobierno, normaliza la precarizaci\u00f3n de las actuales pensiones, comprometiendo las futuras, con una intenci\u00f3n clara de desmantelar el sistema p\u00fablico de pensiones para privatizarlas con el objeto de aumentar los beneficios de los m\u00e1s ricos a costa del bienestar de la clase trabajadora.<\/p>\n<p style=\"text-align: justify;\">Declaraciones como las del ministro de Exclusi\u00f3n, Seguridad Social y Migraciones, Jos\u00e9 Luis Escriv\u00e1, deber\u00edan de ponernos en guardia, m\u00e1s si cabe. El ministro ha declarado que las personas nacidas entre 1950-1970 (los nacidos en el babyboom) tendr\u00e1n que hacer un esfuerzo complementario, o lo que es lo mismo: jubilarse m\u00e1s tarde y cobrar menos. Respecto a los nacidos despu\u00e9s de 1970 la situaci\u00f3n puede ser a\u00fan peor, si seguimos esta l\u00f3gica.<\/p>\n<p style=\"text-align: justify;\">Por eso, desde la CGT hacemos un llamamiento a toda la clase obrera, sin exclusiones. Con independencia de la fecha de nacimiento de cada cual, el problema de las pensiones es un asunto crucial para el futuro de todos y todas. Es imprescindible una participaci\u00f3n masiva en las pr\u00f3ximas movilizaciones para reivindicar un sistema p\u00fablico de pensiones, y a ella deber\u00edamos acudir personas de todas las edades, tanto pensionistas como en activo. Debemos entender de una vez que, cuando nos hacen sentir fuera del problema, ya nos est\u00e1n ganando la batalla.<\/p>\n<p style=\"text-align: center;\"><span style=\"color: #ff0000;\"><strong><span style=\"font-size: 18pt;\">ES UN ATAQUE A LOS PENSIONISTAS,<\/span><\/strong><\/span><br \/>\n<strong><span style=\"font-size: 18pt;\">ES UN ATAQUE A LA CLASE TRABAJADORA.<\/span><\/strong><br \/>\n<strong><span style=\"font-size: 18pt;\">\u00a1DEFI\u00c9NDETE!<\/span><\/strong><\/p>\n<p>&nbsp;<\/p>\n<p><a href=\"https:\/\/cgt.org.es\/trabajador-espabila-la-pension-que-van-a-recortar-es-la-tuya\/\" target=\"_blank\" rel=\"noopener\">(en la web de cgt estatal)<\/a><\/p>\n","protected":false},"excerpt":{"rendered":"<p style=\"text-align: justify;\">Cumplir a\u00f1os y envejecer es algo que nos afectar\u00e1 a todos y a todas. La lucha por unas condiciones de trabajo dignas es importante. Es una lucha por el aqu\u00ed y ahora, y tambi\u00e9n por nuestro futuro y el de nuestras familias. Sin embargo, hace falta tener en cuenta una cuesti\u00f3n m\u00e1s para que esa lucha no carezca de verdadera perspectiva. Por ello, hay que empezar a pensar que el problema de las pensiones nos afecta a todos y a todas, y nos afecta mucho.<\/p>\n<p style=\"text-align: justify;\">Con independencia de la edad que tengamos y de nuestra situaci\u00f3n actual, todos y todas aspiramos a que, alg\u00fan d\u00eda, podamos dejar de trabajar. Por ello, es imprescindible aclarar, en primer lugar, que las pensiones no s\u00f3lo afectan a aquellas personas que ya est\u00e1n jubiladas o que est\u00e1n en una edad pr\u00f3xima a la jubilaci\u00f3n. Es m\u00e1s, a quienes menos afecta el problema y el futuro de las pensiones es a quienes ya las est\u00e1n cobrando.<\/p>\n","protected":false},"author":57,"featured_media":18727,"comment_status":"closed","ping_status":"closed","sticky":false,"template":"","format":"standard","meta":{"footnotes":"","_links_to":"","_links_to_target":""},"categories":[46,8,140,117],"tags":[],"class_list":["post-21429","post","type-post","status-publish","format-standard","has-post-thumbnail","hentry","category-laboral","category-movilizaciones","category-pensiones","category-politica"],"publishpress_future_action":{"enabled":false,"date":"2026-05-09 05:42:21","action":"change-status","newStatus":"draft","terms":[],"taxonomy":"category","extraData":[]},"publishpress_future_workflow_manual_trigger":{"enabledWorkflows":[]},"_links":{"self":[{"href":"https:\/\/www.cgt-lkn.org\/bizkaia\/wp-json\/wp\/v2\/posts\/21429","targetHints":{"allow":["GET"]}}],"collection":[{"href":"https:\/\/www.cgt-lkn.org\/bizkaia\/wp-json\/wp\/v2\/posts"}],"about":[{"href":"https:\/\/www.cgt-lkn.org\/bizkaia\/wp-json\/wp\/v2\/types\/post"}],"author":[{"embeddable":true,"href":"https:\/\/www.cgt-lkn.org\/bizkaia\/wp-json\/wp\/v2\/users\/57"}],"replies":[{"embeddable":true,"href":"https:\/\/www.cgt-lkn.org\/bizkaia\/wp-json\/wp\/v2\/comments?post=21429"}],"version-history":[{"count":1,"href":"https:\/\/www.cgt-lkn.org\/bizkaia\/wp-json\/wp\/v2\/posts\/21429\/revisions"}],"predecessor-version":[{"id":21430,"href":"https:\/\/www.cgt-lkn.org\/bizkaia\/wp-json\/wp\/v2\/posts\/21429\/revisions\/21430"}],"wp:featuredmedia":[{"embeddable":true,"href":"https:\/\/www.cgt-lkn.org\/bizkaia\/wp-json\/wp\/v2\/media\/18727"}],"wp:attachment":[{"href":"https:\/\/www.cgt-lkn.org\/bizkaia\/wp-json\/wp\/v2\/media?parent=21429"}],"wp:term":[{"taxonomy":"category","embeddable":true,"href":"https:\/\/www.cgt-lkn.org\/bizkaia\/wp-json\/wp\/v2\/categories?post=21429"},{"taxonomy":"post_tag","embeddable":true,"href":"https:\/\/www.cgt-lkn.org\/bizkaia\/wp-json\/wp\/v2\/tags?post=21429"}],"curies":[{"name":"wp","href":"https:\/\/api.w.org\/{rel}","templated":true}]}}