{"id":21370,"date":"2021-06-10T15:04:40","date_gmt":"2021-06-10T13:04:40","guid":{"rendered":"https:\/\/www.cgt-lkn.org\/bizkaia\/?p=21370"},"modified":"2022-01-16T20:04:12","modified_gmt":"2022-01-16T19:04:12","slug":"vacuna-covid","status":"publish","type":"post","link":"https:\/\/www.cgt-lkn.org\/bizkaia\/archivos\/21370","title":{"rendered":"Vacuna covid"},"content":{"rendered":"<p>Existe una comunicaci\u00f3n del Servicio de Prestaciones y Contrataci\u00f3n Sanitaria (Direcci\u00f3n General de Asistencia Sanitaria) de 12 de mayo del presente a\u00f1o que a su vez recuerda uno previo de marzo.<\/p>\n<div>En dicha comunicaci\u00f3n se nos insta a que, en caso de efectos secundarios relacionados con la vacuna antiCOVID-19, indiquemos a los trabajadores que co<strong>ntacten con su M\u00e9dico de Atenci\u00f3n Primaria( ambulatorio)<\/strong> para que valore si precisa incapacidad temporal. ( baja)<\/div>\n<div><\/div>\n<p>En caso de que su M\u00e9dico de Atenci\u00f3n Primaria le prescriba la incapacidad temporal no procede su cobertura como IT por EC asimilado el pago de la prestaci\u00f3n a AT (IT COVID-19). As\u00ed pues, la IT tendr\u00e1 la consideraci\u00f3n de contingencia com\u00fan a todos los efectos, todo ello en funci\u00f3n de la cl\u00ednica incapacitante y el diagn\u00f3stico no COVID-19 ser\u00eda el que su m\u00e9dico considere.<\/p>\n<p><a href=\"https:\/\/t.me\/cgtlknbizkaia\"><img loading=\"lazy\" decoding=\"async\" class=\"wp-image-19213 size-medium alignleft\" src=\"https:\/\/www.cgt-lkn.org\/bizkaia\/wp-content\/uploads\/sites\/21\/2020\/04\/Telegram-CGT-LKN-Bizkaia-300x166.jpg\" alt=\"\" width=\"300\" height=\"166\" srcset=\"https:\/\/www.cgt-lkn.org\/bizkaia\/wp-content\/uploads\/sites\/21\/2020\/04\/Telegram-CGT-LKN-Bizkaia-300x166.jpg 300w, https:\/\/www.cgt-lkn.org\/bizkaia\/wp-content\/uploads\/sites\/21\/2020\/04\/Telegram-CGT-LKN-Bizkaia-200x111.jpg 200w, https:\/\/www.cgt-lkn.org\/bizkaia\/wp-content\/uploads\/sites\/21\/2020\/04\/Telegram-CGT-LKN-Bizkaia-400x221.jpg 400w, https:\/\/www.cgt-lkn.org\/bizkaia\/wp-content\/uploads\/sites\/21\/2020\/04\/Telegram-CGT-LKN-Bizkaia.jpg 600w\" sizes=\"auto, (max-width: 300px) 100vw, 300px\" \/><\/a><\/p>\n<p><a href=\"https:\/\/www.cgt-lkn.org\/afiliar\/public\/#!\/\"><img loading=\"lazy\" decoding=\"async\" class=\"wp-image-20084 size-full aligncenter\" src=\"https:\/\/www.cgt-lkn.org\/bizkaia\/wp-content\/uploads\/sites\/21\/2020\/06\/Vacunate-afiliate-a-CGT.jpg\" alt=\"\" width=\"268\" height=\"188\" srcset=\"https:\/\/www.cgt-lkn.org\/bizkaia\/wp-content\/uploads\/sites\/21\/2020\/06\/Vacunate-afiliate-a-CGT.jpg 268w, https:\/\/www.cgt-lkn.org\/bizkaia\/wp-content\/uploads\/sites\/21\/2020\/06\/Vacunate-afiliate-a-CGT-200x140.jpg 200w\" sizes=\"auto, (max-width: 268px) 100vw, 268px\" \/><\/a><\/p>\n","protected":false},"excerpt":{"rendered":"<p>Te pones la vacuna covid, \u00bfQue pasa si te da fiebre y no puedes ir\u00a0 a trabajar ese d\u00eda?<\/p>\n<p>&nbsp;<\/p>\n","protected":false},"author":57,"featured_media":19003,"comment_status":"closed","ping_status":"closed","sticky":false,"template":"","format":"standard","meta":{"footnotes":"","_links_to":"","_links_to_target":""},"categories":[29,186,46,7,19,161],"tags":[189,211,190,453],"class_list":["post-21370","post","type-post","status-publish","format-standard","has-post-thumbnail","hentry","category-asesoria-juridica","category-coronavirus-covid19","category-laboral","category-legislacion-laboral","category-salud-laboral","category-sectores","tag-covid19","tag-asesoria","tag-salud-laboral","tag-vacuna"],"publishpress_future_action":{"enabled":false,"date":"2026-05-09 07:03:47","action":"change-status","newStatus":"draft","terms":[],"taxonomy":"category","extraData":[]},"publishpress_future_workflow_manual_trigger":{"enabledWorkflows":[]},"_links":{"self":[{"href":"https:\/\/www.cgt-lkn.org\/bizkaia\/wp-json\/wp\/v2\/posts\/21370","targetHints":{"allow":["GET"]}}],"collection":[{"href":"https:\/\/www.cgt-lkn.org\/bizkaia\/wp-json\/wp\/v2\/posts"}],"about":[{"href":"https:\/\/www.cgt-lkn.org\/bizkaia\/wp-json\/wp\/v2\/types\/post"}],"author":[{"embeddable":true,"href":"https:\/\/www.cgt-lkn.org\/bizkaia\/wp-json\/wp\/v2\/users\/57"}],"replies":[{"embeddable":true,"href":"https:\/\/www.cgt-lkn.org\/bizkaia\/wp-json\/wp\/v2\/comments?post=21370"}],"version-history":[{"count":5,"href":"https:\/\/www.cgt-lkn.org\/bizkaia\/wp-json\/wp\/v2\/posts\/21370\/revisions"}],"predecessor-version":[{"id":21973,"href":"https:\/\/www.cgt-lkn.org\/bizkaia\/wp-json\/wp\/v2\/posts\/21370\/revisions\/21973"}],"wp:featuredmedia":[{"embeddable":true,"href":"https:\/\/www.cgt-lkn.org\/bizkaia\/wp-json\/wp\/v2\/media\/19003"}],"wp:attachment":[{"href":"https:\/\/www.cgt-lkn.org\/bizkaia\/wp-json\/wp\/v2\/media?parent=21370"}],"wp:term":[{"taxonomy":"category","embeddable":true,"href":"https:\/\/www.cgt-lkn.org\/bizkaia\/wp-json\/wp\/v2\/categories?post=21370"},{"taxonomy":"post_tag","embeddable":true,"href":"https:\/\/www.cgt-lkn.org\/bizkaia\/wp-json\/wp\/v2\/tags?post=21370"}],"curies":[{"name":"wp","href":"https:\/\/api.w.org\/{rel}","templated":true}]}}