{"id":21350,"date":"2021-06-04T16:32:57","date_gmt":"2021-06-04T14:32:57","guid":{"rendered":"https:\/\/www.cgt-lkn.org\/bizkaia\/?p=21350"},"modified":"2021-09-07T09:36:05","modified_gmt":"2021-09-07T07:36:05","slug":"la-crisis-tiene-solucion-reparto-de-la-riqueza","status":"publish","type":"post","link":"https:\/\/www.cgt-lkn.org\/bizkaia\/archivos\/21350","title":{"rendered":"La crisis tiene soluci\u00f3n: reparto de la riqueza"},"content":{"rendered":"<p style=\"text-align: center\"><span data-mce-type=\"bookmark\" style=\"width: 0px;overflow: hidden;line-height: 0\" class=\"mce_SELRES_start\" align=\"center\"><span data-mce-type=\"bookmark\" style=\"width: 0px;overflow: hidden;line-height: 0\" class=\"mce_SELRES_start\">\ufeff<\/span>\ufeff<\/span><\/p>\n<p style=\"text-align: justify\"><img loading=\"lazy\" decoding=\"async\" class=\"wp-image-21352 alignright\" src=\"https:\/\/www.cgt-lkn.org\/bizkaia\/wp-content\/uploads\/sites\/21\/2021\/06\/c3c64fd6-e465-4183-9b72-dc9ee546bebe.jpg\" alt=\"\" width=\"200\" height=\"283\" srcset=\"https:\/\/www.cgt-lkn.org\/bizkaia\/wp-content\/uploads\/sites\/21\/2021\/06\/c3c64fd6-e465-4183-9b72-dc9ee546bebe.jpg 566w, https:\/\/www.cgt-lkn.org\/bizkaia\/wp-content\/uploads\/sites\/21\/2021\/06\/c3c64fd6-e465-4183-9b72-dc9ee546bebe-212x300.jpg 212w, https:\/\/www.cgt-lkn.org\/bizkaia\/wp-content\/uploads\/sites\/21\/2021\/06\/c3c64fd6-e465-4183-9b72-dc9ee546bebe-300x424.jpg 300w\" sizes=\"auto, (max-width: 200px) 100vw, 200px\" \/><\/p>\n<p style=\"text-align: justify\">El pasado a\u00f1o, la MARTXA contra la precariedad fue la primera gran movilizaci\u00f3n en EZKERRALDEA tras el estallido de la pandemia. La crisis sanitaria que quedaba patente no se pod\u00eda aislar de la crisis social, econ\u00f3mica, ecol\u00f3gica, de cuidados y democr\u00e1tica que ven\u00edamos arrastrando y, a pesar de estar en un momento de shock, decidimos tomar las calles de nuestra comarca.<br \/>\nDurante este a\u00f1o, hemos comprobado como el capitalismo m\u00e1s neoliberal, aprovechando la excusa de la pandemia, contin\u00faa con su objetivo de acumular m\u00e1s dinero en menos manos. Las recetas se parecen mucho a las que tanta miseria nos trajeron en la crisis de 2008, Van a tratar de que el aumento de deuda p\u00fablica lo paguemos mediante recortes sociales. Los \u00abhombres de negro\u00bb o la troika de la pasada d\u00e9cada, aunque con otros nombres, van a volver a escena como contrapartida de los Fondos europeos. Adem\u00e1s de tratar de enriquecerse empobreci\u00e9ndonos, est\u00e1n creando un caldo de cultivo para el autoritarismo y el fascismo, que cada vez nos acechan con m\u00e1s fuerza.<br \/>\nEn este contexto, es el momento de luchar por que la salida a esta crisis sea diferente. La movilizaci\u00f3n es nuestra herramienta. Razones para continuar combatiendo el sistema tenemos de sobra. Para muestra un bot\u00f3n. La banca ha anunciado hace escasos d\u00edas que pretende destruir a 19.000 empleos, a la vez que aporta en sus datos 7.800 millones de euros de beneficios.<br \/>\nLas luchas de los \u00faltimos tiempos demuestran que EZKERRALDEA EST\u00c1 EN MARTXA. La lucha continua del movimiento pensionista, anti-desahucios, del feminismo, de j\u00f3venes, contra los recortes y los derechos sociales, del ecologismo, las huelgas en numerosas empresas contra los despidos o por la mejora de las condiciones laborales&#8230;sin olvidar la huelga general del 30 de enero del pasado a\u00f1o, o la manifestaci\u00f3n del 17 de abril en Sestao, donde m\u00e1s de 2.000 personas salimos a la calle en defensa de nuestro futuro, marca el camino a seguir.<br \/>\nEl s\u00e1bado 19 de junio, a las 12h tenemos una nueva cita en la Plaza del Kasko de Sestao, de donde partir\u00e1 otro a\u00f1o m\u00e1s la MARTXA CONTRA LA PRECARIEDAD, LOS RECORTES SOCIALES Y LOS GASTOS MILITARES 2021, para acabar en la Plaza Gernika de Santurtzi.<br \/>\n\u00a1Es el momento de poner la vida en el centro! +\u00bb -Por la derogaci\u00f3n de las Reformas Laborales y de Pensiones 2011 y 2013<\/p>\n<ul>\n<li style=\"text-align: justify\">Por una Reforma Fiscal en la que quienes m\u00e1s tienen paguen la factura del COVID +\u00bb -Contra el gasto militar y de macroinfraestucturas<\/li>\n<li style=\"text-align: justify\">Por unos Servicios P\u00fablicos de calidad<\/li>\n<li style=\"text-align: justify\">Contra los desahucios y el derecho a una vivienda digna<\/li>\n<li style=\"text-align: justify\">Por unas Prestaciones Sociales que garanticen salir de la exclusi\u00f3n y la pobreza<\/li>\n<li style=\"text-align: justify\">Por un sistema p\u00fablico que dignifique los cuidados<\/li>\n<li style=\"text-align: justify\">Por una pensi\u00f3n digna, con un m\u00ednimo de 1080\u20ac<\/li>\n<li style=\"text-align: justify\">Por un salario m\u00ednimo de 1200 \u20ac<\/li>\n<li style=\"text-align: justify\">Por un futuro real y digno para La juventud de Ezkerraldea<\/li>\n<li style=\"text-align: justify\">Por una sociedad que ofrezca oportunidades para vivir en euskera<\/li>\n<li style=\"text-align: justify\">Por una sociedad feminista que acabe con la violencia sexista<\/li>\n<\/ul>\n<p style=\"text-align: center\"><span style=\"font-size: 14pt\"><strong>19 DE JUNIO. 12H<\/strong><\/span><br \/>\n<span style=\"font-size: 14pt\"><strong>PLAZA DEL KASKO, SESTAO<\/strong><\/span><\/p>\n<p style=\"text-align: center\"><span style=\"font-size: 14pt\"><strong>Ezkerraldeko Eragile Sozial eta Sindikalak<\/strong><\/span><\/p>\n<p style=\"text-align: center\"><img loading=\"lazy\" decoding=\"async\" class=\"aligncenter size-full wp-image-21351\" src=\"https:\/\/www.cgt-lkn.org\/bizkaia\/wp-content\/uploads\/sites\/21\/2021\/06\/34c375c4-08b5-4f04-af88-ce92e1bf7824.jpg\" alt=\"\" width=\"566\" height=\"800\" srcset=\"https:\/\/www.cgt-lkn.org\/bizkaia\/wp-content\/uploads\/sites\/21\/2021\/06\/34c375c4-08b5-4f04-af88-ce92e1bf7824.jpg 566w, https:\/\/www.cgt-lkn.org\/bizkaia\/wp-content\/uploads\/sites\/21\/2021\/06\/34c375c4-08b5-4f04-af88-ce92e1bf7824-212x300.jpg 212w, https:\/\/www.cgt-lkn.org\/bizkaia\/wp-content\/uploads\/sites\/21\/2021\/06\/34c375c4-08b5-4f04-af88-ce92e1bf7824-300x424.jpg 300w\" sizes=\"auto, (max-width: 566px) 100vw, 566px\" \/><\/p>\n","protected":false},"excerpt":{"rendered":"<p style=\"text-align: justify\">El pasado a\u00f1o, la MARTXA contra la precariedad fue la primera gran movilizaci\u00f3n en EZKERRALDEA tras el estallido de la pandemia. La crisis sanitaria que quedaba patente no se pod\u00eda aislar de la crisis social, econ\u00f3mica, ecol\u00f3gica, de cuidados y democr\u00e1tica que ven\u00edamos arrastrando y, a pesar de estar en un momento de shock, decidimos tomar las calles de nuestra comarca.<br \/>\nDurante este a\u00f1o, hemos comprobado como el capitalismo m\u00e1s neoliberal, aprovechando la excusa de la pandemia, contin\u00faa con su objetivo de acumular m\u00e1s dinero en menos manos. Las recetas se parecen mucho a las que tanta miseria nos trajeron en la crisis de 2008, Van a tratar de que el aumento de deuda p\u00fablica lo paguemos mediante recortes sociales. Los \u00abhombres de negro\u00bb o la troika de la pasada d\u00e9cada, aunque con otros nombres, van a volver a escena como contrapartida de los Fondos europeos. Adem\u00e1s de tratar de enriquecerse empobreci\u00e9ndonos, est\u00e1n creando un caldo de cultivo para el autoritarismo y el fascismo, que cada vez nos acechan con m\u00e1s fuerza.<\/p>\n","protected":false},"author":57,"featured_media":21352,"comment_status":"closed","ping_status":"closed","sticky":false,"template":"","format":"standard","meta":{"footnotes":"","_links_to":"","_links_to_target":""},"categories":[411,16,8,117,51,15],"tags":[],"class_list":["post-21350","post","type-post","status-publish","format-standard","has-post-thumbnail","hentry","category-accion-social","category-emakume-mujer","category-movilizaciones","category-politica","category-servicios-publicos","category-social"],"publishpress_future_action":{"enabled":false,"date":"2026-05-09 05:43:28","action":"change-status","newStatus":"draft","terms":[],"taxonomy":"category","extraData":[]},"publishpress_future_workflow_manual_trigger":{"enabledWorkflows":[]},"_links":{"self":[{"href":"https:\/\/www.cgt-lkn.org\/bizkaia\/wp-json\/wp\/v2\/posts\/21350","targetHints":{"allow":["GET"]}}],"collection":[{"href":"https:\/\/www.cgt-lkn.org\/bizkaia\/wp-json\/wp\/v2\/posts"}],"about":[{"href":"https:\/\/www.cgt-lkn.org\/bizkaia\/wp-json\/wp\/v2\/types\/post"}],"author":[{"embeddable":true,"href":"https:\/\/www.cgt-lkn.org\/bizkaia\/wp-json\/wp\/v2\/users\/57"}],"replies":[{"embeddable":true,"href":"https:\/\/www.cgt-lkn.org\/bizkaia\/wp-json\/wp\/v2\/comments?post=21350"}],"version-history":[{"count":5,"href":"https:\/\/www.cgt-lkn.org\/bizkaia\/wp-json\/wp\/v2\/posts\/21350\/revisions"}],"predecessor-version":[{"id":21536,"href":"https:\/\/www.cgt-lkn.org\/bizkaia\/wp-json\/wp\/v2\/posts\/21350\/revisions\/21536"}],"wp:featuredmedia":[{"embeddable":true,"href":"https:\/\/www.cgt-lkn.org\/bizkaia\/wp-json\/wp\/v2\/media\/21352"}],"wp:attachment":[{"href":"https:\/\/www.cgt-lkn.org\/bizkaia\/wp-json\/wp\/v2\/media?parent=21350"}],"wp:term":[{"taxonomy":"category","embeddable":true,"href":"https:\/\/www.cgt-lkn.org\/bizkaia\/wp-json\/wp\/v2\/categories?post=21350"},{"taxonomy":"post_tag","embeddable":true,"href":"https:\/\/www.cgt-lkn.org\/bizkaia\/wp-json\/wp\/v2\/tags?post=21350"}],"curies":[{"name":"wp","href":"https:\/\/api.w.org\/{rel}","templated":true}]}}