{"id":21306,"date":"2021-05-17T12:16:59","date_gmt":"2021-05-17T10:16:59","guid":{"rendered":"https:\/\/www.cgt-lkn.org\/bizkaia\/?p=21306"},"modified":"2021-05-30T12:18:09","modified_gmt":"2021-05-30T10:18:09","slug":"nakba-2021-contra-el-apartheid-israel","status":"publish","type":"post","link":"https:\/\/www.cgt-lkn.org\/bizkaia\/archivos\/21306","title":{"rendered":"Nakba 2021, contra el apartheid israel"},"content":{"rendered":"<p><img loading=\"lazy\" decoding=\"async\" class=\"aligncenter size-full wp-image-21307\" src=\"https:\/\/www.cgt-lkn.org\/bizkaia\/wp-content\/uploads\/sites\/21\/2021\/05\/CGT-NAkba-2021_0.jpg\" alt=\"\" width=\"567\" height=\"401\" srcset=\"https:\/\/www.cgt-lkn.org\/bizkaia\/wp-content\/uploads\/sites\/21\/2021\/05\/CGT-NAkba-2021_0.jpg 567w, https:\/\/www.cgt-lkn.org\/bizkaia\/wp-content\/uploads\/sites\/21\/2021\/05\/CGT-NAkba-2021_0-300x212.jpg 300w\" sizes=\"auto, (max-width: 567px) 100vw, 567px\" \/>Desde la <strong>Confederaci\u00f3n General del Trabajo<\/strong> nos sumamos a la denuncia internacional contra la ocupaci\u00f3n de los territorios habitados por el Pueblo Palestino por parte del Estado de Israel.<\/p>\n<p>Ma\u00f1ana, 15 de mayo, nos uniremos a la conmemoraci\u00f3n de la <strong>Nakba<\/strong> o denuncia de la cat\u00e1strofe que supuso la creaci\u00f3n del estado sionista de Israel el mismo d\u00eda 15 de mayo de 1948, desastre, cat\u00e1strofe que contin\u00faa en la actualidad.\u00a0 La Nakba est\u00e1 prohibida por Israel, no s\u00f3lo la conmemoraci\u00f3n sino, incluso la palabra.<\/p>\n<p>Como hemos podido constatar en estos \u00faltimos d\u00edas, el Estado de Israel continua la represi\u00f3n del Pueblo Palestino todos los d\u00edas, represi\u00f3n que se ha intensificado en estos d\u00edas en Gaza con un balance de al menos 109 palestinos, entre milicianos y civiles, incluidos 28 civiles menores y m\u00e1s de 500 personas han resultado heridas, seg\u00fan informa el Ministerio de Sanidad Palestino.<\/p>\n<p>Pero estos hechos no son puntuales, son <strong>73 a\u00f1os de cr\u00edmenes, violaci\u00f3n de todos los derechos humanos, invasi\u00f3n y colonizaci\u00f3n del territorio palestino<\/strong>, sometimiento de la poblaci\u00f3n palestina a leyes absolutamente discriminatorias y profundamente racistas.<\/p>\n<p>Es por ello, que desde la <strong>Campa\u00f1a Internacional de Boicot. Desinversiones y Sanciones a Israel,<\/strong> de la que forma parte CGT, se ha convocado una semana para denunciar la pol\u00edtica de Apartheid por parte de Israel contra el Pueblo Palestino desde estos ya 73 a\u00f1os.<\/p>\n<p>Por otra parte, son tambi\u00e9n 73 a\u00f1os de impunidad.\u00a0 A pesar del lavado de cara de la Uni\u00f3n Europea pidiendo el cese de la escalada de violencia en Gaza de estos d\u00edas, son muchas las resoluciones de la U\u20ac y de la ONU condenando al Estado de Israel por su pol\u00edtica de exterminio contra el pueblo Palestino y ninguna sanci\u00f3n se ha llevado a cabo.<\/p>\n<p>Por otra parte, saludamos la <strong>digna resistencia de estos 73 a\u00f1os del Pueblo Palestino<\/strong> y su clase trabajadora, que d\u00eda a d\u00eda construyen las vidas que desean vivir en paz y libertad.<\/p>\n<p>Desde el anarcosindicalismo sabemos que la \u00fanica respuesta efectiva es y ser\u00e1 la movilizaci\u00f3n social y sindical, solidaria e internacionalista. Es por ello que llamamos a la afiliaci\u00f3n, secciones y confederaciones a movilizarse en esta denuncia al Apartheid y Exterminio del Pueblo Palestino, con denuncias en las redes sociales y participando en las movilizaciones convocadas en sus territorios.<\/p>\n<ul>\n<li>Exigimos la inmediata devoluci\u00f3n de todos los territorios ocupados y por supuesto, que no se ocupen ni anexione m\u00e1s territorio palestino.<\/li>\n<li>Igualmente exigimos el cese de la violencia diaria, las detenciones, torturas y juicios pendientes desde hace decenas de a\u00f1os.<\/li>\n<\/ul>\n<p>&nbsp;<\/p>\n<p style=\"text-align: center;\"><strong>73 a\u00f1os de ocupaci\u00f3n y colonizaci\u00f3n israel\u00ed de Palestina.\u00a0 \u00a1\u00a1Basta ya!!<\/strong><\/p>\n","protected":false},"excerpt":{"rendered":"<p style=\"text-align: justify;\">Desde la <strong>Confederaci\u00f3n General del Trabajo<\/strong> nos sumamos a la denuncia internacional contra la ocupaci\u00f3n de los territorios habitados por el Pueblo Palestino por parte del Estado de Israel.<\/p>\n<p style=\"text-align: justify;\">Ma\u00f1ana, 15 de mayo, nos uniremos a la conmemoraci\u00f3n de la <strong>Nakba<\/strong> o denuncia de la cat\u00e1strofe que supuso la creaci\u00f3n del estado sionista de Israel el mismo d\u00eda 15 de mayo de 1948, desastre, cat\u00e1strofe que contin\u00faa en la actualidad.\u00a0 La Nakba est\u00e1 prohibida por Israel, no s\u00f3lo la conmemoraci\u00f3n sino, incluso la palabra.<\/p>\n<p style=\"text-align: justify;\">Como hemos podido constatar en estos \u00faltimos d\u00edas, el Estado de Israel continua la represi\u00f3n del Pueblo Palestino todos los d\u00edas, represi\u00f3n que se ha intensificado en estos d\u00edas en Gaza con un balance de al menos 109 palestinos, entre milicianos y civiles, incluidos 28 civiles menores y m\u00e1s de 500 personas han resultado heridas, seg\u00fan informa el Ministerio de Sanidad Palestino.<\/p>\n<p style=\"text-align: justify;\">Pero estos hechos no son puntuales, son <strong>73 a\u00f1os de cr\u00edmenes, violaci\u00f3n de todos los derechos humanos, invasi\u00f3n y colonizaci\u00f3n del territorio palestino<\/strong>, sometimiento de la poblaci\u00f3n palestina a leyes absolutamente discriminatorias y profundamente racistas.<\/p>\n","protected":false},"author":57,"featured_media":21307,"comment_status":"closed","ping_status":"closed","sticky":false,"template":"","format":"standard","meta":{"footnotes":"","_links_to":"","_links_to_target":""},"categories":[45,98,15],"tags":[],"class_list":["post-21306","post","type-post","status-publish","format-standard","has-post-thumbnail","hentry","category-internacional","category-represion","category-social"],"publishpress_future_action":{"enabled":false,"date":"2026-05-08 08:42:05","action":"change-status","newStatus":"draft","terms":[],"taxonomy":"category","extraData":[]},"publishpress_future_workflow_manual_trigger":{"enabledWorkflows":[]},"_links":{"self":[{"href":"https:\/\/www.cgt-lkn.org\/bizkaia\/wp-json\/wp\/v2\/posts\/21306","targetHints":{"allow":["GET"]}}],"collection":[{"href":"https:\/\/www.cgt-lkn.org\/bizkaia\/wp-json\/wp\/v2\/posts"}],"about":[{"href":"https:\/\/www.cgt-lkn.org\/bizkaia\/wp-json\/wp\/v2\/types\/post"}],"author":[{"embeddable":true,"href":"https:\/\/www.cgt-lkn.org\/bizkaia\/wp-json\/wp\/v2\/users\/57"}],"replies":[{"embeddable":true,"href":"https:\/\/www.cgt-lkn.org\/bizkaia\/wp-json\/wp\/v2\/comments?post=21306"}],"version-history":[{"count":1,"href":"https:\/\/www.cgt-lkn.org\/bizkaia\/wp-json\/wp\/v2\/posts\/21306\/revisions"}],"predecessor-version":[{"id":21308,"href":"https:\/\/www.cgt-lkn.org\/bizkaia\/wp-json\/wp\/v2\/posts\/21306\/revisions\/21308"}],"wp:featuredmedia":[{"embeddable":true,"href":"https:\/\/www.cgt-lkn.org\/bizkaia\/wp-json\/wp\/v2\/media\/21307"}],"wp:attachment":[{"href":"https:\/\/www.cgt-lkn.org\/bizkaia\/wp-json\/wp\/v2\/media?parent=21306"}],"wp:term":[{"taxonomy":"category","embeddable":true,"href":"https:\/\/www.cgt-lkn.org\/bizkaia\/wp-json\/wp\/v2\/categories?post=21306"},{"taxonomy":"post_tag","embeddable":true,"href":"https:\/\/www.cgt-lkn.org\/bizkaia\/wp-json\/wp\/v2\/tags?post=21306"}],"curies":[{"name":"wp","href":"https:\/\/api.w.org\/{rel}","templated":true}]}}