{"id":21301,"date":"2021-05-17T18:44:42","date_gmt":"2021-05-17T16:44:42","guid":{"rendered":"https:\/\/www.cgt-lkn.org\/bizkaia\/?p=21301"},"modified":"2021-05-17T18:44:52","modified_gmt":"2021-05-17T16:44:52","slug":"el-15m-sigue-vivo-como-un-modelo-de-inclusividad-y-concienciacion","status":"publish","type":"post","link":"https:\/\/www.cgt-lkn.org\/bizkaia\/archivos\/21301","title":{"rendered":"El 15M sigue \u201cvivo\u201d como un modelo de inclusividad y concienciaci\u00f3n"},"content":{"rendered":"<p>Galeano: \u201c<em>Mucha gente peque\u00f1a, en lugares peque\u00f1os, haciendo cosas peque\u00f1as, puede cambiar el mundo<\/em>\u201d.<\/p>\n<p><img loading=\"lazy\" decoding=\"async\" class=\"alignnone size-full wp-image-21309\" src=\"https:\/\/www.cgt-lkn.org\/bizkaia\/wp-content\/uploads\/sites\/21\/2021\/05\/IMG_2701.jpg\" width=\"600\" height=\"450\" alt=\"\" srcset=\"https:\/\/www.cgt-lkn.org\/bizkaia\/wp-content\/uploads\/sites\/21\/2021\/05\/IMG_2701.jpg 600w, https:\/\/www.cgt-lkn.org\/bizkaia\/wp-content\/uploads\/sites\/21\/2021\/05\/IMG_2701-300x225.jpg 300w\" sizes=\"auto, (max-width: 600px) 100vw, 600px\" \/><\/p>\n<p>Anteriormente al 15 de Mayo del 2011, los partidos pol\u00edticos ocupaban todo el espacio pol\u00edtico quitando el protagonismo a la sociedad civil. El 15M con la ocupaci\u00f3n de las plazas, con sus asambleas horizontales, con su organizaci\u00f3n autogestionaria,\u00a0ausencia de representantes, revocabilidad, democracia directa y consenso, consigui\u00f3 el empoderamiento de la sociedad civil al grito de\u00a0<strong>NO NOS REPRESENTAN, LE LLAMAN DEMOCRACIA Y NO LO ES.<\/strong><\/p>\n<p>Tanto los gobernantes de entonces como\u00a0 la mayor\u00eda de los partidos pol\u00edticos, se dedicaron a combatir este movimiento, descalificando y reprimi\u00e9ndole. (Hoy c\u00ednicamente nos dicen que fue positivo). El 15M fue un momento de\u00a0<strong>encuentro de la sociedad civil que consigui\u00f3 desbordar a los pol\u00edticos<\/strong>, demostrando\u00a0que\u00a0 si queremos cambiar las cosa las tenemos que hacer por nosotrxs mismxs y con nuestros medios.<\/p>\n<p><strong>Este sistema organizativo entre iguales, basado en la cooperaci\u00f3n, ha demostrado ser m\u00e1s efectivo que las formas organizativas verticales<\/strong>\u00a0de los partidos pol\u00edticos de izquierda y del sindicalismo institucional, como lo demuestra la gran demostraci\u00f3n del movimiento feminista y del movimiento pensionista.<\/p>\n<p><strong>Uno de los logros del 15M fue la creaci\u00f3n de conciencia pol\u00edtica y movilizaci\u00f3n colectiva<\/strong>, a trav\u00e9s de un movimiento asambleario, plural, inclusivo y democr\u00e1tico, que posteriormente se decant\u00f3 cuando se desmontaron las acampadas, por el impulso de nuevas iniciativas diversificadas en mareas, en plataformas de afectados por las hipotecas, en asambleas de barrio, cooperativas, colectivos como Auditor\u00eda Ciudadana de la Deuda o el 15Mparato, que ha conseguido gracias al apoyo econ\u00f3mico ciudadano destapar la corrupci\u00f3n en Bankia.<\/p>\n<p>Otros de los muchos logros del 15M ha sido\u00a0<strong>la capacidad de marcar la agenda pol\u00edtica de los partidos<\/strong>, no solo los emergentes, donde la reforma constitucional, el derechos a decidir en las cuestiones fundamentales, la trasparencia, la reforma electoral, el impago de la deuda ileg\u00edtima, la renta de garant\u00eda, entre otras, figuran hoy en los programas electorales de los partidos.<\/p>\n<p>No hay duda que el 15M est\u00e1 vivo y el trabajo autogestionado desde la asamblea, fuera de la l\u00f3gica electoral,\u00a0<strong>ha demostrado capacidad para dar soluciones a los problemas reales de la gente<\/strong>, con movilizaciones\u00a0 masivas y persistentes como las del movimiento de pensionistas, en la lucha contra la privatizaci\u00f3n de las pensiones o de las mareas en defensa de la sanidad o la ense\u00f1anza p\u00fablica, o con la utilizaci\u00f3n de la desobediencia civil, como en las luchas para impedir los desalojos de las personas afectadas por las hipotecas.<\/p>\n<p>La asamblea del 15M, fue\u00a0<strong>un espacio de confrontaci\u00f3n cr\u00edtica de opiniones<\/strong>. Un lugar para aprender a escuchar y compartir. Un lugar para la b\u00fasqueda del consenso, un eclipse de las figuras carism\u00e1ticas basadas en el arte de la palabra y un lugar para el impulso de la acci\u00f3n.<\/p>\n<p>El 15M fue un movimiento horizontal que\u00a0<strong>nada tiene que ver con Podemos que es un partido jer\u00e1rquico<\/strong>. El\u00a0<strong>15M rechazaba los liderazgos fuertes, las figuras carism\u00e1ticas y el culto a la personalidad<\/strong>. El 15M jam\u00e1s renunci\u00f3 a su m\u00e9todo asambleario y a su pr\u00e1ctica de la no violencia. Podemos cambia continuamente de programa y de estructura seg\u00fan lo dicte su c\u00fapula.\u00a0<strong>El 15M sigue vivo como modelo de inclusividad y concienciaci\u00f3n<\/strong>.<\/p>\n","protected":false},"excerpt":{"rendered":"<p>El 15M con la ocupaci\u00f3n de las plazas, con sus asambleas horizontales, con su organizaci\u00f3n autogestionaria,\u00a0ausencia de representantes, revocabilidad, democracia directa y consenso, consigui\u00f3 el empoderamiento de la sociedad civil al grito de\u00a0<strong>NO NOS REPRESENTAN, LE LLAMAN DEMOCRACIA Y NO LO ES.<\/strong><\/p>\n","protected":false},"author":171,"featured_media":12260,"comment_status":"closed","ping_status":"closed","sticky":false,"template":"","format":"standard","meta":{"footnotes":"","_links_to":"","_links_to_target":""},"categories":[411,6,26,117,15],"tags":[58,434,118],"class_list":["post-21301","post","type-post","status-publish","format-standard","has-post-thumbnail","hentry","category-accion-social","category-el-oraculo","category-opinion","category-politica","category-social","tag-democracia-real-ya","tag-accion-social","tag-politica"],"publishpress_future_action":{"enabled":false,"date":"2026-05-08 10:12:05","action":"change-status","newStatus":"draft","terms":[],"taxonomy":"category","extraData":[]},"publishpress_future_workflow_manual_trigger":{"enabledWorkflows":[]},"_links":{"self":[{"href":"https:\/\/www.cgt-lkn.org\/bizkaia\/wp-json\/wp\/v2\/posts\/21301","targetHints":{"allow":["GET"]}}],"collection":[{"href":"https:\/\/www.cgt-lkn.org\/bizkaia\/wp-json\/wp\/v2\/posts"}],"about":[{"href":"https:\/\/www.cgt-lkn.org\/bizkaia\/wp-json\/wp\/v2\/types\/post"}],"author":[{"embeddable":true,"href":"https:\/\/www.cgt-lkn.org\/bizkaia\/wp-json\/wp\/v2\/users\/171"}],"replies":[{"embeddable":true,"href":"https:\/\/www.cgt-lkn.org\/bizkaia\/wp-json\/wp\/v2\/comments?post=21301"}],"version-history":[{"count":1,"href":"https:\/\/www.cgt-lkn.org\/bizkaia\/wp-json\/wp\/v2\/posts\/21301\/revisions"}],"predecessor-version":[{"id":21302,"href":"https:\/\/www.cgt-lkn.org\/bizkaia\/wp-json\/wp\/v2\/posts\/21301\/revisions\/21302"}],"wp:featuredmedia":[{"embeddable":true,"href":"https:\/\/www.cgt-lkn.org\/bizkaia\/wp-json\/wp\/v2\/media\/12260"}],"wp:attachment":[{"href":"https:\/\/www.cgt-lkn.org\/bizkaia\/wp-json\/wp\/v2\/media?parent=21301"}],"wp:term":[{"taxonomy":"category","embeddable":true,"href":"https:\/\/www.cgt-lkn.org\/bizkaia\/wp-json\/wp\/v2\/categories?post=21301"},{"taxonomy":"post_tag","embeddable":true,"href":"https:\/\/www.cgt-lkn.org\/bizkaia\/wp-json\/wp\/v2\/tags?post=21301"}],"curies":[{"name":"wp","href":"https:\/\/api.w.org\/{rel}","templated":true}]}}