{"id":21162,"date":"2021-04-14T09:20:58","date_gmt":"2021-04-14T07:20:58","guid":{"rendered":"https:\/\/www.cgt-lkn.org\/bizkaia\/?p=21162"},"modified":"2022-01-16T20:05:53","modified_gmt":"2022-01-16T19:05:53","slug":"cgt-fesim-considera-insuficiente-la-partida-presupuestaria-de-los-fondos-europeos-destinada-a-las-victimas-del-amianto-y-exige-al-gobierno-la-aplicacion-de-los-coeficientes-reductores","status":"publish","type":"post","link":"https:\/\/www.cgt-lkn.org\/bizkaia\/archivos\/21162","title":{"rendered":"CGT FESIM considera insuficiente la partida presupuestaria de los Fondos Europeos destinada a las v\u00edctimas del amianto y exige al Gobierno la aplicaci\u00f3n de los coeficientes reductores"},"content":{"rendered":"<p><img loading=\"lazy\" decoding=\"async\" class=\" wp-image-21163 alignright\" src=\"https:\/\/www.cgt-lkn.org\/bizkaia\/wp-content\/uploads\/sites\/21\/2021\/04\/amianto-CGT.jpg\" alt=\"\" width=\"362\" height=\"241\" srcset=\"https:\/\/www.cgt-lkn.org\/bizkaia\/wp-content\/uploads\/sites\/21\/2021\/04\/amianto-CGT.jpg 600w, https:\/\/www.cgt-lkn.org\/bizkaia\/wp-content\/uploads\/sites\/21\/2021\/04\/amianto-CGT-300x200.jpg 300w\" sizes=\"auto, (max-width: 362px) 100vw, 362px\" \/>La Confederaci\u00f3n General del Trabajo (CGT) vuelve a remitir al Ejecutivo de PSOE-UP un documento en el que exige la aplicaci\u00f3n del Real Decreto 1698\/2011 de coeficientes reductores para aquellos trabajos que sean de naturaleza excepcionalmente penosa, t\u00f3xica, peligrosa o insalubre, y que acusen elevados \u00edndices de morbilidad o mortalidad para quienes tengan que realizarlos.<\/p>\n<p>La organizaci\u00f3n anarcosindicalista ha expuesto en este nuevo escrito, dirigido tambi\u00e9n a la mayor\u00eda de los grupos parlamentarios, que la aprobaci\u00f3n de estos fondos econ\u00f3micos, para un tema tan grave, es insuficiente porque no elimina el verdadero problema que es la existencia de miles de toneladas de material de amianto en todo el Estado y la falta de un protocolo para su retirada total a corto plazo.<\/p>\n<p>En este sentido, desde CGT reprochan a todos estos grupos pol\u00edticos que desde ning\u00fan Gobierno se haya puesto en marcha ning\u00fan paquete de medidas o acciones para eliminar de numerosos centros de trabajo a lo largo y ancho del Estado espa\u00f1ol este material altamente cancer\u00edgeno.<\/p>\n<p>CGT manifiesta que estos fondos o partidas presupuestarias solo pretenden tapar la negligencia que ha existido y sigue existiendo con este asunto en el Estado espa\u00f1ol. Es por ello, que desde esta organizaci\u00f3n han querido dejar claro que no dar\u00e1n por resuelto este tema con la simple recepci\u00f3n de cantidades econ\u00f3micas y ocultar un problema de salud como el que causa el amianto a miles de personas trabajadoras cada d\u00eda.<\/p>\n<p>Desde CGT anuncian su disposici\u00f3n a continuar tratando esta cuesti\u00f3n con el objetivo de encontrar soluciones reales en defensa de la salud y la seguridad de los trabajadores y las trabajadoras.<\/p>\n<p>Gabinete de prensa del Comit\u00e9 Confederal de la CGT<\/p>\n","protected":false},"excerpt":{"rendered":"<p>CGT recuerda que hay miles de personas expuestas en sus lugares de trabajo a un producto potencialmente cancer\u00edgeno<\/p>\n","protected":false},"author":31,"featured_media":18954,"comment_status":"closed","ping_status":"closed","sticky":false,"template":"","format":"standard","meta":{"footnotes":"","_links_to":"","_links_to_target":""},"categories":[206,334,99,126,6,46,163,19],"tags":[370,191,218,190],"class_list":["post-21162","post","type-post","status-publish","format-standard","has-post-thumbnail","hentry","category-accion-sindical","category-accion-sindical-agitacion","category-comunicados","category-debates","category-el-oraculo","category-laboral","category-metal","category-salud-laboral","tag-amianto","tag-comunicados","tag-metal","tag-salud-laboral"],"publishpress_future_action":{"enabled":false,"date":"2026-05-08 00:04:52","action":"change-status","newStatus":"draft","terms":[],"taxonomy":"category","extraData":[]},"publishpress_future_workflow_manual_trigger":{"enabledWorkflows":[]},"_links":{"self":[{"href":"https:\/\/www.cgt-lkn.org\/bizkaia\/wp-json\/wp\/v2\/posts\/21162","targetHints":{"allow":["GET"]}}],"collection":[{"href":"https:\/\/www.cgt-lkn.org\/bizkaia\/wp-json\/wp\/v2\/posts"}],"about":[{"href":"https:\/\/www.cgt-lkn.org\/bizkaia\/wp-json\/wp\/v2\/types\/post"}],"author":[{"embeddable":true,"href":"https:\/\/www.cgt-lkn.org\/bizkaia\/wp-json\/wp\/v2\/users\/31"}],"replies":[{"embeddable":true,"href":"https:\/\/www.cgt-lkn.org\/bizkaia\/wp-json\/wp\/v2\/comments?post=21162"}],"version-history":[{"count":2,"href":"https:\/\/www.cgt-lkn.org\/bizkaia\/wp-json\/wp\/v2\/posts\/21162\/revisions"}],"predecessor-version":[{"id":21856,"href":"https:\/\/www.cgt-lkn.org\/bizkaia\/wp-json\/wp\/v2\/posts\/21162\/revisions\/21856"}],"wp:featuredmedia":[{"embeddable":true,"href":"https:\/\/www.cgt-lkn.org\/bizkaia\/wp-json\/wp\/v2\/media\/18954"}],"wp:attachment":[{"href":"https:\/\/www.cgt-lkn.org\/bizkaia\/wp-json\/wp\/v2\/media?parent=21162"}],"wp:term":[{"taxonomy":"category","embeddable":true,"href":"https:\/\/www.cgt-lkn.org\/bizkaia\/wp-json\/wp\/v2\/categories?post=21162"},{"taxonomy":"post_tag","embeddable":true,"href":"https:\/\/www.cgt-lkn.org\/bizkaia\/wp-json\/wp\/v2\/tags?post=21162"}],"curies":[{"name":"wp","href":"https:\/\/api.w.org\/{rel}","templated":true}]}}