{"id":21159,"date":"2021-04-12T17:20:41","date_gmt":"2021-04-12T15:20:41","guid":{"rendered":"https:\/\/www.cgt-lkn.org\/bizkaia\/?p=21159"},"modified":"2021-04-12T17:20:41","modified_gmt":"2021-04-12T15:20:41","slug":"dando-pedales-contra-la-guerra-el-gasto-militar-y-la-industria-armamentistica-vasca","status":"publish","type":"post","link":"https:\/\/www.cgt-lkn.org\/bizkaia\/archivos\/21159","title":{"rendered":"Dando pedales contra la guerra, el gasto militar y la industria armament\u00edstica vasca"},"content":{"rendered":"<div style=\"text-align: center;\">\n<p style=\"text-align: left;\"><strong><img loading=\"lazy\" decoding=\"async\" class=\"size-full wp-image-21160 alignright\" src=\"https:\/\/www.cgt-lkn.org\/bizkaia\/wp-content\/uploads\/sites\/21\/2021\/04\/IMG20210410122233.jpg\" alt=\"\" width=\"600\" height=\"270\" srcset=\"https:\/\/www.cgt-lkn.org\/bizkaia\/wp-content\/uploads\/sites\/21\/2021\/04\/IMG20210410122233.jpg 600w, https:\/\/www.cgt-lkn.org\/bizkaia\/wp-content\/uploads\/sites\/21\/2021\/04\/IMG20210410122233-300x135.jpg 300w\" sizes=\"auto, (max-width: 600px) 100vw, 600px\" \/>Pedalean por la conversi\u00f3n de la industria militar en civil y contra el tr\u00e1fico de armas <\/strong><\/p>\n<ul style=\"text-align: justify;\">\n<li>La \u201cDecimotercera Marcha Ciclista contra la Guerra, el Gasto y la Industria Militar\u201d ha exigido el fin del gasto militar, el tr\u00e1fico de armas y la conversi\u00f3n de la producci\u00f3n de las empresas armament\u00edsticas vascas en civil<\/li>\n<\/ul>\n<ul style=\"text-align: justify;\">\n<li>Los colectivos convocantes denuncian una inversi\u00f3n institucional cada vez mayor en la industria militar mientras se desatienden las situaciones de emergencia social que vive la ciudadan\u00eda<\/li>\n<li>La Marcha Ciclista ha partido a las 11:00 desde el Palacio Foral de la Diputaci\u00f3n de Bizkaia y se ha concentrado frente a las dos empresas productoras de material militar m\u00e1s importantes del Gran Bilbao: ITP Aero (antigua Precicast PCB) en Barakaldo y SENER, en Getxo<\/li>\n<\/ul>\n<p style=\"text-align: justify;\">Bilbao, s\u00e1bado 10 de abril de 2021<\/p>\n<p style=\"text-align: justify;\">La \u201cDecimotercera\u00a0 Marcha Ciclista contra la Guerra, el Gasto y la Industria Militar\u201d, impulsada por diversos colectivos antimilitaristas, ecologistas e internacionalistas de Bizkaia, ha salido hoy a las 11:00 horas desde Palacio de la Diputaci\u00f3n Foral de Bizkaia.<\/p>\n<p style=\"text-align: justify;\">Con esta iniciativa han exigido \u00abel fin del gasto militar, el tr\u00e1fico de armas y la conversi\u00f3n de la producci\u00f3n de las empresas armament\u00edsticas vascas en civil\u00bb. Asimismo, han criticado la \u00abcreciente implicaci\u00f3n institucional con las f\u00e1bricas de armas vascas y la ampliaci\u00f3n de los recursos destinados al militarismo frente a la actual realidad de recortes en sanidad, pensiones, pol\u00edticas de igualdad, prestaciones sociales o acceso a una vivienda digna\u00bb.<\/p>\n<p style=\"text-align: justify;\">Ejemplos de la complicidad institucional en el negocio de la guerra son los 3.090 millones euros designados a los \u201cPlanes de modernizaci\u00f3n e investigaci\u00f3n y desarrollo\u201d militar, los 2.341 millones para la adquisici\u00f3n y gasto en los \u201cProgramas Especiales de Armamento\u201d que ha destinado el gobierno de Pedro S\u00e1nchez, o el aumento del 6,5% (664 millones) en gasto que ha experimentado el Ministerio de Defensa bajo su mandato este a\u00f1o respecto a 2020, alcanzando los 10.863 millones de euros.<\/p>\n<p style=\"text-align: justify;\">A todo esto, habr\u00eda que a\u00f1adir la deuda de 21.000 millones de euros contra\u00edda en el anterior ciclo armament\u00edstico para la adquisici\u00f3n de 1.500 tanques <em>Leopard<\/em> y <em>Pizarro<\/em>, cazas <em>Eurofighter<\/em>, submarinos, helic\u00f3pteros de ataque <em>Tigre<\/em> y <em>NH-90<\/em> o misiles, entre otros.<\/p>\n<p style=\"text-align: justify;\">El Gobierno vasco tampoco se queda al margen, pues subvenciona con cerca de 100 millones de euros la industria militar ligada principalmente al sector aeron\u00e1utico.<\/p>\n<p style=\"text-align: justify;\">Por este motivo, en su recorrido, la marcha ciclista se ha concentrado frente a la empresa de armas vasca ITP Aero de Barakaldo (antigua Precicast PCB), la cual fabrica componentes del Avi\u00f3n de Transporte Militar <em>Airbus A400M<\/em> y del Avi\u00f3n de Combate Europeo<\/p>\n<p style=\"text-align: justify;\">ITP Aero figura en el sexto puesto entre las 10 empresas del Estado espa\u00f1ol con mayor facturaci\u00f3n de material militar y reconoce que el sector b\u00e9lico representa el 29% de su negocio debido a su participaci\u00f3n en la fabricaci\u00f3n del Avi\u00f3n de Combate Europeo <em>Eurofighter<\/em> y al mantenimiento de las aeronaves del Ej\u00e9rcito del Aire, con el que posee un contrato de 111,5 millones de euros.<\/p>\n<p style=\"text-align: justify;\">Tras llegar a Portugalete y cruzar el Puente colgante, el pelot\u00f3n ha finalizado su recorrido frente a la empresa SENER, ubicada en Getxo; una empresa l\u00edder a nivel europeo en \u201cSistemas de Actuaci\u00f3n y Control (SAC)\u201d y en aplicaciones de \u201cInteligencia, Vigilancia, Reconocimiento y Sistemas Integrados\u201d para los misiles <em>TAURUS KEPD 350<\/em>, <em>IRIS-T, RBS 70 NG<\/em>, <em>METEOR<\/em> y <em>NSM<\/em>.<\/p>\n<p style=\"text-align: justify;\">SENER es la segunda empresa del Estado Espa\u00f1ol en el sector \u201cmisiles\u201d, la\u00a0 sexta en el sector \u201caeroespacial\u201d militar y la decimosegunda en el segmento de armamento. Adem\u00e1s, colabora con la empresa de armamento israel\u00ed \u201cIsrael Aircraft Industries LTD\u201d a trav\u00e9s del programa \u00abVULCAN\u00bb para el \u201cdise\u00f1o de nuevos materiales aeron\u00e1uticos\u201d.<\/p>\n<p style=\"text-align: justify;\">Los colectivos convocantes han recordado que \u00abEuskadi factura 600 millones de euros por la producci\u00f3n de material militar, siendo la tercera comunidad aut\u00f3noma del Estado que m\u00e1s factura tras Madrid y Andaluc\u00eda\u00bb.<\/p>\n<p style=\"text-align: justify;\">Asimismo, han declarado que \u00aben la industria militar vasca participan un centenar de empresas, las cuales venden el 80% de su producci\u00f3n a Ministerios de Defensa y Fuerzas Armadas de pa\u00edses como Espa\u00f1a, Estados Unidos, M\u00e9xico, Brasil, Israel, Marruecos o Arabia Saud\u00ed, obteniendo unos beneficios cercanos a los 150 millones de euros\u00bb.<\/p>\n<p style=\"text-align: justify;\">\u00abImportantes compa\u00f1\u00edas vascas que participan de la industria militar y que han quedado fuera de nuestro recorrido son SAPA, ubicada en Andoain (Gipuzkoa) o Aernnova, en Vitoria. SAPA ocupa el sexto lugar a nivel estatal en el subsector de \u201carmamento\u201d y Aernnova es la octava empresa del estado que m\u00e1s factura por producci\u00f3n militar\u00bb.<\/p>\n<p style=\"text-align: justify;\">Aernnova e ITP Aero est\u00e1n directamente implicadas en la fabricaci\u00f3n del avi\u00f3n de combate <em>Eurofighter Tif\u00f3n<\/em> y de los misiles <em>Iris-T<\/em>: armas con las que Arabia Saud\u00ed bombardea a la poblaci\u00f3n civil de Yemen<strong>.<\/strong><\/p>\n<p style=\"text-align: justify;\">\u00abEn definitiva, a trav\u00e9s de esta marcha ciclista exigimos la conversi\u00f3n de la industria militar en civil, tal y como Orbea lo hizo en un pasado cercano; la empresa que en su d\u00eda se dedic\u00f3 a la fabricaci\u00f3n de pistolas, rev\u00f3lveres y todo tipo de armas cortas que segaron vidas, actualmente fabrica bicicletas, fomentando un estilo de vida saludable y amigable con el medio ambiente\u00bb, han concluido.<\/p>\n<p><strong>ASKAPENA, EGUZKI, EKOLOGISTAK MARTXAN, KAKITZAT, KEM-MOC, KOMITE INTERNAZIONALISTAK y ONGI ETORRI ERREFUXIATUAK<\/strong><\/p>\n<\/div>\n","protected":false},"excerpt":{"rendered":"<div>\n<div style=\"text-align: center;\"><b><u><span lang=\"ES-TRAD\">Armagintzaren Aurka\u2026<\/span><\/u><\/b><\/div>\n<div style=\"text-align: justify;\"><span lang=\"ES-TRAD\">\u25ba<b>Con el \u00e1nimo de denunciar la cada vez mayor implicaci\u00f3n institucional con las empresas de armas vascas ha salido del Palacio Foral de la Diputaci\u00f3n de Bizkaia <\/b>una marcha de bicis contra la guerra, el gasto y la industria militar.<b> <\/b>Para despu\u00e9s dirigirse a la f\u00e1brica de armas PCB-ITP Aero de Barakaldo y terminar ante la empresa armament\u00edstica Sener, en Getxo.<\/span><\/div>\n<div style=\"text-align: justify;\"><b><span lang=\"ES-TRAD\">\u2022<\/span><\/b><span lang=\"ES-TRAD\">Esta marcha de bicis surge con el \u00e1nimo de exigir la conversi\u00f3n de la producci\u00f3n de las empresas armament\u00edsticas vascas en civil y contra el tr\u00e1fico de armas.<\/span><\/div>\n<\/div>\n<div style=\"text-align: center;\" align=\"center\"><b><u><span lang=\"ES-TRAD\">Gerrarik EZ!<\/span><\/u><\/b><\/div>\n<div style=\"text-align: justify;\"><span lang=\"ES-TRAD\">\u25baHay que tener en cuenta que <b>en la industria militar vasca participan un centenar de empresas. <\/b><\/span>Siendo el Pa\u00eds Vasco la tercera comunidad con mayor facturaci\u00f3n en producci\u00f3n militar, s\u00f3lo detr\u00e1s de Madrid y Andaluc\u00eda; <b>en concreto 600 millones de euros.<\/b><\/div>\n<div style=\"text-align: justify;\"><b><span lang=\"ES-TRAD\">\u2022<\/span><\/b><span lang=\"ES-TRAD\">Debemos destacar que <b>nunca se menciona con qu\u00e9 aviones y misiles ha bombardeado Arabia Saud\u00ed en cientos de ocasiones a la poblaci\u00f3n civil de Yemen: el Eurofighter Tif\u00f3n y los Misiles Iris-T. ITP Aero, Sener y Aernova est\u00e1n directamente implicados en su fabricaci\u00f3n.<\/b><\/span><\/div>\n<div style=\"text-align: justify;\"><\/div>\n<div style=\"text-align: center;\"><strong><span lang=\"ES-TRAD\">Askapena, Eguzki, Ekologistak Martxan, KAKITZAT (Koordinadora Anti-Militarista), KEM-MOC, Komite Internazionalistak y Ongi Etorri Errefuxiatuak.<\/span><\/strong><\/div>\n<div><\/div>\n","protected":false},"author":191,"featured_media":21160,"comment_status":"closed","ping_status":"closed","sticky":false,"template":"","format":"standard","meta":{"footnotes":"","_links_to":"","_links_to_target":""},"categories":[61,15],"tags":[],"class_list":["post-21159","post","type-post","status-publish","format-standard","has-post-thumbnail","hentry","category-antimilitarismo","category-social"],"publishpress_future_action":{"enabled":false,"date":"2026-05-07 21:08:59","action":"change-status","newStatus":"draft","terms":[],"taxonomy":"category","extraData":[]},"publishpress_future_workflow_manual_trigger":{"enabledWorkflows":[]},"_links":{"self":[{"href":"https:\/\/www.cgt-lkn.org\/bizkaia\/wp-json\/wp\/v2\/posts\/21159","targetHints":{"allow":["GET"]}}],"collection":[{"href":"https:\/\/www.cgt-lkn.org\/bizkaia\/wp-json\/wp\/v2\/posts"}],"about":[{"href":"https:\/\/www.cgt-lkn.org\/bizkaia\/wp-json\/wp\/v2\/types\/post"}],"author":[{"embeddable":true,"href":"https:\/\/www.cgt-lkn.org\/bizkaia\/wp-json\/wp\/v2\/users\/191"}],"replies":[{"embeddable":true,"href":"https:\/\/www.cgt-lkn.org\/bizkaia\/wp-json\/wp\/v2\/comments?post=21159"}],"version-history":[{"count":1,"href":"https:\/\/www.cgt-lkn.org\/bizkaia\/wp-json\/wp\/v2\/posts\/21159\/revisions"}],"predecessor-version":[{"id":21161,"href":"https:\/\/www.cgt-lkn.org\/bizkaia\/wp-json\/wp\/v2\/posts\/21159\/revisions\/21161"}],"wp:featuredmedia":[{"embeddable":true,"href":"https:\/\/www.cgt-lkn.org\/bizkaia\/wp-json\/wp\/v2\/media\/21160"}],"wp:attachment":[{"href":"https:\/\/www.cgt-lkn.org\/bizkaia\/wp-json\/wp\/v2\/media?parent=21159"}],"wp:term":[{"taxonomy":"category","embeddable":true,"href":"https:\/\/www.cgt-lkn.org\/bizkaia\/wp-json\/wp\/v2\/categories?post=21159"},{"taxonomy":"post_tag","embeddable":true,"href":"https:\/\/www.cgt-lkn.org\/bizkaia\/wp-json\/wp\/v2\/tags?post=21159"}],"curies":[{"name":"wp","href":"https:\/\/api.w.org\/{rel}","templated":true}]}}