{"id":21137,"date":"2021-04-07T17:57:42","date_gmt":"2021-04-07T15:57:42","guid":{"rendered":"https:\/\/www.cgt-lkn.org\/bizkaia\/?p=21137"},"modified":"2021-05-09T09:46:20","modified_gmt":"2021-05-09T07:46:20","slug":"hay-que-exigir-que-se-reparta-el-trabajo-y-la-riqueza","status":"publish","type":"post","link":"https:\/\/www.cgt-lkn.org\/bizkaia\/archivos\/21137","title":{"rendered":"Hay que exigir que se reparta el trabajo y la riqueza"},"content":{"rendered":"<p style=\"text-align: justify\">El 1\u00ba de Mayo siempre ha de ser un d\u00eda reivindicativo y de lucha como garant\u00eda de los derechos<strong>: <\/strong>al <strong>trabajo digno<\/strong>; a una <strong>jornada laboral<\/strong> que posibilite conciliar el trabajo con la vida; a un <strong>salario y prestaciones sociales suficientes,<\/strong> bien cuando se tiene empleo y tambi\u00e9n cuando no se tiene, mediante una <strong>Renta B\u00e1sica de las Iguales<\/strong>; a <strong>pensiones <\/strong>adecuadas para vivir con dignidad, para luchar contra las reformas laborales, los desahucios o las leyes mordaza.<\/p>\n<p style=\"text-align: justify\">El <strong>empobrecimiento <\/strong>material de millones de trabajadores y trabajadoras, a trav\u00e9s de mecanismos como el recorte masivo de las rentas salariales, est\u00e1 generando <strong>una de las sociedades m\u00e1s desiguales del mundo. Seg\u00fan datos del Banco de Espa\u00f1a,\u00a0 el 25% de la poblaci\u00f3n del estado espa\u00f1ol viv\u00eda ya en riesgo de pobreza o exclusi\u00f3n social antes de la pandemia. La situaci\u00f3n cuando esta termine puede ser catastr\u00f3fica. Esto supone que 4,5 millones de hogares no pueden hacer frente a necesidades tan b\u00e1sicas como pagar un alquiler o una hipoteca, mantener calientes sus casas o sencillamente comer todos los d\u00edas. <\/strong><\/p>\n<p style=\"text-align: justify\"><strong>Cuatro millones de personas en paro<\/strong>, a las que el estado les niega su derecho m\u00e1s esencial como clase trabajadora: el derecho a \u201cganarse la vida\u201d. Tampoco les reconoce el estado el derecho a unas <strong>prestaciones sociales o a una Renta B\u00e1sica de las Iguales <\/strong>suficiente para vivir dignamente.<\/p>\n<p style=\"text-align: justify\">Frente a ello, el a\u00f1o pasado se realizaron casi <strong>25 millones de horas extraordinarias, de las que no se pagaron m\u00e1s de 11 millones<\/strong>. Y resulta especialmente demoledor el dato que en el caso de las mujeres m\u00e1s de la mitad de las horas extraordinarias no fueran retribuidas.<\/p>\n<p style=\"text-align: justify\"><strong>La pandemia, adem\u00e1s, ha evidenciado otras verg\u00fcenzas del sistema<\/strong>. Se ha puesto el inter\u00e9s econ\u00f3mico por encima de la vida de las personas; se han protegido intereses particulares por encima de las necesidades de la inmensa mayor\u00eda; algunas administraciones han mirado hacia otro lado cuando se incumpl\u00edan sistem\u00e1ticamente distintos preceptos legales; manga ancha con unos y ley del embudo para otras. <strong>El sistema sanitario, herido de muerte tras las continuas privatizaciones<\/strong>, se ha colapsado y, a tenor de los hechos -que son tozudos-, la sanidad privada ha demostrado su enorme incapacidad.<\/p>\n<p style=\"text-align: justify\"><strong>Vienen tiempos dif\u00edciles, tiempos convulsos, tiempos donde los intereses de las \u00e9lites tratar\u00e1n de imponerse nuevamente a la clase trabajadora<\/strong>. Sin embargo, no podemos permitir que la crisis la paguen, una vez m\u00e1s, los y las de siempre. Porque ser\u00eda intolerable que permiti\u00e9ramos, como sociedad, un nuevo rescate a las entidades financieras y mientras las condiciones de vida de la clase obrera se siguen degradando a velocidad de v\u00e9rtigo.<\/p>\n<p style=\"text-align: justify\">Este <strong>1\u00ba de Mayo<\/strong>, tiene que seguir siendo el d\u00eda en que millones y millones de trabajadores y trabajadoras, digamos <strong>basta<\/strong> y llenemos nuestras vidas cotidianas, no de sufrimiento ni desesperaci\u00f3n, sino de <strong>Libertad<\/strong>, imponiendo a gobiernos, empresarios y poderosos, otro <strong>Orden Social<\/strong>, otro sistema, donde el reparto del trabajo y de la riqueza, haga que una <strong>vida digna<\/strong> para todas las personas sea posible aqu\u00ed y ahora.<\/p>\n<h2 align=\"center\"><strong>\u00a1VIVA EL 1 DE MAYO!<\/strong><\/h2>\n<h2 align=\"center\"><strong>\u00a1VIVA LA LUCHA DE LA CLASE TRABAJADORA!<\/strong><\/h2>\n<p><img loading=\"lazy\" decoding=\"async\" class=\"aligncenter size-full wp-image-21138\" src=\"https:\/\/www.cgt-lkn.org\/bizkaia\/wp-content\/uploads\/sites\/21\/2021\/04\/Datos-adjuntos-sin-titulo-00546.jpg\" alt=\"\" width=\"600\" height=\"424\" srcset=\"https:\/\/www.cgt-lkn.org\/bizkaia\/wp-content\/uploads\/sites\/21\/2021\/04\/Datos-adjuntos-sin-titulo-00546.jpg 600w, https:\/\/www.cgt-lkn.org\/bizkaia\/wp-content\/uploads\/sites\/21\/2021\/04\/Datos-adjuntos-sin-titulo-00546-300x212.jpg 300w\" sizes=\"auto, (max-width: 600px) 100vw, 600px\" \/><\/p>\n<p style=\"text-align: justify\">Un a\u00f1o m\u00e1s, desde CGT, organizamos un concierto con motivo del 1\u00ba de Mayo, D\u00eda Internacional de la Clase Trabajadora. La pandemia contin\u00faa entre nosotras, limitando muchas acciones y eventos que hasta hace muy poco disfrut\u00e1bamos en las calles y plazas de nuestros pueblos y ciudades.<\/p>\n<p style=\"text-align: justify\">Hemos optado por conmemorar el Primero de Mayo con nuestro ya tradicional concierto. En esta ocasi\u00f3n disfrutaremos de las canciones de Alicia Ramos y Reincidentes. Ser\u00e1 el 1\u00ba de Mayo, a partir de las 17\u201900 horas, y a trav\u00e9s de la web de Rojo y Negro TV, la televisi\u00f3n de la CGT.<\/p>\n<p style=\"text-align: justify\">Os esperamos a todas.<\/p>\n<h2 align=\"center\">\u00a1Viva el 1 de Mayo!<\/h2>\n<h2 align=\"center\">\u00a1Viva la lucha de la Clase Obrera!<\/h2>\n<p><img loading=\"lazy\" decoding=\"async\" class=\"aligncenter size-full wp-image-21139\" src=\"https:\/\/www.cgt-lkn.org\/bizkaia\/wp-content\/uploads\/sites\/21\/2021\/04\/Cartel-concierto-vertical-baja.jpg\" alt=\"\" width=\"566\" height=\"800\" srcset=\"https:\/\/www.cgt-lkn.org\/bizkaia\/wp-content\/uploads\/sites\/21\/2021\/04\/Cartel-concierto-vertical-baja.jpg 566w, https:\/\/www.cgt-lkn.org\/bizkaia\/wp-content\/uploads\/sites\/21\/2021\/04\/Cartel-concierto-vertical-baja-212x300.jpg 212w, https:\/\/www.cgt-lkn.org\/bizkaia\/wp-content\/uploads\/sites\/21\/2021\/04\/Cartel-concierto-vertical-baja-300x424.jpg 300w\" sizes=\"auto, (max-width: 566px) 100vw, 566px\" \/><\/p>\n","protected":false},"excerpt":{"rendered":"<p style=\"text-align: justify\">El 1\u00ba de Mayo siempre ha de ser un d\u00eda reivindicativo y de lucha como garant\u00eda de los derechos<strong>: <\/strong>al <strong>trabajo digno<\/strong>; a una <strong>jornada laboral<\/strong> que posibilite conciliar el trabajo con la vida; a un <strong>salario y prestaciones sociales suficientes,<\/strong> bien cuando se tiene empleo y tambi\u00e9n cuando no se tiene, mediante una <strong>Renta B\u00e1sica de las Iguales<\/strong>; a <strong>pensiones <\/strong>adecuadas para vivir con dignidad, para luchar contra las reformas laborales, los desahucios o las leyes mordaza.<\/p>\n<p style=\"text-align: justify\">El <strong>empobrecimiento <\/strong>material de millones de trabajadores y trabajadoras, a trav\u00e9s de mecanismos como el recorte masivo de las rentas salariales, est\u00e1 generando <strong>una de las sociedades m\u00e1s desiguales del mundo. Seg\u00fan datos del Banco de Espa\u00f1a,\u00a0 el 25% de la poblaci\u00f3n del estado espa\u00f1ol viv\u00eda ya en riesgo de pobreza o exclusi\u00f3n social antes de la pandemia. La situaci\u00f3n cuando esta termine puede ser catastr\u00f3fica. Esto supone que 4,5 millones de hogares no pueden hacer frente a necesidades tan b\u00e1sicas como pagar un alquiler o una hipoteca, mantener calientes sus casas o sencillamente comer todos los d\u00edas.<\/strong><\/p>\n","protected":false},"author":57,"featured_media":21138,"comment_status":"closed","ping_status":"closed","sticky":false,"template":"","format":"standard","meta":{"footnotes":"","_links_to":"","_links_to_target":""},"categories":[131,334,411,56,46,83,110,117,128,15],"tags":[214,443,112],"class_list":["post-21137","post","type-post","status-publish","format-standard","has-post-thumbnail","hentry","category-1-de-mayo","category-accion-sindical-agitacion","category-accion-social","category-decrecimiento","category-laboral","category-militancia","category-movimiento-libertario","category-politica","category-reduccion-horas-trabajo","category-social","tag-cgt","tag-1-mayo","tag-movilizaciones"],"publishpress_future_action":{"enabled":false,"date":"2026-05-07 19:35:26","action":"change-status","newStatus":"draft","terms":[],"taxonomy":"category","extraData":[]},"publishpress_future_workflow_manual_trigger":{"enabledWorkflows":[]},"_links":{"self":[{"href":"https:\/\/www.cgt-lkn.org\/bizkaia\/wp-json\/wp\/v2\/posts\/21137","targetHints":{"allow":["GET"]}}],"collection":[{"href":"https:\/\/www.cgt-lkn.org\/bizkaia\/wp-json\/wp\/v2\/posts"}],"about":[{"href":"https:\/\/www.cgt-lkn.org\/bizkaia\/wp-json\/wp\/v2\/types\/post"}],"author":[{"embeddable":true,"href":"https:\/\/www.cgt-lkn.org\/bizkaia\/wp-json\/wp\/v2\/users\/57"}],"replies":[{"embeddable":true,"href":"https:\/\/www.cgt-lkn.org\/bizkaia\/wp-json\/wp\/v2\/comments?post=21137"}],"version-history":[{"count":4,"href":"https:\/\/www.cgt-lkn.org\/bizkaia\/wp-json\/wp\/v2\/posts\/21137\/revisions"}],"predecessor-version":[{"id":21275,"href":"https:\/\/www.cgt-lkn.org\/bizkaia\/wp-json\/wp\/v2\/posts\/21137\/revisions\/21275"}],"wp:featuredmedia":[{"embeddable":true,"href":"https:\/\/www.cgt-lkn.org\/bizkaia\/wp-json\/wp\/v2\/media\/21138"}],"wp:attachment":[{"href":"https:\/\/www.cgt-lkn.org\/bizkaia\/wp-json\/wp\/v2\/media?parent=21137"}],"wp:term":[{"taxonomy":"category","embeddable":true,"href":"https:\/\/www.cgt-lkn.org\/bizkaia\/wp-json\/wp\/v2\/categories?post=21137"},{"taxonomy":"post_tag","embeddable":true,"href":"https:\/\/www.cgt-lkn.org\/bizkaia\/wp-json\/wp\/v2\/tags?post=21137"}],"curies":[{"name":"wp","href":"https:\/\/api.w.org\/{rel}","templated":true}]}}