{"id":21131,"date":"2021-04-06T16:19:21","date_gmt":"2021-04-06T14:19:21","guid":{"rendered":"https:\/\/www.cgt-lkn.org\/bizkaia\/?p=21131"},"modified":"2021-04-06T16:19:21","modified_gmt":"2021-04-06T14:19:21","slug":"gabriel_bilabo-despido-limpieza","status":"publish","type":"post","link":"https:\/\/www.cgt-lkn.org\/bizkaia\/archivos\/21131","title":{"rendered":"Gabriel Benitez Injusticia y despido"},"content":{"rendered":"<p><img loading=\"lazy\" decoding=\"async\" class=\"aligncenter wp-image-21134 size-medium\" src=\"https:\/\/www.cgt-lkn.org\/bizkaia\/wp-content\/uploads\/sites\/21\/2021\/04\/Gabriel-Benitez-300x172.jpg\" alt=\"\" width=\"300\" height=\"172\" srcset=\"https:\/\/www.cgt-lkn.org\/bizkaia\/wp-content\/uploads\/sites\/21\/2021\/04\/Gabriel-Benitez-300x172.jpg 300w, https:\/\/www.cgt-lkn.org\/bizkaia\/wp-content\/uploads\/sites\/21\/2021\/04\/Gabriel-Benitez.jpg 600w\" sizes=\"auto, (max-width: 300px) 100vw, 300px\" \/><\/p>\n<p style=\"text-align: center\"><a href=\"https:\/\/www.cgt-lkn.org\/bizkaia\/wp-content\/uploads\/sites\/21\/2021\/04\/Gabriel-Benitez-Injusticia-y-despido-UTE-Bilbao.pdf\">LEER COMPLETO EN PDF: Gabriel Benitez Injusticia y despido UTE Bilbao<\/a><\/p>\n<p>Soy Gabriel Benitez Portillo, natural de San Ignacio de Loyola de las misiones, Paraguay, vivo en Bilbao desde hace 18 a\u00f1os. Trabajo para la UTE Bilboko argiak, que presta servicios para el ayuntamiento de Bilbao.<\/p>\n<p>Me siento en Bilbao, totalmente integrado en la sociedad. Cuando llegu\u00e9 a Bilbao vine con la esperanza y la f\u00e9 de mejorar mi calidad de vida y la de mi familia Estudie Ingenier\u00eda Inform\u00e1tica y aqu\u00ed estudie un certificado en \u00e1rea d e Electricidad, he estado trabajando en varios sectores y \u00e1mbitos, contribuyendo dentro de la sociedad.<\/p>\n<p>En el mes de Julio de 2020, mi padre cay\u00f3 en una enfermedad del coraz\u00f3n, donde le diagnosticaron que solo le funciona el 53% de sus funciones, a espera de una cirug\u00eda que no llega por motivos del COVID. Mi padre en este momento esta dependiendo de una persona que le cuida y de mis ingresos que yo le env\u00edo mes a mes con gran esfuerzo.<\/p>\n<p>Llevo sin ir a mi casa a Paraguay desde hace 9 a\u00f1os, y en la desesperaci\u00f3n de perder a mi padre, me dirig\u00ed al responsable de la empresa Patxi Larburu , para comentarle lo sucedido a mi padre y solicitarle mis vacaciones en el mes de diciembre 2020, con lo que el me respondi\u00f3 que lo iba a consultar, en principio me dijo que s\u00ed que esta empresa mira el aspecto humano, y yo me compromet\u00ed a trabajar hasta entonces.<\/p>\n<p>Entre finales de Noviembre y diciembre comunique a la empresa que por motivos del COVID, no pod\u00eda viajar ya que ten\u00eda que realizar una cuarentena etc<\/p>\n<p>Volv\u00eda a acudir a la empresa y me dirig\u00ed al responsable de mantenimiento Adria Flores para replantearle que como no pod\u00eda viajar le solicite los d\u00edas de vacaciones del 2020 y el 2021, ya que as\u00ed podr\u00eda estar mas tiempo con mi padre y la respuesta fue que no, ya que ello podr\u00eda crear un precedente en la empresa y que deb\u00eda de coger las vacaciones inmediatamente o las perder\u00eda, con lo que tom\u00e9 mis vacaciones del 9 al 26 de febrero del 2021.<\/p>\n<p>Al regresar al trabajo el 1 de marzo, el director Patxi, convoca una reuni\u00f3n con todos los trabajadores para explicar el rendimiento de<br \/>\nla empresa, y al final dijo que si ten\u00edamos algo que opinar. Yo ped\u00ed la palabra para hablar y comente delante de todos, porque me<br \/>\nhab\u00eda mentido descaradamente, sabiendo que estoy a 9000 kil\u00f3metros de mi padre convaleciente, y me hab\u00edan negado las<br \/>\nvacaciones conjuntas, no me dej\u00f3 continuar mi locuci\u00f3n diciendo que vaya a la oficina.<\/p>\n<p>Con todo esto el pasado d\u00eda 5 de marzo de 2021, me encuentro con la sorpresa de una carta de despido argumentando ciertas<br \/>\ncosas que no he cometido. <strong>BASTA DE INJUSTICIAS\u2026<\/strong><\/p>\n<p style=\"text-align: center\">Estoy siendo victima de<br \/>\nUNA GRAN INJUSTICIA<\/p>\n<p>NO PIDO NADA QUE NO ME HE GANADO<\/p>\n<p>ESPERO IMPERE EL SENTIDO COMUN<\/p>\n<p>ME HAN UTILIZADO COMO CABEZA DE TURCO<\/p>\n<p>ME HAN TIRADO COMO A UN PERRO PULGOSO<\/p>\n<p>NO TENGO APOYO FAMILIAR AQU\u00cd EN EUSKADI<\/p>\n<p>NECESITO AYUDA\u2026.. GRACIAS POR TU AYUDA<\/p>\n<p><strong>PARA M\u00c1S INFORMACI\u00d3N<\/strong> PUEDES CONTACTAR CONMIGO EN:<br \/>\nTELEFONO: 690756872<\/p>\n<p>EMAIL: gabp79@hotmail.com<\/p>\n<p>FACEBOOOK: Gabri Benitez<br \/>\nhttps:\/\/www.facebook.com\/GABP79<\/p>\n<p>Eskerrik\u00a0 asko Muchas gracias<\/p>\n","protected":false},"excerpt":{"rendered":"<p>Con todo esto el pasado d\u00eda 5 de marzo de 2021, me encuentro con la sorpresa de una carta de despido argumentando ciertas<br \/>\ncosas que no he cometido. <strong>BASTA DE INJUSTICIAS\u2026<\/strong><\/p>\n","protected":false},"author":57,"featured_media":21135,"comment_status":"closed","ping_status":"closed","sticky":false,"template":"","format":"standard","meta":{"footnotes":"","_links_to":"","_links_to_target":""},"categories":[206,54,3,46,171,87,161,92],"tags":[437,354,439,438,27,436,288],"class_list":["post-21131","post","type-post","status-publish","format-standard","has-post-thumbnail","hentry","category-accion-sindical","category-bilbao","category-cajon-de-sastre","category-laboral","category-limpieza-y-jardineria","category-limpieza-jardineria-y-mantenimiento","category-sectores","category-viaria","tag-ayuntamiento-bilbao","tag-bilbao","tag-bilboko-argiak","tag-citelum","tag-despidos","tag-grabiel","tag-limpieza"],"publishpress_future_action":{"enabled":false,"date":"2026-05-07 18:13:49","action":"change-status","newStatus":"draft","terms":[],"taxonomy":"category","extraData":[]},"publishpress_future_workflow_manual_trigger":{"enabledWorkflows":[]},"_links":{"self":[{"href":"https:\/\/www.cgt-lkn.org\/bizkaia\/wp-json\/wp\/v2\/posts\/21131","targetHints":{"allow":["GET"]}}],"collection":[{"href":"https:\/\/www.cgt-lkn.org\/bizkaia\/wp-json\/wp\/v2\/posts"}],"about":[{"href":"https:\/\/www.cgt-lkn.org\/bizkaia\/wp-json\/wp\/v2\/types\/post"}],"author":[{"embeddable":true,"href":"https:\/\/www.cgt-lkn.org\/bizkaia\/wp-json\/wp\/v2\/users\/57"}],"replies":[{"embeddable":true,"href":"https:\/\/www.cgt-lkn.org\/bizkaia\/wp-json\/wp\/v2\/comments?post=21131"}],"version-history":[{"count":2,"href":"https:\/\/www.cgt-lkn.org\/bizkaia\/wp-json\/wp\/v2\/posts\/21131\/revisions"}],"predecessor-version":[{"id":21136,"href":"https:\/\/www.cgt-lkn.org\/bizkaia\/wp-json\/wp\/v2\/posts\/21131\/revisions\/21136"}],"wp:featuredmedia":[{"embeddable":true,"href":"https:\/\/www.cgt-lkn.org\/bizkaia\/wp-json\/wp\/v2\/media\/21135"}],"wp:attachment":[{"href":"https:\/\/www.cgt-lkn.org\/bizkaia\/wp-json\/wp\/v2\/media?parent=21131"}],"wp:term":[{"taxonomy":"category","embeddable":true,"href":"https:\/\/www.cgt-lkn.org\/bizkaia\/wp-json\/wp\/v2\/categories?post=21131"},{"taxonomy":"post_tag","embeddable":true,"href":"https:\/\/www.cgt-lkn.org\/bizkaia\/wp-json\/wp\/v2\/tags?post=21131"}],"curies":[{"name":"wp","href":"https:\/\/api.w.org\/{rel}","templated":true}]}}