{"id":20944,"date":"2021-02-13T13:59:35","date_gmt":"2021-02-13T12:59:35","guid":{"rendered":"http:\/\/www.cgt-lkn.org\/bizkaia\/?p=20944"},"modified":"2021-02-13T13:59:35","modified_gmt":"2021-02-13T12:59:35","slug":"resolucion-del-comite-confederal-de-la-cgt-en-apoyo-a-pablo-hasel","status":"publish","type":"post","link":"https:\/\/www.cgt-lkn.org\/bizkaia\/archivos\/20944","title":{"rendered":"Resoluci\u00f3n del Comit\u00e9 Confederal de la CGT en apoyo a Pablo Hasel"},"content":{"rendered":"<p style=\"text-align: justify;\"><strong><img loading=\"lazy\" decoding=\"async\" class=\"size-full wp-image-20945 alignright\" src=\"https:\/\/www.cgt-lkn.org\/bizkaia\/wp-content\/uploads\/sites\/21\/2021\/02\/pablo-hasel-1100x0-c-default.jpeg\" alt=\"\" width=\"600\" height=\"338\" srcset=\"https:\/\/www.cgt-lkn.org\/bizkaia\/wp-content\/uploads\/sites\/21\/2021\/02\/pablo-hasel-1100x0-c-default.jpeg 600w, https:\/\/www.cgt-lkn.org\/bizkaia\/wp-content\/uploads\/sites\/21\/2021\/02\/pablo-hasel-1100x0-c-default-300x169.jpeg 300w\" sizes=\"auto, (max-width: 600px) 100vw, 600px\" \/>Desde la Confederaci\u00f3n General del Trabajo (CGT), queremos mostrar nuestro total apoyo y solidaridad con el cantante Pablo Hassel, que ha sido juzgado y condenado a entrar en prisi\u00f3n por las letras de sus canciones y de su Twitter, condena que desde la CGT rechazamos en\u00e9rgicamente.<\/strong><\/p>\n<p style=\"text-align: justify;\">Desde que entrara en vigor la llamada \u201cLey Mordaza\u201d, uno de los colectivos m\u00e1s perseguidos y criminalizados ha sido el de los artistas, especialmente el de cantantes y raperos que con la letra de sus canciones denuncian situaciones de injusticias, abusos de poder y corrupci\u00f3n, entre otras cuestiones.<\/p>\n<p style=\"text-align: justify;\">Pablo Hasel, acusado de tres delitos: injurias a la Corona, injurias a las instituciones del Estado y enaltecimiento del terrorismo, ser\u00e1 el primer cantante al que encarcelar\u00e1n por rapear, ejerciendo su derecho a la Libertad de Expresi\u00f3n, lo que los medios de comunicaci\u00f3n ya difundieron como hechos probados. A pesar de ello, Pablo Hasel haciendo gala de su coherencia y convicci\u00f3n ha desechado la posibilidad de eludir la c\u00e1rcel.<\/p>\n<p style=\"text-align: justify;\">La CGT considera inadmisible que se condene a cualquier persona por expresarse libremente a trav\u00e9s de las redes sociales, de los medios de comunicaci\u00f3n, de canciones o de poes\u00edas\u2026<\/p>\n<p style=\"text-align: justify;\">A escasos d\u00edas de que el rapero Pablo Hasel sea obligado por las fuerzas represoras del Estado a entrar en prisi\u00f3n, reivindicamos, una vez m\u00e1s, la derogaci\u00f3n de la \u201cLey Mordaza\u201d, la reforma del C\u00f3digo Penal y que se respete el derecho a la Libertad de Expresi\u00f3n.<\/p>\n<h2 style=\"text-align: center;\"><span style=\"color: #ff0000;\">\u00a1Por la derogaci\u00f3n de la \u201cLey Mordaza\u201d!<\/span><br \/>\n<span style=\"color: #ff0000;\">\u00a1Por el derecho a la Libertad de Expresi\u00f3n!<\/span><br \/>\n<span style=\"color: #ff0000;\">\u00a1Pablo Hasel, LIBERTAD!<\/span><\/h2>\n<p style=\"text-align: center;\"><a href=\"https:\/\/cgt.org.es\/resolucion-del-comite-confederal-de-la-cgt-en-apoyo-a-pablo-hasel\/\" target=\"_blank\" rel=\"noopener\">(art\u00edculo en la web confederal)<\/a><\/p>\n","protected":false},"excerpt":{"rendered":"<p style=\"text-align: justify;\">Desde la Confederaci\u00f3n General del Trabajo (CGT), queremos mostrar nuestro total apoyo y solidaridad con el cantante Pablo Hassel, que ha sido juzgado y condenado a entrar en prisi\u00f3n por las letras de sus canciones y de su Twitter, condena que desde la CGT rechazamos en\u00e9rgicamente.<\/p>\n<p style=\"text-align: justify;\">A escasos d\u00edas de que el rapero Pablo Hasel sea obligado por las fuerzas represoras del Estado a entrar en prisi\u00f3n, reivindicamos, una vez m\u00e1s, la derogaci\u00f3n de la \u201cLey Mordaza\u201d, la reforma del C\u00f3digo Penal y que se respete el derecho a la Libertad de Expresi\u00f3n.<\/p>\n","protected":false},"author":57,"featured_media":20945,"comment_status":"closed","ping_status":"closed","sticky":false,"template":"","format":"standard","meta":{"footnotes":"","_links_to":"","_links_to_target":""},"categories":[99,117,98,15],"tags":[],"class_list":["post-20944","post","type-post","status-publish","format-standard","has-post-thumbnail","hentry","category-comunicados","category-politica","category-represion","category-social"],"publishpress_future_action":{"enabled":false,"date":"2026-05-09 05:51:15","action":"change-status","newStatus":"draft","terms":[],"taxonomy":"category","extraData":[]},"publishpress_future_workflow_manual_trigger":{"enabledWorkflows":[]},"_links":{"self":[{"href":"https:\/\/www.cgt-lkn.org\/bizkaia\/wp-json\/wp\/v2\/posts\/20944","targetHints":{"allow":["GET"]}}],"collection":[{"href":"https:\/\/www.cgt-lkn.org\/bizkaia\/wp-json\/wp\/v2\/posts"}],"about":[{"href":"https:\/\/www.cgt-lkn.org\/bizkaia\/wp-json\/wp\/v2\/types\/post"}],"author":[{"embeddable":true,"href":"https:\/\/www.cgt-lkn.org\/bizkaia\/wp-json\/wp\/v2\/users\/57"}],"replies":[{"embeddable":true,"href":"https:\/\/www.cgt-lkn.org\/bizkaia\/wp-json\/wp\/v2\/comments?post=20944"}],"version-history":[{"count":1,"href":"https:\/\/www.cgt-lkn.org\/bizkaia\/wp-json\/wp\/v2\/posts\/20944\/revisions"}],"predecessor-version":[{"id":20946,"href":"https:\/\/www.cgt-lkn.org\/bizkaia\/wp-json\/wp\/v2\/posts\/20944\/revisions\/20946"}],"wp:featuredmedia":[{"embeddable":true,"href":"https:\/\/www.cgt-lkn.org\/bizkaia\/wp-json\/wp\/v2\/media\/20945"}],"wp:attachment":[{"href":"https:\/\/www.cgt-lkn.org\/bizkaia\/wp-json\/wp\/v2\/media?parent=20944"}],"wp:term":[{"taxonomy":"category","embeddable":true,"href":"https:\/\/www.cgt-lkn.org\/bizkaia\/wp-json\/wp\/v2\/categories?post=20944"},{"taxonomy":"post_tag","embeddable":true,"href":"https:\/\/www.cgt-lkn.org\/bizkaia\/wp-json\/wp\/v2\/tags?post=20944"}],"curies":[{"name":"wp","href":"https:\/\/api.w.org\/{rel}","templated":true}]}}