{"id":20629,"date":"2020-10-30T10:00:28","date_gmt":"2020-10-30T09:00:28","guid":{"rendered":"https:\/\/www.cgt-lkn.org\/bizkaia\/?p=20629"},"modified":"2020-10-30T10:00:55","modified_gmt":"2020-10-30T09:00:55","slug":"el-pacto-de-toledo-es-el-problema-para-el-sistema-publico-de-pensiones-y-la-solucion-para-el-capital-y-los-empresarios","status":"publish","type":"post","link":"https:\/\/www.cgt-lkn.org\/bizkaia\/archivos\/20629","title":{"rendered":"El Pacto de Toledo es el problema para el Sistema P\u00fablico de Pensiones y la soluci\u00f3n para el capital y los empresarios"},"content":{"rendered":"<p><strong>En 1995, todas las fuerzas pol\u00edticas<\/strong>, representantes de los intereses particulares de la clase burguesa, al igual que en 1977 llegaron a un consenso en los denominados Pactos de la Moncloa para controlar a una clase obrera en conflicto y con conquistas de derechos tales como salarios, libertades, condiciones de trabajo y de vida,\u00a0<strong>firmaron y consensuaron el denominado Pacto de Toledo,\u00a0<\/strong>para proceder al gran asalto a los Sistemas p\u00fablicos de Pensiones de reparto y solidaridad.<\/p>\n<p>La excusa no pudo ser m\u00e1s espuria y lo hicieron para \u201cracionalizar los SSPP y garantizar su sostenibilidad\u201d y\u00a0<strong>gran parte de ese \u201cpacto contra el SSPP\u201d se llev\u00f3 a la ley en el 97, aprobada y acordada previamente con los denominados \u201cagentes sociales\u201d: CC.OO, UGT, CEOE y Cepyme<\/strong>\u00a0y en la l\u00ednea con lo ordenado por la U\u20ac, que en su Conferencia de \u00c1msterdam de Junio de 1997, define el d\u00e9ficit p\u00fablico como el problema central. La Europa de los quince -en esos momentos-, acuerda un \u02bapacto de estabilidad\u02ba consistente en mantener una disciplina presupuestaria para siempre.<\/p>\n<p>En el caso del Estado Espa\u00f1ol la tasa de paro doblaba, y ahora tambi\u00e9n, la media europea y\u00a0 si adem\u00e1s le sumamos el envejecimiento de las poblaciones y el crecimiento del n\u00famero de pensiones y de su cuant\u00eda, el problema de la \u201csostenibilidad de los SSPP\u201d podr\u00eda llegar a sufrir tensiones y conflictos de cierta envergadura, y los Estados y sus clases pol\u00edticas \u00a0deciden intervenir a trav\u00e9s de pol\u00edticas de\u00a0<strong>recortes de los ingresos al Sistema P\u00fablico y recorte de los gastos:\u00a0<\/strong>bajada de las cotizaciones empresariales, mantenimiento de las elusiones en la cotizaci\u00f3n de las rentas salariales medias-altas, retraso de la fecha de jubilaci\u00f3n, alargamiento del per\u00edodo de c\u00e1lculo, separaci\u00f3n de las fuentes de financiaci\u00f3n para de esta manera seguir el\u00a0<strong>robo y el expolio de los capitales, manteniendo su no contribuci\u00f3n en funci\u00f3n de sus ingresos,\u00a0<\/strong>y desanclar los incrementos de las pensiones anuales en funci\u00f3n del coste de la vida,<strong>y no tienen ninguna intenci\u00f3n pol\u00edtica de intervenir en las pol\u00edticas de ingresos\u00a0<\/strong>aumentando la presi\u00f3n fiscal sobre los capitales, los beneficios, las rentas altas, las rentas financieras , estableciendo pol\u00edticas radicales en la lucha contra el fraude fiscal, focalizado en las rentas altas).<\/p>\n<p><strong>Los mismos representantes del 95 y 97, todas las fuerzas pol\u00edticas del momento y los \u201cagentes sociales\u201d (CC.OO, UGT, CEOE y Cepyme) consensuaron la Ley 27\/2011:<\/strong>\u00a0fue la primera respuesta ante una situaci\u00f3n de desempleo galopante, reducci\u00f3n de los ingresos del Sistema y d\u00e9ficit de las cuentas p\u00fablicas. Esta ley no hace sino\u00a0<em>\u201cprofundizar en la l\u00f3gica fundamentalmente contributiva del sistema y de diferenciaci\u00f3n de sus fuentes de financiaci\u00f3n\u201d,\u00a0<\/em>encaminando al \u201csistema\u201d de reparto y solidaridad, al campo de la capitalizaci\u00f3n individual.<\/p>\n<p>La ley Rajoy del 2013, insertada en las pol\u00edticas de recorte criminal de derechos p\u00fablicos y fundamentales, no hace sino llevar a la pr\u00e1ctica lo que \u201cla clase pol\u00edtica, sindical y empresarial\u201d hab\u00edan pactado en el 2011.<\/p>\n<p>Ahora, en plena crisis social, laboral, clim\u00e1tica y sanitaria, nos volvemos a encontrar con la respuesta miserable de la pol\u00edtica institucional que ha encontrado en el\u00a0 enga\u00f1oso consenso del Pacto de Toledo la sempiterna justificaci\u00f3n de que estamos ante un mal menor, que en toda negociaci\u00f3n siempre hay que ceder algo, que se ha conseguido lo mejor posible\u2026 Cuando la realidad es\u00a0<strong>que de nuevo pierde lo p\u00fablico y gana lo privado<\/strong>\u00a0y<strong>\u00a0se ha condenado a la miseria al sistema p\u00fablico de pensiones apalancando tanto la edad de jubilaci\u00f3n a los 67 a\u00f1os o m\u00e1s, penalizando, a\u00fan m\u00e1s, las jubilaciones anticipadas, aumentando el n\u00famero de a\u00f1os cotizado para calcular la pensi\u00f3n (15 antes de la reforma del 2011, 23 hoy, 25 en el a\u00f1o 2022), no se eliminan los topes a las cotizaciones de las rentas m\u00e1s altas para que coticen en funci\u00f3n de lo que ganan y se potencian los planes privados de pensiones, eso s\u00ed negociados por empresarios y los sindicatos CC.OO y UGT, sin por supuesto derogar las Leyes de 2013 y ni mucho menos la ley del 2011, En consecuencia \u201cla banca y la clase empresarial y el capital, vuelven a ganar\u201d.<\/strong><\/p>\n<h1 style=\"text-align: center\"><strong>GOBIERNE QUIEN GOBIERNE EL SISTEMA PUBLICO DE PENSIONES UNIVERSAL <\/strong><\/h1>\n<h1 style=\"text-align: center\"><strong>Y SUFICIENTE SE DEFIENDE<\/strong><\/h1>\n","protected":false},"excerpt":{"rendered":"<h5 style=\"text-align: center\"><span style=\"font-size: 10pt\"><strong><span style=\"color: #ff0000\">GOBIERNE QUIEN GOBIERNE<\/span> EL SISTEMA PUBLICO DE PENSIONES UNIVERSAL<\/strong><\/span><\/h5>\n<h5 style=\"text-align: center\"><span style=\"font-size: 10pt\"><strong> Y SUFICIENTE SE DEFIENDE<\/strong><\/span><\/h5>\n<p>El sistema p\u00fablico de pensiones, basado en tres principios esenciales:\u00a0<strong>universalidad<\/strong>\u00a0de las pensiones,\u00a0<strong>suficiencia de recursos<\/strong>\u00a0del sistema a trav\u00e9s de los impuestos, bien directos e indirectos y el\u00a0<strong>principio de equidad<\/strong>\u00a0garantizado a trav\u00e9s de un sistema de\u00a0<strong>reparto y solidario<\/strong>, para que todo el mundo aporte en funci\u00f3n de sus ganancias y todo el mundo reciba una pensi\u00f3n que garantice un medio de vida digno, ha sido un objetivo de las clases empresariales \u00a0para apropiarse de esos cientos de miles de millones y garantizar sus tasas de ganancia y modelos de vida, a costa del empobrecimiento y el expolio de los derechos fundamentales y de las necesidades de una poblaci\u00f3n bien mayor, bien enferma, bien incapacitada para el trabajo.<\/p>\n<p style=\"text-align: center\">\n","protected":false},"author":6,"featured_media":20630,"comment_status":"closed","ping_status":"closed","sticky":false,"template":"","format":"standard","meta":{"footnotes":"","_links_to":"","_links_to_target":""},"categories":[4,34,46,140,15],"tags":[191,111,355,192,332],"class_list":["post-20629","post","type-post","status-publish","format-standard","has-post-thumbnail","hentry","category-crisis","category-economia","category-laboral","category-pensiones","category-social","tag-comunicados","tag-crisis","tag-pacto-de-toledo","tag-pensiones","tag-social"],"publishpress_future_action":{"enabled":false,"date":"2026-05-07 16:58:26","action":"change-status","newStatus":"draft","terms":[],"taxonomy":"category","extraData":[]},"publishpress_future_workflow_manual_trigger":{"enabledWorkflows":[]},"_links":{"self":[{"href":"https:\/\/www.cgt-lkn.org\/bizkaia\/wp-json\/wp\/v2\/posts\/20629","targetHints":{"allow":["GET"]}}],"collection":[{"href":"https:\/\/www.cgt-lkn.org\/bizkaia\/wp-json\/wp\/v2\/posts"}],"about":[{"href":"https:\/\/www.cgt-lkn.org\/bizkaia\/wp-json\/wp\/v2\/types\/post"}],"author":[{"embeddable":true,"href":"https:\/\/www.cgt-lkn.org\/bizkaia\/wp-json\/wp\/v2\/users\/6"}],"replies":[{"embeddable":true,"href":"https:\/\/www.cgt-lkn.org\/bizkaia\/wp-json\/wp\/v2\/comments?post=20629"}],"version-history":[{"count":1,"href":"https:\/\/www.cgt-lkn.org\/bizkaia\/wp-json\/wp\/v2\/posts\/20629\/revisions"}],"predecessor-version":[{"id":20631,"href":"https:\/\/www.cgt-lkn.org\/bizkaia\/wp-json\/wp\/v2\/posts\/20629\/revisions\/20631"}],"wp:featuredmedia":[{"embeddable":true,"href":"https:\/\/www.cgt-lkn.org\/bizkaia\/wp-json\/wp\/v2\/media\/20630"}],"wp:attachment":[{"href":"https:\/\/www.cgt-lkn.org\/bizkaia\/wp-json\/wp\/v2\/media?parent=20629"}],"wp:term":[{"taxonomy":"category","embeddable":true,"href":"https:\/\/www.cgt-lkn.org\/bizkaia\/wp-json\/wp\/v2\/categories?post=20629"},{"taxonomy":"post_tag","embeddable":true,"href":"https:\/\/www.cgt-lkn.org\/bizkaia\/wp-json\/wp\/v2\/tags?post=20629"}],"curies":[{"name":"wp","href":"https:\/\/api.w.org\/{rel}","templated":true}]}}