{"id":20254,"date":"2020-07-16T09:02:52","date_gmt":"2020-07-16T07:02:52","guid":{"rendered":"https:\/\/www.cgt-lkn.org\/bizkaia\/?p=20254"},"modified":"2020-10-25T13:25:43","modified_gmt":"2020-10-25T12:25:43","slug":"hezkuntza-iniciativa-para-lograr-estabilidad-a-largo-plazo-epe-luzeko-interinoen-egonkortasuna-lortzeko-ekimena","status":"publish","type":"post","link":"https:\/\/www.cgt-lkn.org\/bizkaia\/archivos\/20254","title":{"rendered":"Irakasle Interinoak : INICIATIVA PARA LOGRAR ESTABILIDAD A LARGO PLAZO EPE LUZEKO INTERINOEN EGONKORTASUNA LORTZEKO EKIMENA"},"content":{"rendered":"<p>&nbsp;<\/p>\n<p>Bizkaiko CGT-LKN sindikatuko Hezkuntzako sail sindikalean urteak daramatzagu gure sektorean <strong>epe luzeko interinoek jasaten duten egoera<\/strong> etsipengarriagatik arduratzen eta hura salatzen (egonkortasun minimorik eza, sindikatu handien eta lankideen babesik gabe, laneko zein etxeko beharrengatik oposaketak ondo prestatzeko aukerarik gabe, oposaketen edukien zein xedeen aldaketak, gure jardunaren errealitatearekin lotura gutxi duten frogekin\u2026).<\/p>\n<p>Baina azken urteetan espainiar estatuko administrazio publikoetan antzeko baldintzak jasaten dituzten hainbat langile publikok egonkortasun berme minimo batzuk lortzeko antolatzen eta borrokatzen hasi dira, eta Europako auzitegietara jo dute. Eta 2020ko martxoaren 20ean, Europar Batasuneko Justizia Auzitegiak espainiar estatuko epe luzeko interinoen egoera bidegabea eta iruzur bat dela adierazi du eta langile hauei \u201cez finko mugagabe\u201d (\u201cindefinido no fijo\u201d) izaera aitortu die.<\/p>\n<p>Europar sententzia horren babespean estatuko hainbat auzitegitan helegiteak aurkeztu dira eta hoietako batzuk aurrera atera dira; esate baterako CGTk Alicanteko udal langile baten alde aurkeztutakoa (Sentencia 252\/2020 del Juzgado de lo Contencioso Administrativo N\u00ba 4 de Alicante).<\/p>\n<p><img loading=\"lazy\" decoding=\"async\" class=\"aligncenter size-full wp-image-20282\" src=\"https:\/\/www.cgt-lkn.org\/bizkaia\/wp-content\/uploads\/sites\/21\/2020\/07\/Egonkortasuna-CGT.jpg\" alt=\"\" width=\"198\" height=\"254\" \/><\/p>\n<p>CGT-LKN sindikatuko Hezkuntzako sail sindikaletik Hezkuntza Publikoaren alorrean ez daukagu helegite kolektibo bat aurkezteko beharrezkoa den ordezkapen ofizialik, hortaz helegite indibidualak aurkezteko asmoa duten langilei (nahiz eta gure sindikatuko kide ez izan), gure abokatuaren eta sailaren laguntzarekin, irailean helegiteak aurkezten lagundu nahi diegu.<\/p>\n<p>Gure asmoa uztailean eta abuztuan helegitea aurkezteko asmoa duzuenokin harremanetan jartzea eta bilera batzuk egitea litzateke. Gero abokatuaren esku agiriak utzi, banan banan hark kasu bakoitza aztertu eta prestatu dezan, irailean helegite indibidualak gizarte esparruko Bizkaiko auzitegian aurkeztu ahal izateko.<\/p>\n<p>Ekimen eta informazio hau zuen interesekoa baldin bada konpromezurik gabe gurekin harremanetan jarri.<\/p>\n<p><img loading=\"lazy\" decoding=\"async\" class=\"aligncenter size-medium wp-image-20260\" src=\"https:\/\/www.cgt-lkn.org\/bizkaia\/wp-content\/uploads\/sites\/21\/2020\/07\/INTERINOAK-EKIMENA-cgt-300x292.jpg\" alt=\"\" width=\"300\" height=\"292\" srcset=\"https:\/\/www.cgt-lkn.org\/bizkaia\/wp-content\/uploads\/sites\/21\/2020\/07\/INTERINOAK-EKIMENA-cgt-300x292.jpg 300w, https:\/\/www.cgt-lkn.org\/bizkaia\/wp-content\/uploads\/sites\/21\/2020\/07\/INTERINOAK-EKIMENA-cgt.jpg 600w\" sizes=\"auto, (max-width: 300px) 100vw, 300px\" \/><\/p>\n<p style=\"text-align: center\"><strong>CGT-LKN\u00a0<\/strong>(Bizkaia)\u00a0 <strong>HEZKUNTZAko\u00a0<\/strong><strong>Sail sindikala<\/strong><\/p>\n<p style=\"text-align: center\"><strong>Bail\u00e9n, 7 \u2013 solairuartea \u2013 2, 3 eta 4 48003 BILBO\u00a0 \u00a0 \u00a0 \u00a0 Tfnoa\u00a0&#8211; Faax: 94-416.95.40<\/strong><\/p>\n<p style=\"text-align: center\"><strong><a href=\"mailto:hezkuntza@cgt-lkn.eus\">hezkuntza@cgt-lkn.eus<\/a>\u00a0 \u00a0 \u00a0 <a href=\"mailto:cgtbilbao@cgt-lkn.org\">cgtbilbao@cgt-lkn.org<\/a><\/strong><\/p>\n<p style=\"text-align: center\"><a href=\"https:\/\/www.cgt-lkn.org\/bizkaia\/hezkuntza\/\"><strong>www.cgt-lkn.org\/bizkaia\/hezkuntza<\/strong><\/a><\/p>\n<h1 class=\"entry-title\" style=\"text-align: center\"><span style=\"font-size: 14pt\"><a href=\"https:\/\/www.cgt-lkn.org\/bizkaia\/archivos\/6199\">Pedir Cita con la Asesoria<\/a><\/span><\/h1>\n<p><img loading=\"lazy\" decoding=\"async\" class=\"aligncenter size-medium wp-image-20257\" src=\"https:\/\/www.cgt-lkn.org\/bizkaia\/wp-content\/uploads\/sites\/21\/2020\/07\/CABECERA-hezkuntza-educacion-CGT-300x55.jpg\" alt=\"\" width=\"300\" height=\"55\" srcset=\"https:\/\/www.cgt-lkn.org\/bizkaia\/wp-content\/uploads\/sites\/21\/2020\/07\/CABECERA-hezkuntza-educacion-CGT-300x55.jpg 300w, https:\/\/www.cgt-lkn.org\/bizkaia\/wp-content\/uploads\/sites\/21\/2020\/07\/CABECERA-hezkuntza-educacion-CGT.jpg 600w\" sizes=\"auto, (max-width: 300px) 100vw, 300px\" \/><\/p>\n<p>&nbsp;<\/p>\n<p>En la secci\u00f3n sindical de Hezkuntza \/Educaci\u00f3n p\u00fablica de CGT-LKN llevamos desde el a\u00f1o 2014 preocupad@s y denunciando la <strong>penosa situaci\u00f3n que sufren l@s interin@s de larga duraci\u00f3n en el \u00e1mbito educativo<\/strong> (sin un m\u00ednimo de estabilidad con contratos anuales, yendo de ac\u00e1 para all\u00e1 entre las 3 provincias de la CAPV y cubriendo \u2153 o \u00bd jornadas durante a\u00f1os para acumular puntos, sin el apoyo de los grandes sindicatos ni nuestr@s compa\u00f1er@s funcionari@s, sin poder preparar adecuadamente las oposiciones debido a las obligaciones familiares y laborales, con cambios continuos en los contenidos y criterios de las OPEs, con pruebas que poco tienen que ver con nuestra labor\u2026). En el a\u00f1o 2017 sacamos unos carteles sobre el tema reivindicando garant\u00edas de estabilidad para l@s interinos que llevaran al menos 15 a\u00f1os trabajando para el Departamento de Educaci\u00f3n del Gobierno Vasco y empezamos a reivindicar lo en nuestras declaraciones en las huelgas educativas de 2017-2018. Al tiempo, primero ELA (en 2018) y luego LAB (en 2019), empezaron a recoger esta demanda en sus tablas reivindicativas.<\/p>\n<p><img loading=\"lazy\" decoding=\"async\" class=\"aligncenter size-medium wp-image-20255\" src=\"https:\/\/www.cgt-lkn.org\/bizkaia\/wp-content\/uploads\/sites\/21\/2020\/07\/Hezkuntza-INICIATIVA-PARA-LOGRAR-ESTABILIDAD-A-LARGO-PLAZO-CGT-300x195.jpg\" alt=\"\" width=\"300\" height=\"195\" srcset=\"https:\/\/www.cgt-lkn.org\/bizkaia\/wp-content\/uploads\/sites\/21\/2020\/07\/Hezkuntza-INICIATIVA-PARA-LOGRAR-ESTABILIDAD-A-LARGO-PLAZO-CGT-300x195.jpg 300w, https:\/\/www.cgt-lkn.org\/bizkaia\/wp-content\/uploads\/sites\/21\/2020\/07\/Hezkuntza-INICIATIVA-PARA-LOGRAR-ESTABILIDAD-A-LARGO-PLAZO-CGT.jpg 568w\" sizes=\"auto, (max-width: 300px) 100vw, 300px\" \/><\/p>\n<p>Estos \u00faltimos a\u00f1os trabajador@s de las administraciones p\u00fablicas del estado espa\u00f1ol que sufren situaciones parecidas han empezado a organizarse y luchar por unas garant\u00edas m\u00ednimas de estabilidad, y para ello han acudido a los tribunales europeos. Y el 20 de marzo de 2020, el Tribunal de Justicia de la Uni\u00f3n Europea ha dictaminado que la situaci\u00f3n de l@s interin@s de larga duraci\u00f3n en el estado espa\u00f1ol constituye un fraude adem\u00e1s de una injusticia y les ha instituido para est@s trabajador@s la figura del\/a \u201cindefinido no fijo\u201d.<\/p>\n<p>Al amparo de dicha sentencia europea se han presentado recursos en muchos tribunales y algunos de ellos ya est\u00e1n dando frutos; es el caso del recurso presentado por CGT junto a una trabajadora del Ayuntamiento de Alicante (Sentencia 252\/2020 del Juzgado de lo Contencioso Administrativo N\u00ba 4 de Alicante).<\/p>\n<p><img loading=\"lazy\" decoding=\"async\" class=\"aligncenter size-medium wp-image-20354\" src=\"https:\/\/www.cgt-lkn.org\/bizkaia\/wp-content\/uploads\/sites\/21\/2020\/07\/Interinoak-abuztua2-copia-300x292.jpg\" alt=\"\" width=\"300\" height=\"292\" srcset=\"https:\/\/www.cgt-lkn.org\/bizkaia\/wp-content\/uploads\/sites\/21\/2020\/07\/Interinoak-abuztua2-copia-300x292.jpg 300w, https:\/\/www.cgt-lkn.org\/bizkaia\/wp-content\/uploads\/sites\/21\/2020\/07\/Interinoak-abuztua2-copia.jpg 600w\" sizes=\"auto, (max-width: 300px) 100vw, 300px\" \/>Como la secci\u00f3n sindical de Educaci\u00f3n P\u00fablica de CGT-LKN carece de la representaci\u00f3n oficial requerida no podemos presentar un recurso colectivo, pero s\u00ed queremos ayudar a todas aquellas personas que quieran presentar en septiembre demandas individuales .<\/p>\n<p>Nuestra intenci\u00f3n es contactar con l@s interesad@ a lo largo de julio y agosto, pasarle toda la documentaci\u00f3n a nuestro abogado para que estudie y prepare cada caso individual, y a partir de septiembre, presentar a la vez los recursos en los juzgados de lo social de Bizkaia.<\/p>\n<p>Si tanto esta informaci\u00f3n como la propia iniciativa resultan de tu inter\u00e9s o de la de algun@ amig@ o conocid@ no dudes en ponerte en contacto con nosotr@s y ayudarnos a difundirla.<\/p>\n<p><img loading=\"lazy\" decoding=\"async\" class=\"aligncenter size-medium wp-image-20261\" src=\"https:\/\/www.cgt-lkn.org\/bizkaia\/wp-content\/uploads\/sites\/21\/2020\/07\/INTERIN@S-CGT-300x292.jpg\" alt=\"\" width=\"300\" height=\"292\" srcset=\"https:\/\/www.cgt-lkn.org\/bizkaia\/wp-content\/uploads\/sites\/21\/2020\/07\/INTERIN@S-CGT-300x292.jpg 300w, https:\/\/www.cgt-lkn.org\/bizkaia\/wp-content\/uploads\/sites\/21\/2020\/07\/INTERIN@S-CGT.jpg 600w\" sizes=\"auto, (max-width: 300px) 100vw, 300px\" \/><\/p>\n<p style=\"text-align: center\"><strong>CGT-LKN\u00a0<\/strong>(Bizkaia)\u00a0<strong>HEZKUNTZAko\u00a0<\/strong><strong>Sail sindikala<\/strong><\/p>\n<p style=\"text-align: center\"><strong>Bail\u00e9n, 7 \u2013 solairuartea \u2013 2, 3 eta 4 48003 BILBO\u00a0 \u00a0 \u00a0 \u00a0 Tfnoa\u00a0&#8211; Faax: 94-416.95.40<\/strong><\/p>\n<p style=\"text-align: center\"><strong><a href=\"mailto:hezkuntza@cgt-lkn.eus\">hezkuntza@cgt-lkn.eus<\/a>\u00a0 \u00a0 \u00a0 <a href=\"mailto:cgtbilbao@cgt-lkn.org\">cgtbilbao@cgt-lkn.org<\/a><\/strong><\/p>\n<p style=\"text-align: center\"><img loading=\"lazy\" decoding=\"async\" class=\"aligncenter wp-image-20257\" src=\"https:\/\/www.cgt-lkn.org\/bizkaia\/wp-content\/uploads\/sites\/21\/2020\/07\/CABECERA-hezkuntza-educacion-CGT-300x55.jpg\" alt=\"\" width=\"429\" height=\"80\" srcset=\"https:\/\/www.cgt-lkn.org\/bizkaia\/wp-content\/uploads\/sites\/21\/2020\/07\/CABECERA-hezkuntza-educacion-CGT-300x55.jpg 300w, https:\/\/www.cgt-lkn.org\/bizkaia\/wp-content\/uploads\/sites\/21\/2020\/07\/CABECERA-hezkuntza-educacion-CGT.jpg 600w\" sizes=\"auto, (max-width: 429px) 100vw, 429px\" \/><\/p>\n<p style=\"text-align: center\"><a href=\"https:\/\/www.cgt-lkn.org\/bizkaia\/hezkuntza\/\"><strong>www.cgt-lkn.org\/bizkaia\/hezkuntza<\/strong><\/a><\/p>\n<h1 class=\"entry-title\" style=\"text-align: center\"><span style=\"font-size: 14pt\"><a href=\"https:\/\/www.cgt-lkn.org\/bizkaia\/archivos\/6199\">Pedir Cita con la Asesoria<\/a><\/span><\/h1>\n<p>&nbsp;<\/p>\n<p><strong>\u00a0<\/strong><\/p>\n<p>&nbsp;<\/p>\n","protected":false},"excerpt":{"rendered":"<p>El sindicato CGT-LKN ha estado preocupado durante a\u00f1os por la deprimente situaci\u00f3n de los <strong>trabajadores temporale<\/strong>s a largo plazo en nuestro sector y lo denuncia (falta de estabilidad m\u00ednima, puntos para cumplir durante a\u00f1os o a\u00f1os, sin el apoyo de grandes sindicatos y funcionarios p\u00fablicos, oposici\u00f3n al trabajo y las necesidades dom\u00e9sticas). sin la oportunidad de prepararse bien, cambios en el contenido y objetivos de las oposiciones, con evidencia que tiene poco que ver con la realidad de nuestra actividad &#8230;).<\/p>\n<p>Bizkaiko CGT-LKN sindikatuko Hezkuntzako sail sindikalean urteak daramatzagu gure sektorean <strong>epe luzeko interinoek<\/strong> jasaten duten egoera etsipengarriagatik arduratzen eta hura salatzen (egonkortasun minimorik eza, sindikatu handien eta lankideen babesik gabe, laneko zein etxeko beharrengatik oposaketak ondo prestatzeko aukerarik gabe, oposaketen edukien zein xedeen aldaketak, gure jardunaren errealitatearekin lotura gutxi duten frogekin\u2026).<\/p>\n","protected":false},"author":185,"featured_media":20353,"comment_status":"closed","ping_status":"closed","sticky":false,"template":"","format":"standard","meta":{"footnotes":"","_links_to":"","_links_to_target":""},"categories":[206,99,169,46],"tags":[214,197,292,196,293,295,294],"class_list":["post-20254","post","type-post","status-publish","format-standard","has-post-thumbnail","hentry","category-accion-sindical","category-comunicados","category-hezkuntza-educacion","category-laboral","tag-cgt","tag-educacion","tag-estabilidad","tag-hezkuntza","tag-interinos","tag-irakasle","tag-profesores"],"publishpress_future_action":{"enabled":false,"date":"2026-05-07 03:54:04","action":"change-status","newStatus":"draft","terms":[],"taxonomy":"category","extraData":[]},"publishpress_future_workflow_manual_trigger":{"enabledWorkflows":[]},"_links":{"self":[{"href":"https:\/\/www.cgt-lkn.org\/bizkaia\/wp-json\/wp\/v2\/posts\/20254","targetHints":{"allow":["GET"]}}],"collection":[{"href":"https:\/\/www.cgt-lkn.org\/bizkaia\/wp-json\/wp\/v2\/posts"}],"about":[{"href":"https:\/\/www.cgt-lkn.org\/bizkaia\/wp-json\/wp\/v2\/types\/post"}],"author":[{"embeddable":true,"href":"https:\/\/www.cgt-lkn.org\/bizkaia\/wp-json\/wp\/v2\/users\/185"}],"replies":[{"embeddable":true,"href":"https:\/\/www.cgt-lkn.org\/bizkaia\/wp-json\/wp\/v2\/comments?post=20254"}],"version-history":[{"count":10,"href":"https:\/\/www.cgt-lkn.org\/bizkaia\/wp-json\/wp\/v2\/posts\/20254\/revisions"}],"predecessor-version":[{"id":20355,"href":"https:\/\/www.cgt-lkn.org\/bizkaia\/wp-json\/wp\/v2\/posts\/20254\/revisions\/20355"}],"wp:featuredmedia":[{"embeddable":true,"href":"https:\/\/www.cgt-lkn.org\/bizkaia\/wp-json\/wp\/v2\/media\/20353"}],"wp:attachment":[{"href":"https:\/\/www.cgt-lkn.org\/bizkaia\/wp-json\/wp\/v2\/media?parent=20254"}],"wp:term":[{"taxonomy":"category","embeddable":true,"href":"https:\/\/www.cgt-lkn.org\/bizkaia\/wp-json\/wp\/v2\/categories?post=20254"},{"taxonomy":"post_tag","embeddable":true,"href":"https:\/\/www.cgt-lkn.org\/bizkaia\/wp-json\/wp\/v2\/tags?post=20254"}],"curies":[{"name":"wp","href":"https:\/\/api.w.org\/{rel}","templated":true}]}}