{"id":20162,"date":"2020-06-22T17:18:00","date_gmt":"2020-06-22T15:18:00","guid":{"rendered":"https:\/\/www.cgt-lkn.org\/bizkaia\/?p=20162"},"modified":"2020-06-22T17:18:00","modified_gmt":"2020-06-22T15:18:00","slug":"manifestacion-de-pensionistas-por-unos-servicios-socio-sanitarios-de-atencion-a-la-dependencia-publicos-universales-y-dignos","status":"publish","type":"post","link":"https:\/\/www.cgt-lkn.org\/bizkaia\/archivos\/20162","title":{"rendered":"Manifestaci\u00f3n de Pensionistas por unos Servicios socio sanitarios de atenci\u00f3n a la dependencia p\u00fablicos, universales y dignos"},"content":{"rendered":"<p style=\"text-align: center\">[wpdevart_youtube caption=\u00bb\u00bb align=\u00bbleft\u00bb]uLbFphzeDIk[\/wpdevart_youtube]<\/p>\n<p>Lo sucedido en los servicios de atenci\u00f3n a la dependencia y especialmente en las residencias requiere una explicaci\u00f3n completa, veraz y objetiva, por parte de la Diputaci\u00f3n Foral de Bizkaia y esto es lo que una vez m\u00e1s reclamamos con esta concentraci\u00f3n.<\/p>\n<p>Es evidente que los centros han carecido de los medios de prevenci\u00f3n necesarios para evitar el contagio de las personas usuarias y trabajadoras y que no se ha garantizado el derecho a la asistencia sanitaria completa.<\/p>\n<p>Los recortes en la prestaciones de servicios y la precarizaci\u00f3n de las condiciones de trabajo han sido denunciadas desde hace a\u00f1os por asociaciones de usuarios como Babestu y las organizaciones sindicales del sector; reducir y recortar los servicios p\u00fablicos de atenci\u00f3n a la dependencia, es una estrategia de los Gobiernos, para que la iniciativa privada, monopolizada por multinacionales y fondos de inversi\u00f3n, hagan negocio con las necesidades de atenci\u00f3n a las personas a costa de empeorar los servicios y las condiciones de trabajo. Todo, ante la despreocupaci\u00f3n o la inoperancia de los responsables pol\u00edticos.<\/p>\n<p>El M.P. a\u00f1o tras a\u00f1o que el sistema de atenci\u00f3n a la dependencia no cumpl\u00eda con su papel de garantizar los derechos b\u00e1sicos de las personas usuarias y trabajadoras, ni en condiciones normales y mucho menos en situaciones extraordinarias, la privatizaci\u00f3n, la reducci\u00f3n de su financiaci\u00f3n, el incremento de las cargas de trabajo y los recortes en las prestaciones han sido el caldo de cultivo necesario para la cat\u00e1strofe sanitaria provocada en las residencias por la actual pandemia. Ha sido la cr\u00f3nica de una muerte anunciada.<\/p>\n<p>El motivo de esta manifestaci\u00f3n y concentraci\u00f3n una vez m\u00e1s ante la Diputaci\u00f3n Foral de Bizkaia es porque se sigue sin respuesta del responsable pol\u00edtico, el Diputado General Sr. Rementeria, a preguntas que pretenden conocer el impacto de la pandemia en las personas usuarias y trabajadoras de los servicios de atenci\u00f3n a la dependencia p\u00fablicos y privados; \u00bfcu\u00e1ntas personas usuarias de las residencias han podido acceder a los servicios sanitarios especializados?, \u00bfqu\u00e9 medios de prevenci\u00f3n y curaci\u00f3n se han puesto al servicio de las personas usuarias y cuidadoras\u2026? es una informaci\u00f3n a la que tenemos derecho e imprescindible para tomar decisiones que impidan que lo que ha sucedido con esta crisis sanitaria vuelva a suceder.<\/p>\n<p>El M.P. ha denunciado el deterioro de los servicios y sus consecuencias irreparables y con la misma contundencia exigen \u00a1ya! servicios socio sanitarios de atenci\u00f3n a la dependencia p\u00fablicos y universales, integrados en Osakidetza, para garantizar los derechos de las personas usuarias y trabajadoras de los mismos.<\/p>\n","protected":false},"excerpt":{"rendered":"<p>Lo sucedido en los servicios de atenci\u00f3n a la dependencia y especialmente en las residencias requiere una explicaci\u00f3n completa, veraz y objetiva, por parte de la Diputaci\u00f3n Foral de Bizkaia y esto es lo que una vez m\u00e1s reclamamos con esta concentraci\u00f3n.<\/p>\n<p>Es evidente que los centros han carecido de los medios de prevenci\u00f3n necesarios para evitar el contagio de las personas usuarias y trabajadoras y que no se ha garantizado el derecho a la asistencia sanitaria completa.<\/p>\n","protected":false},"author":12,"featured_media":20163,"comment_status":"closed","ping_status":"closed","sticky":false,"template":"","format":"standard","meta":{"footnotes":"","_links_to":"","_links_to_target":""},"categories":[8,181,175],"tags":[],"class_list":["post-20162","post","type-post","status-publish","format-standard","has-post-thumbnail","hentry","category-movilizaciones","category-pensionistas","category-sector-publico"],"publishpress_future_action":{"enabled":false,"date":"2026-05-07 10:16:18","action":"change-status","newStatus":"draft","terms":[],"taxonomy":"category","extraData":[]},"publishpress_future_workflow_manual_trigger":{"enabledWorkflows":[]},"_links":{"self":[{"href":"https:\/\/www.cgt-lkn.org\/bizkaia\/wp-json\/wp\/v2\/posts\/20162","targetHints":{"allow":["GET"]}}],"collection":[{"href":"https:\/\/www.cgt-lkn.org\/bizkaia\/wp-json\/wp\/v2\/posts"}],"about":[{"href":"https:\/\/www.cgt-lkn.org\/bizkaia\/wp-json\/wp\/v2\/types\/post"}],"author":[{"embeddable":true,"href":"https:\/\/www.cgt-lkn.org\/bizkaia\/wp-json\/wp\/v2\/users\/12"}],"replies":[{"embeddable":true,"href":"https:\/\/www.cgt-lkn.org\/bizkaia\/wp-json\/wp\/v2\/comments?post=20162"}],"version-history":[{"count":1,"href":"https:\/\/www.cgt-lkn.org\/bizkaia\/wp-json\/wp\/v2\/posts\/20162\/revisions"}],"predecessor-version":[{"id":20164,"href":"https:\/\/www.cgt-lkn.org\/bizkaia\/wp-json\/wp\/v2\/posts\/20162\/revisions\/20164"}],"wp:featuredmedia":[{"embeddable":true,"href":"https:\/\/www.cgt-lkn.org\/bizkaia\/wp-json\/wp\/v2\/media\/20163"}],"wp:attachment":[{"href":"https:\/\/www.cgt-lkn.org\/bizkaia\/wp-json\/wp\/v2\/media?parent=20162"}],"wp:term":[{"taxonomy":"category","embeddable":true,"href":"https:\/\/www.cgt-lkn.org\/bizkaia\/wp-json\/wp\/v2\/categories?post=20162"},{"taxonomy":"post_tag","embeddable":true,"href":"https:\/\/www.cgt-lkn.org\/bizkaia\/wp-json\/wp\/v2\/tags?post=20162"}],"curies":[{"name":"wp","href":"https:\/\/api.w.org\/{rel}","templated":true}]}}