{"id":20137,"date":"2020-06-22T10:40:19","date_gmt":"2020-06-22T08:40:19","guid":{"rendered":"https:\/\/www.cgt-lkn.org\/bizkaia\/?p=20137"},"modified":"2020-06-22T13:37:10","modified_gmt":"2020-06-22T11:37:10","slug":"ayudas-a-las-familias-para-responder-al-impacto-economico-del-covid-19","status":"publish","type":"post","link":"https:\/\/www.cgt-lkn.org\/bizkaia\/archivos\/20137","title":{"rendered":"Ayudas a las familias para responder al impacto econ\u00f3mico del COVID-19"},"content":{"rendered":"<p><a href=\"https:\/\/www.euskadi.eus\/y22-bopv\/es\/p43aBOPVWebWar\/VerParalelo.do?cd2020002363\" target=\"_blank\" rel=\"noopener noreferrer\"><img loading=\"lazy\" decoding=\"async\" class=\"aligncenter size-full wp-image-20138\" src=\"https:\/\/www.cgt-lkn.org\/bizkaia\/wp-content\/uploads\/sites\/21\/2020\/06\/BOPV.jpg\" alt=\"\" width=\"275\" height=\"183\" srcset=\"https:\/\/www.cgt-lkn.org\/bizkaia\/wp-content\/uploads\/sites\/21\/2020\/06\/BOPV.jpg 275w, https:\/\/www.cgt-lkn.org\/bizkaia\/wp-content\/uploads\/sites\/21\/2020\/06\/BOPV-200x133.jpg 200w\" sizes=\"auto, (max-width: 275px) 100vw, 275px\" \/><\/a><\/p>\n<p>&nbsp;<\/p>\n<p>En el BOPV, ha salido publicada la Orden de 10 de junio de 2020, de la Consejera de Empleo y Pol\u00edticas Sociales, por la que <b>se aprueban las instancias normalizadas de las solicitudes de las ayudas complementarias<\/b>\u00a0a las destinadas para la conciliaci\u00f3n de la vida familiar y laboral, previstas en la Orden de 8 de abril de 2020, de la Consejera de Empleo y Pol\u00edticas Sociales, por la que se regulan las medidas espec\u00edficas\u00a0<b>en materia de apoyo a las familias para responder al impacto econ\u00f3mico del COVID-19,\u00a0<\/b>que a continuaci\u00f3n puedes leer:<\/p>\n<p style=\"text-align: center;\"><a href=\"https:\/\/www.euskadi.eus\/y22-bopv\/es\/p43aBOPVWebWar\/VerParalelo.do?cd2020002363\" target=\"_blank\" rel=\"noopener noreferrer\">VER: ORDEN de 10 de junio de 2020<\/a><\/p>\n<p>Respecto al <a href=\"https:\/\/www.sepe.es\/HomeSepe\/Personas\/distributiva-prestaciones\/he-dejado-de-cobrar-el-paro\/subsidio-extraordinario-desempleo.html\" target=\"_blank\" rel=\"noopener noreferrer\">Subsidio Extraordinario<\/a> los trabajadores temporales y asistentes del hogar que se hayan quedado total o parcialmente sin trabajo por el estado de alarma podr\u00e1n recibir una ayuda de hasta el <b>70% de los ingresos<\/b> que se hayan dejado de recibir y sin superar nunca el salario m\u00ednimo interprofesional de 950 euros mensuales. Esta ayuda extraordinaria es compatible con los ingresos percibidos por otras actividades por cuenta propia o ajena.<br \/>\nPara solicitarlo hay que rellenar el formulario disponible en la sede electr\u00f3nica del servicio p\u00fablico de empleo, el <a href=\"https:\/\/www.sepe.es\/HomeSepe\" target=\"_blank\" rel=\"noopener noreferrer\">SEPE<\/a>, y adjuntar la declaraci\u00f3n responsable convenientemente firmada por los empleadores, que verifican que los datos consignados por la persona solicitante son ver\u00eddicos.Los trabajadores temporales que no re\u00fanan los\u00a0<a href=\"https:\/\/www.companias-de-luz.com\/subsidio-extraordinario-covid-empleadas-hogar-trabajadores-temporales\/\" target=\"_blank\" rel=\"noopener noreferrer\">requisitos<\/a>\u00a0suficientes como para percibir el subsidio por desempleo tras su despido a causa de la crisis del coronavirus podr\u00e1n recibir la ayuda extraordinaria, en forma de pago \u00fanico de\u00a0<b>450 euros<\/b>, aunque podr\u00eda ampliarse.El\u00a0Gobierno\u00a0provee adem\u00e1s otro tipo de ayudas para aliviar esta crisis:<br \/>\n&#8211; Bono social telef\u00f3nico &#8211;\u00a0<a href=\"https:\/\/www.zona-internet.com\/bono-social-telefonico\/\" target=\"_blank\" rel=\"noopener noreferrer\">https:\/\/www.zona-internet.com\/bono-social-telefonico\/<\/a><br \/>\n&#8211; Bono social &#8211;\u00a0<a href=\"https:\/\/www.companias-de-luz.com\/el-bono-social\/\" target=\"_blank\" rel=\"noopener noreferrer\">https:\/\/www.companias-de-luz.com\/el-bono-social\/<\/a><br \/>\n&#8211; Bono social del agua &#8211;\u00a0<a href=\"https:\/\/www.serviciosluz.com\/el-bono-social-del-agua-2020\/\" target=\"_blank\" rel=\"noopener noreferrer\">https:\/\/www.serviciosluz.com\/el-bono-social-del-agua-2020\/<\/a><\/p>\n<p>Asimismo la <a href=\"http:\/\/www.seg-social.es\/wps\/portal\/wss\/internet\/Trabajadores\/PrestacionesPensionesTrabajadores\/65850d68-8d06-4645-bde7-05374ee42ac7#:~:text=Se%20configura%20como%20derecho%20subjetivo,en%20situaci%C3%B3n%20de%20vulnerabilidad%20econ%C3%B3mica.\" target=\"_blank\" rel=\"noopener noreferrer\">Seguridad Social <\/a>ha habilitado un tel\u00e9fono de atenci\u00f3n al ciudadano, el cual podr\u00e1 solicitar todo tipo de informaci\u00f3n respecto al Ingreso M\u00ednimo Vital, desde los requisitos a los plazos. Este tel\u00e9fono pasar\u00e1 a ser el<a href=\"https:\/\/www.zona-internet.com\/telefono-de-consultas-para-el-ingreso-minimo-vital\/\" target=\"_blank\" rel=\"noopener noreferrer\">\u00a0900 20 22 22<\/a>\u00a0y tendr\u00e1 un horario de\u00a0<b>9:00h a 14:30h<\/b>.<\/p>\n","protected":false},"excerpt":{"rendered":"<p>Ayudas complementarias n materia de apoyo a las familias para responder al impacto econ\u00f3mico del COVID-19.<\/p>\n","protected":false},"author":57,"featured_media":20138,"comment_status":"closed","ping_status":"closed","sticky":false,"template":"","format":"standard","meta":{"footnotes":"","_links_to":"","_links_to_target":""},"categories":[186,34,101,46,15],"tags":[189,275,274,276],"class_list":["post-20137","post","type-post","status-publish","format-standard","has-post-thumbnail","hentry","category-coronavirus-covid19","category-economia","category-informacion-prestaciones-sociales","category-laboral","category-social","tag-covid19","tag-ayudas","tag-bopv","tag-familia"],"publishpress_future_action":{"enabled":false,"date":"2026-05-09 07:10:57","action":"change-status","newStatus":"draft","terms":[],"taxonomy":"category","extraData":[]},"publishpress_future_workflow_manual_trigger":{"enabledWorkflows":[]},"_links":{"self":[{"href":"https:\/\/www.cgt-lkn.org\/bizkaia\/wp-json\/wp\/v2\/posts\/20137","targetHints":{"allow":["GET"]}}],"collection":[{"href":"https:\/\/www.cgt-lkn.org\/bizkaia\/wp-json\/wp\/v2\/posts"}],"about":[{"href":"https:\/\/www.cgt-lkn.org\/bizkaia\/wp-json\/wp\/v2\/types\/post"}],"author":[{"embeddable":true,"href":"https:\/\/www.cgt-lkn.org\/bizkaia\/wp-json\/wp\/v2\/users\/57"}],"replies":[{"embeddable":true,"href":"https:\/\/www.cgt-lkn.org\/bizkaia\/wp-json\/wp\/v2\/comments?post=20137"}],"version-history":[{"count":4,"href":"https:\/\/www.cgt-lkn.org\/bizkaia\/wp-json\/wp\/v2\/posts\/20137\/revisions"}],"predecessor-version":[{"id":20158,"href":"https:\/\/www.cgt-lkn.org\/bizkaia\/wp-json\/wp\/v2\/posts\/20137\/revisions\/20158"}],"wp:featuredmedia":[{"embeddable":true,"href":"https:\/\/www.cgt-lkn.org\/bizkaia\/wp-json\/wp\/v2\/media\/20138"}],"wp:attachment":[{"href":"https:\/\/www.cgt-lkn.org\/bizkaia\/wp-json\/wp\/v2\/media?parent=20137"}],"wp:term":[{"taxonomy":"category","embeddable":true,"href":"https:\/\/www.cgt-lkn.org\/bizkaia\/wp-json\/wp\/v2\/categories?post=20137"},{"taxonomy":"post_tag","embeddable":true,"href":"https:\/\/www.cgt-lkn.org\/bizkaia\/wp-json\/wp\/v2\/tags?post=20137"}],"curies":[{"name":"wp","href":"https:\/\/api.w.org\/{rel}","templated":true}]}}