{"id":20125,"date":"2020-06-17T09:08:54","date_gmt":"2020-06-17T07:08:54","guid":{"rendered":"https:\/\/www.cgt-lkn.org\/bizkaia\/?p=20125"},"modified":"2020-06-17T09:10:24","modified_gmt":"2020-06-17T07:10:24","slug":"ezkerraldea-martxan-contra-la-precariedad-la-pobreza-y-los-recortes","status":"publish","type":"post","link":"https:\/\/www.cgt-lkn.org\/bizkaia\/archivos\/20125","title":{"rendered":"Ezkerraldea Martxan: Contra la precariedad la pobreza y los recortes"},"content":{"rendered":"<p><img loading=\"lazy\" decoding=\"async\" class=\"aligncenter  wp-image-20126\" src=\"https:\/\/www.cgt-lkn.org\/bizkaia\/wp-content\/uploads\/sites\/21\/2020\/06\/Martxa-contra-la-precariedad-la-pobreza-y-los-recortes-300x214.jpeg\" alt=\"\" width=\"451\" height=\"322\" srcset=\"https:\/\/www.cgt-lkn.org\/bizkaia\/wp-content\/uploads\/sites\/21\/2020\/06\/Martxa-contra-la-precariedad-la-pobreza-y-los-recortes-300x214.jpeg 300w, https:\/\/www.cgt-lkn.org\/bizkaia\/wp-content\/uploads\/sites\/21\/2020\/06\/Martxa-contra-la-precariedad-la-pobreza-y-los-recortes-200x142.jpeg 200w, https:\/\/www.cgt-lkn.org\/bizkaia\/wp-content\/uploads\/sites\/21\/2020\/06\/Martxa-contra-la-precariedad-la-pobreza-y-los-recortes-400x285.jpeg 400w, https:\/\/www.cgt-lkn.org\/bizkaia\/wp-content\/uploads\/sites\/21\/2020\/06\/Martxa-contra-la-precariedad-la-pobreza-y-los-recortes.jpeg 600w\" sizes=\"auto, (max-width: 451px) 100vw, 451px\" \/><\/p>\n<p><img loading=\"lazy\" decoding=\"async\" class=\"aligncenter  wp-image-20127\" src=\"https:\/\/www.cgt-lkn.org\/bizkaia\/wp-content\/uploads\/sites\/21\/2020\/06\/ezkerraldea-Martxan-sestao-santurtzi-300x180.jpeg\" alt=\"\" width=\"467\" height=\"280\" srcset=\"https:\/\/www.cgt-lkn.org\/bizkaia\/wp-content\/uploads\/sites\/21\/2020\/06\/ezkerraldea-Martxan-sestao-santurtzi-300x180.jpeg 300w, https:\/\/www.cgt-lkn.org\/bizkaia\/wp-content\/uploads\/sites\/21\/2020\/06\/ezkerraldea-Martxan-sestao-santurtzi-200x120.jpeg 200w, https:\/\/www.cgt-lkn.org\/bizkaia\/wp-content\/uploads\/sites\/21\/2020\/06\/ezkerraldea-Martxan-sestao-santurtzi-400x240.jpeg 400w, https:\/\/www.cgt-lkn.org\/bizkaia\/wp-content\/uploads\/sites\/21\/2020\/06\/ezkerraldea-Martxan-sestao-santurtzi.jpeg 600w\" sizes=\"auto, (max-width: 467px) 100vw, 467px\" \/><\/p>\n<p>Como todos los a\u00f1os, diferentes colectivos sociales y sindicales de la margen izquierda convocamos la marcha contra la precariedad y los recortes sociales.<\/p>\n<p>El contexto en esta ocasi\u00f3n es especial. Estamos sufriendo una pandemia que ha agravado si cabe a\u00fan m\u00e1s la situaci\u00f3n socio- econ\u00f3mica que ya viene sufriendo la comarca (despidos de miles de personas, cierre de peque\u00f1os comercios, ERTEs en las principales empresas&#8230;).<\/p>\n<p>Pero repetimos una y otra vez que el COVID19 no ha creado la crisis, el problema es el capitalismo. El COVID19 ha hecho m\u00e1s visible que este sistema basado en la l\u00f3gica de los beneficios de una minor\u00eda en contra de la mayor\u00eda no funciona.<\/p>\n<p>Vivimos con preocupaci\u00f3n que aprovechando el contexto de crisis sanitaria suframos un nuevo ataque de las elites econ\u00f3micas y pol\u00edticas para precarizar a\u00fan m\u00e1s nuestras vidas.<\/p>\n<p>El \u00fanico camino para evitar que sea la clase trabajadora quien pague la crisis y sea el capital quien asuma los costes de lo que ha provocado es la lucha y la movilizaci\u00f3n.<\/p>\n<p>Este a\u00f1o tambi\u00e9n es especial por el trabajo que estamos realizando para aglutinar en torno a la \u201cMarcha por Ezkerraldea\u201d de este pr\u00f3ximo 20 de junio a m\u00e1s organizaciones y movimientos sociales, conscientes de que nos unen los objetivos que aqu\u00ed trasladamos.<\/p>\n<p>Adem\u00e1s, en el contexto de las convocatorias realizadas por la Carta de Derechos Sociales, saldremos este s\u00e1bado desde la plaza del Kasko de Sestao a las 12 del mediod\u00eda bajo el lema \u201cEzkerraldea est\u00e1 en martxa!\u201d para recorrer las principales localidades de la comarca -Sestao, Portugalete y Santurtzi- para exigir\u2026<\/p>\n<p>&#8211; El desarrollo de los servicios p\u00fablicos<br \/>\n&#8211; La protecci\u00f3n a los colectivos m\u00e1s precarizados<br \/>\n&#8211; Medidas concretas para garantizar los derechos fundamentales<br \/>\n&#8211; Garant\u00eda de una pensi\u00f3n p\u00fablica y digna, de m\u00ednimo 1.080 euros al mes.<br \/>\n&#8211; Labores de cuidados<br \/>\n&#8211; Combatir la violencia machista<br \/>\n&#8211; La defensa y garant\u00eda de los puestos de trabajo<br \/>\n&#8211; Que el modelo de teletrabajo no suponga a las personas trabajadoras asumir el coste de los recursos<br \/>\n&#8211; Frenar la elitizaci\u00f3n de la educaci\u00f3n mediante un sistema que se centre en las necesidades de las propias estudiantes<br \/>\n&#8211; Que el impacto de la crisis no la paguemos la clase trabajadora<br \/>\n&#8211; Soberan\u00eda en todos los \u00e1mbitos de la vida: frenar el fascismo y el autoritarismo para poner en marcha la transformaci\u00f3n social.<\/p>\n<p>Frente a la crisis del sistema la vida debe vencer al capitalismo. Queremos ser due\u00f1as de nuestras decisiones y decidir aqu\u00ed. Exigimos un cambio de rumbo radical para construir un nuevo modelo socio-productivo,<\/p>\n<p style=\"text-align: center\">\u00a1unidad para luchar!<\/p>\n","protected":false},"excerpt":{"rendered":"<p>Vivimos con preocupaci\u00f3n que aprovechando el contexto de crisis sanitaria suframos un nuevo ataque de las elites econ\u00f3micas y pol\u00edticas para precarizar a\u00fan m\u00e1s nuestras vidas.<\/p>\n","protected":false},"author":57,"featured_media":20127,"comment_status":"closed","ping_status":"closed","sticky":false,"template":"","format":"standard","meta":{"footnotes":"","_links_to":"","_links_to_target":""},"categories":[4,34,53,47,8,15],"tags":[111,271,112,264,273,272],"class_list":["post-20125","post","type-post","status-publish","format-standard","has-post-thumbnail","hentry","category-crisis","category-economia","category-ezkerraldea","category-localidades","category-movilizaciones","category-social","tag-crisis","tag-martxa","tag-movilizaciones","tag-precariedad","tag-santurtzi","tag-sestao"],"publishpress_future_action":{"enabled":false,"date":"2026-05-09 12:43:19","action":"change-status","newStatus":"draft","terms":[],"taxonomy":"category","extraData":[]},"publishpress_future_workflow_manual_trigger":{"enabledWorkflows":[]},"_links":{"self":[{"href":"https:\/\/www.cgt-lkn.org\/bizkaia\/wp-json\/wp\/v2\/posts\/20125","targetHints":{"allow":["GET"]}}],"collection":[{"href":"https:\/\/www.cgt-lkn.org\/bizkaia\/wp-json\/wp\/v2\/posts"}],"about":[{"href":"https:\/\/www.cgt-lkn.org\/bizkaia\/wp-json\/wp\/v2\/types\/post"}],"author":[{"embeddable":true,"href":"https:\/\/www.cgt-lkn.org\/bizkaia\/wp-json\/wp\/v2\/users\/57"}],"replies":[{"embeddable":true,"href":"https:\/\/www.cgt-lkn.org\/bizkaia\/wp-json\/wp\/v2\/comments?post=20125"}],"version-history":[{"count":1,"href":"https:\/\/www.cgt-lkn.org\/bizkaia\/wp-json\/wp\/v2\/posts\/20125\/revisions"}],"predecessor-version":[{"id":20128,"href":"https:\/\/www.cgt-lkn.org\/bizkaia\/wp-json\/wp\/v2\/posts\/20125\/revisions\/20128"}],"wp:featuredmedia":[{"embeddable":true,"href":"https:\/\/www.cgt-lkn.org\/bizkaia\/wp-json\/wp\/v2\/media\/20127"}],"wp:attachment":[{"href":"https:\/\/www.cgt-lkn.org\/bizkaia\/wp-json\/wp\/v2\/media?parent=20125"}],"wp:term":[{"taxonomy":"category","embeddable":true,"href":"https:\/\/www.cgt-lkn.org\/bizkaia\/wp-json\/wp\/v2\/categories?post=20125"},{"taxonomy":"post_tag","embeddable":true,"href":"https:\/\/www.cgt-lkn.org\/bizkaia\/wp-json\/wp\/v2\/tags?post=20125"}],"curies":[{"name":"wp","href":"https:\/\/api.w.org\/{rel}","templated":true}]}}