{"id":20116,"date":"2020-06-15T07:50:08","date_gmt":"2020-06-15T05:50:08","guid":{"rendered":"https:\/\/www.cgt-lkn.org\/bizkaia\/?p=20116"},"modified":"2020-06-15T07:50:08","modified_gmt":"2020-06-15T05:50:08","slug":"cgt-bizkaia-frente-al-conflicto-de-nissan-bizkaiko-cgt-lkn-nissan-eko-gatazkaren-aurrean","status":"publish","type":"post","link":"https:\/\/www.cgt-lkn.org\/bizkaia\/archivos\/20116","title":{"rendered":"CGT Bizkaia frente al conflicto de Nissan.\/Bizkaiko CGT-LKN Nissan-eko gatazkaren aurrean."},"content":{"rendered":"<p><img loading=\"lazy\" decoding=\"async\" class=\"aligncenter size-medium wp-image-18318\" src=\"https:\/\/www.cgt-lkn.org\/bizkaia\/wp-content\/uploads\/sites\/21\/2019\/05\/cgt-industria-4.0-300x269.jpg\" alt=\"\" width=\"300\" height=\"269\" srcset=\"https:\/\/www.cgt-lkn.org\/bizkaia\/wp-content\/uploads\/sites\/21\/2019\/05\/cgt-industria-4.0-300x269.jpg 300w, https:\/\/www.cgt-lkn.org\/bizkaia\/wp-content\/uploads\/sites\/21\/2019\/05\/cgt-industria-4.0-200x179.jpg 200w, https:\/\/www.cgt-lkn.org\/bizkaia\/wp-content\/uploads\/sites\/21\/2019\/05\/cgt-industria-4.0.jpg 336w\" sizes=\"auto, (max-width: 300px) 100vw, 300px\" \/>Es conocida la situaci\u00f3n en la que la multinacional del autom\u00f3vil Nissan va a dejar a miles de personas en la calle de manera directa y que el cierre de las factor\u00edas de dicha multinacional en el Estado Espa\u00f1ol afectar\u00e1 a m\u00e1s de 20000 familias.<\/p>\n<p>CGT cree que esto no es solo m\u00e1s que la punta del \u00b4iceberg\u00b4 debido a los continuos ataques que los y las trabajadoras del sector industrial y en concreto el de la automoci\u00f3n vienen sufriendo por parte del Estado Espa\u00f1ol, Europa y el conglomerado de empresas.<\/p>\n<p>Las empresas del sector industrial llevan a\u00f1os imponiendo unos ritmos de trabajo brutales que afectan a los y las trabajadoras, da\u00f1\u00e1ndoles en todos los aspectos, f\u00edsico y mental, para luego a la primera de cambio dejarles abandonados a su suerte.<\/p>\n<p>Dichas empresas no solo tratan de acabar con los y las trabajadoras de m\u00faltiples maneras, sino que ya llevamos a\u00f1os viendo c\u00f3mo la tecnolog\u00eda 4.0 les est\u00e1 sustituyendo por robots con el prop\u00f3sito de reducir las plantillas. Todo esto amparado por las subvenciones que las empresas del sector industrial reciben por parte de los gobiernos de turno, destruyendo el empleo y dejando a miles de personas en una situaci\u00f3n precaria.<\/p>\n<p>\u00c9ste es el caso de la multinacional Nissan que, habiendo recibido, que se sepa, alrededor de 170 millones en forma de ayudas p\u00fablicas con la \u00b4promesa\u00b4 de mantener y crear empleo, han decidido cerrar sus f\u00e1bricas en favor de sus propios intereses econ\u00f3micos incumpliendo as\u00ed los compromisos adquiridos a la hora de recibir dichas ayudas por parte del Estado. Nissan ha aprovechado la situaci\u00f3n actual con el Covid-19 donde la mayor\u00eda social no podr\u00e1 movilizarse con contundencia ante este ataque a la clase trabajadora.<\/p>\n<p>Por eso, desde CGT, pensamos que ya es hora de ponerse a trabajar trazando un plan en el menor plazo posible, donde se contemple lo siguiente:<\/p>\n<p>Alternativas reales para esos puestos de trabajo destruido y formaci\u00f3n acorde.<\/p>\n<ul>\n<li>Reducci\u00f3n de los ritmos abusivos de trabajo, anteponiendo la seguridad f\u00edsica y mental de los y las trabajadoras, creando ambientes favorables para desempe\u00f1ar sus labores.<\/li>\n<li>La reducci\u00f3n de la jornada laboral a 30Hrs semanales sin reducci\u00f3n del salario y la supresi\u00f3n de las horas extras. No creemos que falte trabajo, si no que est\u00e1 mal repartido.<\/li>\n<\/ul>\n<p>&nbsp;<\/p>\n<p style=\"text-align: center\"><strong><span style=\"font-size: 14pt\">EN DEFENSA DE LA INDUSTRIA.<\/span><\/strong><\/p>\n<p style=\"text-align: center\"><strong><span style=\"font-size: 14pt\">EXPROPIACI\u00d3N, SOCIALIZACI\u00d3N Y AUTOGESTI\u00d3N.<\/span><\/strong><\/p>\n<p style=\"text-align: center\">\n<p style=\"text-align: center\"><span style=\"font-size: 14pt\">#FuturoParaNissanYa<\/span><\/p>\n<p><img loading=\"lazy\" decoding=\"async\" class=\"aligncenter  wp-image-20019\" src=\"https:\/\/www.cgt-lkn.org\/bizkaia\/wp-content\/uploads\/sites\/21\/2020\/05\/nissan-huelga-CGT-Metal.jpg\" alt=\"\" width=\"420\" height=\"510\" srcset=\"https:\/\/www.cgt-lkn.org\/bizkaia\/wp-content\/uploads\/sites\/21\/2020\/05\/nissan-huelga-CGT-Metal.jpg 246w, https:\/\/www.cgt-lkn.org\/bizkaia\/wp-content\/uploads\/sites\/21\/2020\/05\/nissan-huelga-CGT-Metal-164x200.jpg 164w\" sizes=\"auto, (max-width: 420px) 100vw, 420px\" \/><\/p>\n<p>Autogintzako Nissan multinazionalak zuzenean milaka lagun kaleratuko dituela eta haren lantegien itxierak Espainiar Estatuan 20000 familiatik gora kaltetuko dituela gauza jakina da.<\/p>\n<p>Espainiar Estatuaren, Europaren eta sektoreko enpresa taldeen aldetik industria sektoreko langileek, eta bereziki autogintzakoek, jasaten ari diren eraso jarraiak ikusita, CGT-LKNk gertaera hau ageriko iceberg-aren tontorra besterik ez dela uste dugu.<\/p>\n<p>Industria sektoreko enpresek urteak daramatzate langileak maila fisikoan zein mentalean kaltetzen dituzten lan erritmoak inposatzen, gero lehen ezbeharraren aurrean hoiek kale gorrian uzteko.<\/p>\n<p>Aipatu enpresek era askotara langileekin amaitzen saiatzen direla ikusteaz gain, urteak daramatzagu lantaldeak murrizteko xedearekin 4.0 teknologiaren bidez langileak robotekin ordezkatzen dituztela ikusten. Industria sektoreko enpresek unean uneko gobernuengandik jasotzen dituzten diru laguntzekin babestuta, enplegua suntsitzen eta milaka pertsona egoera prekarioetan uzten dituzten bitartean.<\/p>\n<p>Hauxe da Nissan multinazionalaren kasua, enplegua sortzeko eta mantentzeko \u00abhitzaren\u00bb truke, diru publikoetatik 170 miloi inguru jaso eta gero, dakigula behintzat, haren interes ekonomikoen mesedetan bere lantegiak ixtea erabaki du; Estatuarengandik aipatu laguntzak jasotzerakoan hartutako konpromezuak hautsita. Nissanek COVID19-ak eragindako egungo egoerarekin gehiengo sozialak langilegoaren aurkako eraso honen aurrean irmotasunarekin mobilizatzeko zailtasunak izango dituela baliatu du.<\/p>\n<p>Horregatik, CGT-LKNtik, ahalik eta epe laburrenean, ondokoak kontuan hartuko dituen plan bat prestatzeko lanean hasi behar dugula uste dugu:<\/p>\n<ul>\n<li>Suntsitutako lanpostu horientzako benetako alternatibak eta formakuntza egokia.<\/li>\n<li>Langileon osasun fisikoaren eta mentalaren gainetik inposatutako gehiegizko lan erritmoak murriztea, lan egiteko giro egokiak sortuz.<\/li>\n<li>Asteroko lan jardunaldia 30 ordutara murriztea, soldata murrizketarik gabe, eta ordu extrak desagertaraztea. Lana falta denik ez dugu uste, gaizki banatuta dagoela baino.<\/li>\n<\/ul>\n<p>&nbsp;<\/p>\n<p>&nbsp;<\/p>\n<p style=\"text-align: center\"><strong><span style=\"font-size: 14pt\">INDUSTRIAREN DEFENTSAN, DESJABETZEA, SOZIALIZAZIOA ETA AUTOGESTIOA.<\/span><\/strong><\/p>\n<p style=\"text-align: center\">\n<p style=\"text-align: center\"><span style=\"font-size: 14pt\">#FuturoParaNissanYa<\/span><\/p>\n<p>&nbsp;<\/p>\n<p>&nbsp;<\/p>\n","protected":false},"excerpt":{"rendered":"<ul>\n<li>Alternativas reales para esos puestos de trabajo destruido y formaci\u00f3n acorde.<\/li>\n<li>Suntsitutako lanpostu horientzako benetako alternatibak eta formakuntza egokia.<\/li>\n<li>Reducci\u00f3n de los ritmos abusivos de trabajo, anteponiendo la seguridad f\u00edsica y mental de los y las trabajadoras, creando ambientes favorables para desempe\u00f1ar sus labores.<\/li>\n<li>Langileon osasun fisikoaren eta mentalaren gainetik inposatutako gehiegizko lan erritmoak murriztea, lan egiteko giro egokiak sortuz.<\/li>\n<li>La reducci\u00f3n de la jornada laboral a 30 Hrs semanales sin reducci\u00f3n del salario y la supresi\u00f3n de las horas extras. No creemos que falte trabajo, si no que est\u00e1 mal repartido.<\/li>\n<li>Asteroko lan jardunaldia 30 ordutara murriztea, soldata murrizketarik gabe, eta ordu extrak desagertaraztea. Lana falta denik ez dugu uste, gaizki banatuta dagoela baino.<\/li>\n<li><\/li>\n<\/ul>\n","protected":false},"author":57,"featured_media":18502,"comment_status":"closed","ping_status":"closed","sticky":false,"template":"","format":"standard","meta":{"footnotes":"","_links_to":"","_links_to_target":""},"categories":[54,99,4,34,46,163,8],"tags":[189,219,191,111,268,218,267],"class_list":["post-20116","post","type-post","status-publish","format-standard","has-post-thumbnail","hentry","category-bilbao","category-comunicados","category-crisis","category-economia","category-laboral","category-metal","category-movilizaciones","tag-covid19","tag-automocion","tag-comunicados","tag-crisis","tag-industria","tag-metal","tag-reduccion-jornada"],"publishpress_future_action":{"enabled":false,"date":"2026-05-09 09:39:44","action":"change-status","newStatus":"draft","terms":[],"taxonomy":"category","extraData":[]},"publishpress_future_workflow_manual_trigger":{"enabledWorkflows":[]},"_links":{"self":[{"href":"https:\/\/www.cgt-lkn.org\/bizkaia\/wp-json\/wp\/v2\/posts\/20116","targetHints":{"allow":["GET"]}}],"collection":[{"href":"https:\/\/www.cgt-lkn.org\/bizkaia\/wp-json\/wp\/v2\/posts"}],"about":[{"href":"https:\/\/www.cgt-lkn.org\/bizkaia\/wp-json\/wp\/v2\/types\/post"}],"author":[{"embeddable":true,"href":"https:\/\/www.cgt-lkn.org\/bizkaia\/wp-json\/wp\/v2\/users\/57"}],"replies":[{"embeddable":true,"href":"https:\/\/www.cgt-lkn.org\/bizkaia\/wp-json\/wp\/v2\/comments?post=20116"}],"version-history":[{"count":2,"href":"https:\/\/www.cgt-lkn.org\/bizkaia\/wp-json\/wp\/v2\/posts\/20116\/revisions"}],"predecessor-version":[{"id":20118,"href":"https:\/\/www.cgt-lkn.org\/bizkaia\/wp-json\/wp\/v2\/posts\/20116\/revisions\/20118"}],"wp:featuredmedia":[{"embeddable":true,"href":"https:\/\/www.cgt-lkn.org\/bizkaia\/wp-json\/wp\/v2\/media\/18502"}],"wp:attachment":[{"href":"https:\/\/www.cgt-lkn.org\/bizkaia\/wp-json\/wp\/v2\/media?parent=20116"}],"wp:term":[{"taxonomy":"category","embeddable":true,"href":"https:\/\/www.cgt-lkn.org\/bizkaia\/wp-json\/wp\/v2\/categories?post=20116"},{"taxonomy":"post_tag","embeddable":true,"href":"https:\/\/www.cgt-lkn.org\/bizkaia\/wp-json\/wp\/v2\/tags?post=20116"}],"curies":[{"name":"wp","href":"https:\/\/api.w.org\/{rel}","templated":true}]}}