{"id":19763,"date":"2020-05-04T12:13:22","date_gmt":"2020-05-04T10:13:22","guid":{"rendered":"http:\/\/www.cgt-lkn.org\/bizkaia\/?p=19763"},"modified":"2020-05-04T12:13:22","modified_gmt":"2020-05-04T10:13:22","slug":"test-masivos-ya","status":"publish","type":"post","link":"https:\/\/www.cgt-lkn.org\/bizkaia\/archivos\/19763","title":{"rendered":"TEST Masivos YA!!!"},"content":{"rendered":"<p><img loading=\"lazy\" decoding=\"async\" class=\"size-medium wp-image-19764 alignleft\" src=\"https:\/\/www.cgt-lkn.org\/bizkaia\/wp-content\/uploads\/sites\/21\/2020\/05\/TEST-masivos-ya-CGT-204x300.jpg\" alt=\"\" width=\"204\" height=\"300\" srcset=\"https:\/\/www.cgt-lkn.org\/bizkaia\/wp-content\/uploads\/sites\/21\/2020\/05\/TEST-masivos-ya-CGT-204x300.jpg 204w, https:\/\/www.cgt-lkn.org\/bizkaia\/wp-content\/uploads\/sites\/21\/2020\/05\/TEST-masivos-ya-CGT-136x200.jpg 136w, https:\/\/www.cgt-lkn.org\/bizkaia\/wp-content\/uploads\/sites\/21\/2020\/05\/TEST-masivos-ya-CGT-400x588.jpg 400w, https:\/\/www.cgt-lkn.org\/bizkaia\/wp-content\/uploads\/sites\/21\/2020\/05\/TEST-masivos-ya-CGT.jpg 544w\" sizes=\"auto, (max-width: 204px) 100vw, 204px\" \/>Durante a\u00f1os, uno de los lemas de la CGT y de esta Federaci\u00f3n, ha sido el ya famoso NUESTRA SALUD NO TIENE PRECIO y siempre hemos estadoluchando para que los beneficios de las empresas no est\u00e9n por encima de nuestra salud y de nuestras vidas.<\/p>\n<p>Este lema se reafirma aun m\u00e1s en esta crisis. Al principio, nuestra exigencia por la realizaci\u00f3n de test a las plantillas era prioritaria. Pero la CGT no pod\u00edamos permitir que se realizaran test masivos en empresas no esenciales, cuando en el sistema sanitario no se estaban realizando a todo el personal.<\/p>\n<p>La situaci\u00f3n actual, pasadas ya unas cuantas semanas, ha cambiado sustancialmente y en estos momentos cualquier persona que quiera, y pueda permit\u00edrselo, puede realizar este test en un centro privado, por aproximadamente 60\u20ac.<\/p>\n<p>Y es aqu\u00ed donde est\u00e1 el verdadero problema, en el dinero. Estamos ante un Gobierno y una patronal que est\u00e1n anteponiendo el dinero y los beneficios a la salud de toda la poblaci\u00f3n, sea o no trabajadora.<\/p>\n<p>Seguramente haya gente que al leer esto crea que es totalmente inviable la realizaci\u00f3n de test a toda la poblaci\u00f3n del estado espa\u00f1ol. Es por esto, que vamos a hablar claramente del gasto p\u00fablico que supondr\u00eda, en el peor de los casos, que toda la poblaci\u00f3n del estado espa\u00f1ol se realizara el test en centros privados. Llevar a cabo esto, supondr\u00eda un gasto p\u00fablico de 2.820 millones de euros.<\/p>\n<p>Pero esta es la peor opci\u00f3n, la de un coste medio de la sanidad privada de 60\u20ac. Si el estado de hiciera cargo de ello, sabiendo que estos test apenas tienen un coste de 15\u20ac en el mercado, estar\u00edamos hablando de un gasto de 705 millones de euros. Esto permitir\u00eda realizar test de forma masiva y peri\u00f3dica a toda la poblaci\u00f3n, lo que supondr\u00eda una ahorro econ\u00f3mico a la sanidad p\u00fablica al reducir dr\u00e1sticamente el n\u00famero de personas infectadas y de tratamientos.<\/p>\n<p>Pero entendemos que todo esto no debe depender del Gobierno. Gran parte de este gasto debe de correr a cargo de las empresas, a las que este Gobierno, si realmente dice mirar por la clase trabajadora, deber\u00eda de obligar a realizar estos test a la totalidad de sus plantillas. M\u00e1s a\u00fan trat\u00e1ndose de empresas no esenciales que actualmente est\u00e1n exponiendo a miles de trabajadoras y trabajadores a riesgos completamente innecesarios.<\/p>\n<p>Y dicho esto; \u00bfpor qu\u00e9 no se realizan los test m\u00e1ximos?, \u00bfqu\u00e9 miedo hay por parte del Gobierno?, \u00bfqu\u00e9 miedo hay por parte de las empresas? El miedo en ambos casos es el mismo, y tanto el Gobierno como la patronal son conscientes de ellos; la realizaci\u00f3n de test m\u00e1ximos a todos los trabajadores y trabajadoras y a la poblaci\u00f3n en general, sacar\u00eda a la luz a miles de infectados asintom\u00e1ticos, que est\u00e1n propagando el virus sin saberlo. Esto supondr\u00eda un paso atr\u00e1s en todo el proceso de \u201cactivaci\u00f3n de la econom\u00eda\u201d que ha establecido el Gobierno y la patronal, pero ser\u00eda un paso de gigante en el control del virus, y esto supondr\u00eda el poder salvar la vida de miles y miles de personas, as\u00ed como evitar contagios m\u00e1ximos.<\/p>\n<p>Desde FESIM-CGT, que abarca uno de los sectores m\u00e1s importantes y con las plantillas m\u00e1s numerosas del estado, tenemos las cosas claras y as\u00ed se lo estamos trasladando a las empresas y al Gobierno:<\/p>\n<p>Realizaci\u00f3n de test masivos peri\u00f3dicos a la poblaci\u00f3n.<\/p>\n<p>&#8211; Obligaci\u00f3n a todas las empresas de realizar test peri\u00f3dicos a la totalidad de su plantilla.<\/p>\n<p>&#8211; Paralizaci\u00f3n inmediata de la actividad de todas las empresas que no cumplan estos requisitos, anulando toda posibilidad de acogerse a ERTE, recibir subvenciones\u2026obligando a que sea la empresa la que cubra los gastos derivados de esa paralizaci\u00f3n.<\/p>\n<p>&#8211; Reparto peri\u00f3dico a toda la poblaci\u00f3n de mascarillas ffp2 e hidrogeles.<\/p>\n<p>-Obligatoriedad de todas las empresas a suministrar a sus plantillas los EPI necesarios, incluyendo hidrogeles y mascarillas ffp2.<\/p>\n<p>&nbsp;<\/p>\n<p>Es un momento cr\u00edtico, y estamos ante una situaci\u00f3n que afecta directamente a nuestra vida y nuestra salud, por lo tanto todas las medidas que se tomen nos parecer\u00e1n pocas cuando se trata de esto.<\/p>\n<p>Por encima de todo lo expuesto en esta hoja, desde esta Federaci\u00f3n seguimos considerando que la principal medida que se tiene que tomar es la paralizaci\u00f3n inmediata de toda actividad no esencial hasta, como m\u00ednimo, que finalice el estado de alarma.<\/p>\n<p>&nbsp;<\/p>\n<p style=\"text-align: center\"><span style=\"background-color: #ff0000\"><strong>NUESTRA SALUD Y NUESTRA VIDA NO TIENE PRECIO<\/strong><\/span><\/p>\n","protected":false},"excerpt":{"rendered":"<p>\u00bfpor qu\u00e9 no se realizan los test m\u00e1ximos?, \u00bfqu\u00e9 miedo hay por parte del Gobierno?, \u00bfqu\u00e9 miedo hay por parte de las empresas? El miedo en ambos casos es el mismo, y tanto el Gobierno como la patronal son conscientes de ellos; la realizaci\u00f3n de test m\u00e1ximos a todos los trabajadores y trabajadoras y a la poblaci\u00f3n en general, sacar\u00eda a la luz a miles de infectados asintom\u00e1ticos, que est\u00e1n propagando el virus sin saberlo.<\/p>\n","protected":false},"author":57,"featured_media":19764,"comment_status":"closed","ping_status":"closed","sticky":false,"template":"","format":"standard","meta":{"footnotes":"","_links_to":"","_links_to_target":""},"categories":[99,186,4,46,163,19,15],"tags":[189,191,185,111,114,190],"class_list":["post-19763","post","type-post","status-publish","format-standard","has-post-thumbnail","hentry","category-comunicados","category-coronavirus-covid19","category-crisis","category-laboral","category-metal","category-salud-laboral","category-social","tag-covid19","tag-comunicados","tag-coronavirus","tag-crisis","tag-economia","tag-salud-laboral"],"publishpress_future_action":{"enabled":false,"date":"2026-05-09 12:42:59","action":"change-status","newStatus":"draft","terms":[],"taxonomy":"category","extraData":[]},"publishpress_future_workflow_manual_trigger":{"enabledWorkflows":[]},"_links":{"self":[{"href":"https:\/\/www.cgt-lkn.org\/bizkaia\/wp-json\/wp\/v2\/posts\/19763","targetHints":{"allow":["GET"]}}],"collection":[{"href":"https:\/\/www.cgt-lkn.org\/bizkaia\/wp-json\/wp\/v2\/posts"}],"about":[{"href":"https:\/\/www.cgt-lkn.org\/bizkaia\/wp-json\/wp\/v2\/types\/post"}],"author":[{"embeddable":true,"href":"https:\/\/www.cgt-lkn.org\/bizkaia\/wp-json\/wp\/v2\/users\/57"}],"replies":[{"embeddable":true,"href":"https:\/\/www.cgt-lkn.org\/bizkaia\/wp-json\/wp\/v2\/comments?post=19763"}],"version-history":[{"count":1,"href":"https:\/\/www.cgt-lkn.org\/bizkaia\/wp-json\/wp\/v2\/posts\/19763\/revisions"}],"predecessor-version":[{"id":19765,"href":"https:\/\/www.cgt-lkn.org\/bizkaia\/wp-json\/wp\/v2\/posts\/19763\/revisions\/19765"}],"wp:featuredmedia":[{"embeddable":true,"href":"https:\/\/www.cgt-lkn.org\/bizkaia\/wp-json\/wp\/v2\/media\/19764"}],"wp:attachment":[{"href":"https:\/\/www.cgt-lkn.org\/bizkaia\/wp-json\/wp\/v2\/media?parent=19763"}],"wp:term":[{"taxonomy":"category","embeddable":true,"href":"https:\/\/www.cgt-lkn.org\/bizkaia\/wp-json\/wp\/v2\/categories?post=19763"},{"taxonomy":"post_tag","embeddable":true,"href":"https:\/\/www.cgt-lkn.org\/bizkaia\/wp-json\/wp\/v2\/tags?post=19763"}],"curies":[{"name":"wp","href":"https:\/\/api.w.org\/{rel}","templated":true}]}}