{"id":19749,"date":"2020-05-02T16:45:48","date_gmt":"2020-05-02T14:45:48","guid":{"rendered":"http:\/\/www.cgt-lkn.org\/bizkaia\/?p=19749"},"modified":"2020-07-25T22:30:49","modified_gmt":"2020-07-25T20:30:49","slug":"este-lunes-dia-4-a-las-1000-h-video-en-directo-para-continuar-resolviendo-dudas-laborales-covid19","status":"publish","type":"post","link":"https:\/\/www.cgt-lkn.org\/bizkaia\/archivos\/19749","title":{"rendered":"Dudas laborales #covid19: Nuevas medidas sociales y laborales 2"},"content":{"rendered":"<div dir=\"auto\">\n<div><\/div>\n<div>El lunes 4 volvemos con un nuevo v\u00eddeo en directo para continuar resolviendo dudas laborales.<\/div>\n<div><\/div>\n<div>En esta ocasi\u00f3n contaremos con Miguel \u00c1ngel Garrido, del Gabinete Jur\u00eddico Confederal.<\/div>\n<div><\/div>\n<\/div>\n<div>M. \u00c1ngel Garrido, abogado del gabinete jur\u00eddico de CGT, nos responder\u00e1 preguntas sobre las nuevas medidas sociales y laborales en la crisis del Covid-19.<\/div>\n<div dir=\"auto\">\n<div><\/div>\n<div>https:\/\/www.youtube.com\/watch?v=Z1jYzF_jZkM&amp;t=41s<\/div>\n<div><\/div>\n<div>Rojo y Negro TV, la televisi\u00f3n de #CGT. #covid19<\/div>\n<div><\/div>\n<\/div>\n<div><\/div>\n","protected":false},"excerpt":{"rendered":"<p>M. \u00c1ngel Garrido, abogado del gabinete jur\u00eddico de CGT, nos responder\u00e1 preguntas sobre las nuevas medidas sociales y laborales en la crisis del Covid-19.<\/p>\n","protected":false},"author":57,"featured_media":19750,"comment_status":"closed","ping_status":"closed","sticky":false,"template":"","format":"standard","meta":{"footnotes":"","_links_to":"","_links_to_target":""},"categories":[29,186,34,46,7,38,19],"tags":[],"class_list":["post-19749","post","type-post","status-publish","format-standard","has-post-thumbnail","hentry","category-asesoria-juridica","category-coronavirus-covid19","category-economia","category-laboral","category-legislacion-laboral","category-leyes-y-normas-leyes-y-normas","category-salud-laboral"],"publishpress_future_action":{"enabled":false,"date":"2026-05-09 11:04:24","action":"change-status","newStatus":"draft","terms":[],"taxonomy":"category","extraData":[]},"publishpress_future_workflow_manual_trigger":{"enabledWorkflows":[]},"_links":{"self":[{"href":"https:\/\/www.cgt-lkn.org\/bizkaia\/wp-json\/wp\/v2\/posts\/19749","targetHints":{"allow":["GET"]}}],"collection":[{"href":"https:\/\/www.cgt-lkn.org\/bizkaia\/wp-json\/wp\/v2\/posts"}],"about":[{"href":"https:\/\/www.cgt-lkn.org\/bizkaia\/wp-json\/wp\/v2\/types\/post"}],"author":[{"embeddable":true,"href":"https:\/\/www.cgt-lkn.org\/bizkaia\/wp-json\/wp\/v2\/users\/57"}],"replies":[{"embeddable":true,"href":"https:\/\/www.cgt-lkn.org\/bizkaia\/wp-json\/wp\/v2\/comments?post=19749"}],"version-history":[{"count":3,"href":"https:\/\/www.cgt-lkn.org\/bizkaia\/wp-json\/wp\/v2\/posts\/19749\/revisions"}],"predecessor-version":[{"id":19916,"href":"https:\/\/www.cgt-lkn.org\/bizkaia\/wp-json\/wp\/v2\/posts\/19749\/revisions\/19916"}],"wp:featuredmedia":[{"embeddable":true,"href":"https:\/\/www.cgt-lkn.org\/bizkaia\/wp-json\/wp\/v2\/media\/19750"}],"wp:attachment":[{"href":"https:\/\/www.cgt-lkn.org\/bizkaia\/wp-json\/wp\/v2\/media?parent=19749"}],"wp:term":[{"taxonomy":"category","embeddable":true,"href":"https:\/\/www.cgt-lkn.org\/bizkaia\/wp-json\/wp\/v2\/categories?post=19749"},{"taxonomy":"post_tag","embeddable":true,"href":"https:\/\/www.cgt-lkn.org\/bizkaia\/wp-json\/wp\/v2\/tags?post=19749"}],"curies":[{"name":"wp","href":"https:\/\/api.w.org\/{rel}","templated":true}]}}