{"id":19694,"date":"2020-04-27T19:26:19","date_gmt":"2020-04-27T17:26:19","guid":{"rendered":"http:\/\/www.cgt-lkn.org\/bizkaia\/?p=19694"},"modified":"2020-07-25T22:32:36","modified_gmt":"2020-07-25T20:32:36","slug":"equipos-de-proteccion-individual-en-el-contexto-de-la-crisis-sanitaria-ocasionada-por-el-covid-19","status":"publish","type":"post","link":"https:\/\/www.cgt-lkn.org\/bizkaia\/archivos\/19694","title":{"rendered":"Equipos de protecci\u00f3n individual en el contexto de la crisis sanitaria ocasionada por el COVID-19."},"content":{"rendered":"<p>VER: Equipos de protecci\u00f3n individual en el contexto de la crisis sanitaria ocasionada por el COVID-19.<a href=\"https:\/\/www.cgt-lkn.org\/bizkaia\/wp-content\/uploads\/sites\/21\/2020\/04\/equipos-de-protecci\u00f3n-individual-en-el-contexto-de-la-crisis-sanitaria-ocasionada-por-el-COVID-19.-BOE-A-2020-4651.pdf\"> BOE-A-2020-4651<\/a><\/p>\n<p>&nbsp;<\/p>\n<p><img loading=\"lazy\" decoding=\"async\" class=\" wp-image-19695 alignleft\" src=\"https:\/\/www.cgt-lkn.org\/bizkaia\/wp-content\/uploads\/sites\/21\/2020\/04\/tipos-de-mascarillas-y-niveles-de-proteccion-276x300.jpg\" alt=\"\" width=\"264\" height=\"285\" \/><\/p>\n<p>Ante la situaci\u00f3n actual de escasez de Equipos de Protecci\u00f3n Individual (EPI) con el marcado CE reglamentario en base a normas armonizadas, es necesario ampliar el listado de normas onsideradas como equivalentes y hacer extensivo lo establecido en la Resoluci\u00f3n de 20 de marzo de 2020, de la Secretar\u00eda General de Industria y de la Peque\u00f1a y Mediana Empresa, sobre especificaciones\u00a0 alternativas a las mascarillas EPI con marcado CE europeo, no solo a mascarillas de protecci\u00f3n, sino a otros EPI y que, adicionalmente, es necesario clarificar.<\/p>\n<p>&nbsp;<\/p>\n","protected":false},"excerpt":{"rendered":"<p>Ante la situaci\u00f3n actual de escasez de Equipos de Protecci\u00f3n Individual (EPI) con el marcado CE reglamentario en base a normas armonizadas, es necesario ampliar el listado de normas consideradas como equivalentes y hacer extensivo lo establecido en la Resoluci\u00f3n de 20 de marzo de 2020, de la Secretar\u00eda General de Industria y de la Peque\u00f1a y Mediana Empresa, sobre especificaciones alternativas a las mascarillas EPI con marcado CE europeo, no solo a mascarillas de protecci\u00f3n, sino a otros EPI y que, adicionalmente, es necesario clarificar.<\/p>\n","protected":false},"author":57,"featured_media":19695,"comment_status":"closed","ping_status":"closed","sticky":false,"template":"","format":"standard","meta":{"footnotes":"","_links_to":"","_links_to_target":""},"categories":[29,186,4,46,7,38,163,19],"tags":[],"class_list":["post-19694","post","type-post","status-publish","format-standard","has-post-thumbnail","hentry","category-asesoria-juridica","category-coronavirus-covid19","category-crisis","category-laboral","category-legislacion-laboral","category-leyes-y-normas-leyes-y-normas","category-metal","category-salud-laboral"],"publishpress_future_action":{"enabled":false,"date":"2026-05-09 13:37:01","action":"change-status","newStatus":"draft","terms":[],"taxonomy":"category","extraData":[]},"publishpress_future_workflow_manual_trigger":{"enabledWorkflows":[]},"_links":{"self":[{"href":"https:\/\/www.cgt-lkn.org\/bizkaia\/wp-json\/wp\/v2\/posts\/19694","targetHints":{"allow":["GET"]}}],"collection":[{"href":"https:\/\/www.cgt-lkn.org\/bizkaia\/wp-json\/wp\/v2\/posts"}],"about":[{"href":"https:\/\/www.cgt-lkn.org\/bizkaia\/wp-json\/wp\/v2\/types\/post"}],"author":[{"embeddable":true,"href":"https:\/\/www.cgt-lkn.org\/bizkaia\/wp-json\/wp\/v2\/users\/57"}],"replies":[{"embeddable":true,"href":"https:\/\/www.cgt-lkn.org\/bizkaia\/wp-json\/wp\/v2\/comments?post=19694"}],"version-history":[{"count":1,"href":"https:\/\/www.cgt-lkn.org\/bizkaia\/wp-json\/wp\/v2\/posts\/19694\/revisions"}],"predecessor-version":[{"id":19697,"href":"https:\/\/www.cgt-lkn.org\/bizkaia\/wp-json\/wp\/v2\/posts\/19694\/revisions\/19697"}],"wp:featuredmedia":[{"embeddable":true,"href":"https:\/\/www.cgt-lkn.org\/bizkaia\/wp-json\/wp\/v2\/media\/19695"}],"wp:attachment":[{"href":"https:\/\/www.cgt-lkn.org\/bizkaia\/wp-json\/wp\/v2\/media?parent=19694"}],"wp:term":[{"taxonomy":"category","embeddable":true,"href":"https:\/\/www.cgt-lkn.org\/bizkaia\/wp-json\/wp\/v2\/categories?post=19694"},{"taxonomy":"post_tag","embeddable":true,"href":"https:\/\/www.cgt-lkn.org\/bizkaia\/wp-json\/wp\/v2\/tags?post=19694"}],"curies":[{"name":"wp","href":"https:\/\/api.w.org\/{rel}","templated":true}]}}