{"id":19580,"date":"2020-04-28T08:02:08","date_gmt":"2020-04-28T06:02:08","guid":{"rendered":"http:\/\/www.cgt-lkn.org\/bizkaia\/?p=19580"},"modified":"2020-04-28T17:21:42","modified_gmt":"2020-04-28T15:21:42","slug":"28-de-abril-dia-internacional-de-la-seguridad-y-salud-en-el-trabajo","status":"publish","type":"post","link":"https:\/\/www.cgt-lkn.org\/bizkaia\/archivos\/19580","title":{"rendered":"28 de abril D\u00eda Internacional de la Seguridad y Salud en el Trabajo"},"content":{"rendered":"<p align=\"center\"><strong>Porque la salud debe estar siempre por encima del negocio<\/strong><\/p>\n<p>La crisis del Covid-19 est\u00e1 dejando al descubierto la falta de escr\u00fapulos de la patronal de nuestro pa\u00eds. En muchos casos, <strong>la salud de las personas ha sido la \u00faltima prioridad<\/strong>, ya que se ha tratado de mantener la producci\u00f3n contra toda l\u00f3gica, sin dotar a los trabajadores y las trabajadoras de los medios necesarios para evitar los contagios.<\/p>\n<p><strong>La siniestralidad laboral, que no ha dejado de crecer durante los \u00faltimos a\u00f1os, con incrementos de hasta doble d\u00edgito en algunos de los sectores m\u00e1s precarios, tendr\u00e1 en 2020 datos todav\u00eda m\u00e1s tr\u00e1gicos. <\/strong><\/p>\n<p>Los pol\u00edticos tampoco han estado a la altura. Y es que <strong>donde hay muertos suele haber buitres<\/strong>. Lejos de trabajar para que el Covid-19 no incrementase sus terribles efectos sobre la poblaci\u00f3n, hemos asistido a un debate diario tan repugnante como est\u00fapido.<\/p>\n<p><strong>La externalizaci\u00f3n de servicios p\u00fablicos y, en concreto, el aniquilamiento de la sanidad p\u00fablica en beneficio de unos pocos intereses privados, ha acelerado el colapso de nuestro sistema sanitario.<\/strong> Ambulancias que llegaban demasiado tarde, hospitales sin los medios necesarios, donde el colapso ha dado lugar a un triage escandaloso para decidir qu\u00e9 vidas se salvaban y cu\u00e1les se daban por perdidas.<\/p>\n<p><strong>Las personas que trabajan en los hospitales han hecho y siguen haciendo todo cuanto han podido. Pero se han tenido que enfrentar a este terrible virus sin las m\u00e1s elementales protecciones de seguridad.<\/strong> La salud de estas personas no ha importado, ni tampoco las de sus familiares.<\/p>\n<p>Cuando el pico de muertes diario no dejaba de aumentar, se recurri\u00f3 a una paralizaci\u00f3n de trabajos no esenciales que termin\u00f3 siendo un nuevo paso en falso, ya que un n\u00famero exagerado de empresas consideraron su actividad como cr\u00edtica y esencial. <strong>Ni la inspecci\u00f3n de trabajo ni las consejer\u00edas de salud de las distintas comunidades aut\u00f3nomas hicieron nada por evitar la imposici\u00f3n del criterio empresarial.<\/strong><\/p>\n<p><strong>Este 28 de abril debemos recordar el valor que tiene la salud laboral dentro del mundo del trabajo<\/strong>. Nuestras vidas valen m\u00e1s que los intereses de unos pocos. Si la siniestralidad laboral derivada de accidentes de trabajo ya era insostenible, la realidad vivida a ra\u00edz del Covid-19 demuestra que el problema no estaba en la falta de previsibilidad de los hechos: se trata de un problema mucho m\u00e1s profundo, de un problema moral que procede de la imperdonable deshumanizaci\u00f3n del mundo del dinero.<\/p>\n<p>Si esta crisis nos est\u00e1 ense\u00f1ando algo es que no podemos vivir el primer d\u00eda despu\u00e9s del confinamiento como si no nos hubi\u00e9ramos enterado de nada. Porque exigir medidas preventivas es defendernos en el sentido m\u00e1s literal de la palabra. <strong>Defendernos a nosotros y nosotras y a nuestras familias<\/strong>.<\/p>\n<h2 align=\"center\"><strong>Por el cumplimiento del RD sobre COEFICIENTES REDUCTORES<\/strong><\/h2>\n<p><a href=\"https:\/\/cgt.org.es\/panel\/28-de-abril-porque-la-salud-debe-estar-siempre-por-encima-del-negocio\/\" target=\"_blank\" rel=\"noopener noreferrer\"><img loading=\"lazy\" decoding=\"async\" class=\"aligncenter size-full wp-image-19581\" src=\"https:\/\/www.cgt-lkn.org\/bizkaia\/wp-content\/uploads\/sites\/21\/2020\/04\/image001.jpg\" alt=\"\" width=\"532\" height=\"752\" srcset=\"https:\/\/www.cgt-lkn.org\/bizkaia\/wp-content\/uploads\/sites\/21\/2020\/04\/image001.jpg 532w, https:\/\/www.cgt-lkn.org\/bizkaia\/wp-content\/uploads\/sites\/21\/2020\/04\/image001-212x300.jpg 212w, https:\/\/www.cgt-lkn.org\/bizkaia\/wp-content\/uploads\/sites\/21\/2020\/04\/image001-141x200.jpg 141w, https:\/\/www.cgt-lkn.org\/bizkaia\/wp-content\/uploads\/sites\/21\/2020\/04\/image001-400x565.jpg 400w\" sizes=\"auto, (max-width: 532px) 100vw, 532px\" \/><\/a><\/p>\n<p>&nbsp;<\/p>\n","protected":false},"excerpt":{"rendered":"<p><strong>La externalizaci\u00f3n de servicios p\u00fablicos y, en concreto, el aniquilamiento de la sanidad p\u00fablica en beneficio de unos pocos intereses privados, ha acelerado el colapso de nuestro sistema sanitario<\/strong><\/p>\n","protected":false},"author":57,"featured_media":19581,"comment_status":"closed","ping_status":"closed","sticky":false,"template":"","format":"standard","meta":{"footnotes":"","_links_to":"","_links_to_target":""},"categories":[99,34,46,117,19,97,51,15],"tags":[],"class_list":["post-19580","post","type-post","status-publish","format-standard","has-post-thumbnail","hentry","category-comunicados","category-economia","category-laboral","category-politica","category-salud-laboral","category-sanidad","category-servicios-publicos","category-social"],"publishpress_future_action":{"enabled":false,"date":"2026-05-08 17:35:21","action":"change-status","newStatus":"draft","terms":[],"taxonomy":"category","extraData":[]},"publishpress_future_workflow_manual_trigger":{"enabledWorkflows":[]},"_links":{"self":[{"href":"https:\/\/www.cgt-lkn.org\/bizkaia\/wp-json\/wp\/v2\/posts\/19580","targetHints":{"allow":["GET"]}}],"collection":[{"href":"https:\/\/www.cgt-lkn.org\/bizkaia\/wp-json\/wp\/v2\/posts"}],"about":[{"href":"https:\/\/www.cgt-lkn.org\/bizkaia\/wp-json\/wp\/v2\/types\/post"}],"author":[{"embeddable":true,"href":"https:\/\/www.cgt-lkn.org\/bizkaia\/wp-json\/wp\/v2\/users\/57"}],"replies":[{"embeddable":true,"href":"https:\/\/www.cgt-lkn.org\/bizkaia\/wp-json\/wp\/v2\/comments?post=19580"}],"version-history":[{"count":2,"href":"https:\/\/www.cgt-lkn.org\/bizkaia\/wp-json\/wp\/v2\/posts\/19580\/revisions"}],"predecessor-version":[{"id":19712,"href":"https:\/\/www.cgt-lkn.org\/bizkaia\/wp-json\/wp\/v2\/posts\/19580\/revisions\/19712"}],"wp:featuredmedia":[{"embeddable":true,"href":"https:\/\/www.cgt-lkn.org\/bizkaia\/wp-json\/wp\/v2\/media\/19581"}],"wp:attachment":[{"href":"https:\/\/www.cgt-lkn.org\/bizkaia\/wp-json\/wp\/v2\/media?parent=19580"}],"wp:term":[{"taxonomy":"category","embeddable":true,"href":"https:\/\/www.cgt-lkn.org\/bizkaia\/wp-json\/wp\/v2\/categories?post=19580"},{"taxonomy":"post_tag","embeddable":true,"href":"https:\/\/www.cgt-lkn.org\/bizkaia\/wp-json\/wp\/v2\/tags?post=19580"}],"curies":[{"name":"wp","href":"https:\/\/api.w.org\/{rel}","templated":true}]}}