{"id":19446,"date":"2020-04-15T12:08:03","date_gmt":"2020-04-15T11:08:03","guid":{"rendered":"http:\/\/www.cgt-lkn.org\/bizkaia\/?p=19446"},"modified":"2020-04-15T12:10:27","modified_gmt":"2020-04-15T11:10:27","slug":"nuestra-salud-vale-mas-que-sus-ganancias","status":"publish","type":"post","link":"https:\/\/www.cgt-lkn.org\/bizkaia\/archivos\/19446","title":{"rendered":"Nuestra Salud vale m\u00e1s que sus ganancias"},"content":{"rendered":"<p style=\"text-align: justify;\"><img loading=\"lazy\" decoding=\"async\" class=\"size-full wp-image-8530 alignright\" src=\"https:\/\/www.cgt-lkn.org\/bizkaia\/wp-content\/uploads\/sites\/21\/2014\/04\/sus-beneficios-llenan-las-cajas.jpg\" alt=\"\" width=\"189\" height=\"267\" srcset=\"https:\/\/www.cgt-lkn.org\/bizkaia\/wp-content\/uploads\/sites\/21\/2014\/04\/sus-beneficios-llenan-las-cajas.jpg 189w, https:\/\/www.cgt-lkn.org\/bizkaia\/wp-content\/uploads\/sites\/21\/2014\/04\/sus-beneficios-llenan-las-cajas-141x200.jpg 141w\" sizes=\"auto, (max-width: 189px) 100vw, 189px\" \/>La\u00a0<strong>CGT<\/strong>, nuevamente se ha dirigido por carta al gobierno, concretamente a los Ministros de Sanidad, Transportes y a la Ministra de Trabajo, para expresarle nuestro rechazo por la decisi\u00f3n que han tomado de reanudar las actividades productivas\u00a0<strong>no esenciales, advirti\u00e9ndoles del riesgo que esto supone para los trabajadores y trabajadoras de esas empresas y para toda la poblaci\u00f3n<\/strong>, pues lo l\u00f3gico es que\u00a0<strong>provocar\u00e1 un nuevo repunte de la Pandemia\u00a0<\/strong>en nuestro pa\u00eds, dado que no hay material de protecci\u00f3n suficiente para todas y todos, ni en sus empresas, ni en el transporte necesario para acudir a ellas y para volver a\u00a0 sus casas.<\/p>\n<p style=\"text-align: justify;\">Esta decisi\u00f3n\u00a0<strong>supone una concesi\u00f3n inaceptable a la Patronal<\/strong>\u00a0en general y una\u00a0<strong>irresponsabilidad temeraria por parte de los poderes p\u00fablicos<\/strong>, cuyas consecuencias volver\u00e1n a recaer fundamentalmente sobre la clase trabajadora, que ya cuenta por muchos miles su n\u00famero de personas muertas.<\/p>\n<p style=\"text-align: justify;\">Entre otras cuestiones, le hemos exigido al Gobierno que\u00a0<strong>todos los contagios relativos al COVID-19 sufridos por trabajadoras y trabajadores, con independencia de su sector productivo, han\u00a0 de ser considerados a todos los efectos como accidente de trabajo<\/strong>, tanto durante la prestaci\u00f3n del servicio en las instalaciones de la empresa como en el transporte, en los mismos t\u00e9rminos que los accidentes \u201cin itinere\u201d.<\/p>\n<p style=\"text-align: justify;\"><strong>Las actuaciones de la Inspecci\u00f3n de Trabajo deben ser mucho m\u00e1s inmediatas, rigurosas y efectivas<\/strong>\u00a0ante cualquier denuncia que se presente, ya que de otro modo la Clase Trabajadora continuar\u00e1 en una situaci\u00f3n de verdadera indefensi\u00f3n ante este virus.<\/p>\n<p style=\"text-align: justify;\"><strong>El regreso a la actividad laboral deber\u00eda ser gradual y razonable<\/strong>. Entendemos que a\u00fan no estamos en situaci\u00f3n de retomar la actividad como antes del 29 de marzo ya que, en la mayor\u00eda de los casos,\u00a0<strong>no puede garantizarse por parte de las empresas la seguridad y la salud de las trabajadoras y trabajadores.<\/strong><\/p>\n<p style=\"text-align: justify;\">El propio Centro Europeo para la Prevenci\u00f3n y Control de Enfermedades (ECDC) entiende que deben asegurarse sistemas de pruebas suficientes, que permitan evaluar las consecuencias epidemiol\u00f3gicas antes de suavizar las medidas de distanciamiento comunitario y f\u00edsico. Es por tanto imprescindible que por parte de las Administraciones\u00a0<strong>se garantice la realizaci\u00f3n de los correspondientes test a todas las personas que deben acudir a trabajar o ya lo est\u00e1n haciendo.<\/strong><\/p>\n<p style=\"text-align: justify;\">En cuanto al mal llamado \u201cpermiso retribuido recuperable\u201d, adem\u00e1s de que\u00a0<strong>es una chapuza discriminatoria<\/strong>, entendemos que\u00a0<strong>va a suponer un sacrificio inasumible<\/strong>\u00a0por parte de las personas afectadas, que adem\u00e1s de sufrir las consecuencias del confinamiento actual, ver\u00e1n despu\u00e9s c\u00f3mo se prolongan sus jornadas de trabajo, con los posibles efectos, para la salud y para la conciliaci\u00f3n de su vida laboral y familiar.<\/p>\n<p style=\"text-align: justify;\"><strong>Ya es hora de que los sacrificios no solo se exijan a la Clase Trabajadora<\/strong>, que ya est\u00e1 sufriendo con virulencia las consecuencias\u00a0 econ\u00f3micas de esta crisis y que, en un futuro pr\u00f3ximo a\u00fan sufrir\u00e1 m\u00e1s, ya que lo recaudado por impuestos directos, en el caso de las rentas del trabajo, es muy superior al impuesto de sociedades.<\/p>\n<p style=\"text-align: justify;\"><strong>La CGT seguiremos defendiendo, con todas nuestras fuerzas, instrumentos y energ\u00eda, el derecho a la protecci\u00f3n de la Salud de las trabajadoras y trabajadores<\/strong>,\u00a0<strong>y tambi\u00e9n de sus condiciones de vida,<\/strong>\u00a0ante la falta de escr\u00fapulos de la Patronal y la sumisi\u00f3n de los poderes p\u00fablicos a sus intereses econ\u00f3micos, pues nuestra salud vale mucho m\u00e1s que sus ganancias.<\/p>\n<p><a href=\"https:\/\/cgt.org.es\/nuestra-salud-vale-mas-que-sus-ganancias\/\">(Comunicado en la web confederal)<\/a><\/p>\n","protected":false},"excerpt":{"rendered":"<p style=\"text-align: justify;\">La\u00a0<strong>CGT<\/strong>, nuevamente se ha dirigido por carta al gobierno, concretamente a los Ministros de Sanidad, Transportes y a la Ministra de Trabajo, para expresarle nuestro rechazo por la decisi\u00f3n que han tomado de reanudar las actividades productivas\u00a0<strong>no esenciales, advirti\u00e9ndoles del riesgo que esto supone para los trabajadores y trabajadoras de esas empresas y para toda la poblaci\u00f3n<\/strong>, pues lo l\u00f3gico es que\u00a0<strong>provocar\u00e1 un nuevo repunte de la Pandemia\u00a0<\/strong>en nuestro pa\u00eds, dado que no hay material de protecci\u00f3n suficiente para todas y todos, ni en sus empresas, ni en el transporte necesario para acudir a ellas y para volver a\u00a0 sus casas.<\/p>\n","protected":false},"author":57,"featured_media":8530,"comment_status":"closed","ping_status":"closed","sticky":false,"template":"","format":"standard","meta":{"footnotes":"","_links_to":"","_links_to_target":""},"categories":[46,117,19,97,15],"tags":[],"class_list":["post-19446","post","type-post","status-publish","format-standard","has-post-thumbnail","hentry","category-laboral","category-politica","category-salud-laboral","category-sanidad","category-social"],"publishpress_future_action":{"enabled":false,"date":"2026-05-07 04:09:18","action":"change-status","newStatus":"draft","terms":[],"taxonomy":"category","extraData":[]},"publishpress_future_workflow_manual_trigger":{"enabledWorkflows":[]},"_links":{"self":[{"href":"https:\/\/www.cgt-lkn.org\/bizkaia\/wp-json\/wp\/v2\/posts\/19446","targetHints":{"allow":["GET"]}}],"collection":[{"href":"https:\/\/www.cgt-lkn.org\/bizkaia\/wp-json\/wp\/v2\/posts"}],"about":[{"href":"https:\/\/www.cgt-lkn.org\/bizkaia\/wp-json\/wp\/v2\/types\/post"}],"author":[{"embeddable":true,"href":"https:\/\/www.cgt-lkn.org\/bizkaia\/wp-json\/wp\/v2\/users\/57"}],"replies":[{"embeddable":true,"href":"https:\/\/www.cgt-lkn.org\/bizkaia\/wp-json\/wp\/v2\/comments?post=19446"}],"version-history":[{"count":1,"href":"https:\/\/www.cgt-lkn.org\/bizkaia\/wp-json\/wp\/v2\/posts\/19446\/revisions"}],"predecessor-version":[{"id":19447,"href":"https:\/\/www.cgt-lkn.org\/bizkaia\/wp-json\/wp\/v2\/posts\/19446\/revisions\/19447"}],"wp:featuredmedia":[{"embeddable":true,"href":"https:\/\/www.cgt-lkn.org\/bizkaia\/wp-json\/wp\/v2\/media\/8530"}],"wp:attachment":[{"href":"https:\/\/www.cgt-lkn.org\/bizkaia\/wp-json\/wp\/v2\/media?parent=19446"}],"wp:term":[{"taxonomy":"category","embeddable":true,"href":"https:\/\/www.cgt-lkn.org\/bizkaia\/wp-json\/wp\/v2\/categories?post=19446"},{"taxonomy":"post_tag","embeddable":true,"href":"https:\/\/www.cgt-lkn.org\/bizkaia\/wp-json\/wp\/v2\/tags?post=19446"}],"curies":[{"name":"wp","href":"https:\/\/api.w.org\/{rel}","templated":true}]}}