{"id":19136,"date":"2020-03-29T15:54:46","date_gmt":"2020-03-29T14:54:46","guid":{"rendered":"http:\/\/www.cgt-lkn.org\/bizkaia\/?p=19136"},"modified":"2020-03-31T08:50:20","modified_gmt":"2020-03-31T07:50:20","slug":"la-salud-de-las-personas-es-lo-primero","status":"publish","type":"post","link":"https:\/\/www.cgt-lkn.org\/bizkaia\/archivos\/19136","title":{"rendered":"La salud de las personas es lo primero"},"content":{"rendered":"<p style=\"text-align: justify\"><img loading=\"lazy\" decoding=\"async\" class=\"size-full wp-image-19137 alignright\" src=\"https:\/\/www.cgt-lkn.org\/bizkaia\/wp-content\/uploads\/sites\/21\/2020\/03\/EUHLoDfWAAMJgUp-1100x0-c-default.png\" width=\"511\" height=\"800\" srcset=\"https:\/\/www.cgt-lkn.org\/bizkaia\/wp-content\/uploads\/sites\/21\/2020\/03\/EUHLoDfWAAMJgUp-1100x0-c-default.png 511w, https:\/\/www.cgt-lkn.org\/bizkaia\/wp-content\/uploads\/sites\/21\/2020\/03\/EUHLoDfWAAMJgUp-1100x0-c-default-192x300.png 192w, https:\/\/www.cgt-lkn.org\/bizkaia\/wp-content\/uploads\/sites\/21\/2020\/03\/EUHLoDfWAAMJgUp-1100x0-c-default-128x200.png 128w, https:\/\/www.cgt-lkn.org\/bizkaia\/wp-content\/uploads\/sites\/21\/2020\/03\/EUHLoDfWAAMJgUp-1100x0-c-default-400x626.png 400w\" sizes=\"auto, (max-width: 511px) 100vw, 511px\" \/>Mientras el gobierno sigue sin paralizar aquellos servicios y actividades no esenciales, mientras la cifra de fallecimientos sigue creciendo, alcanzando la cifra r\u00e9cord de 738 muertes el pasado mi\u00e9rcoles, mientras el personal que trabaja en los hospitales sigue enfrent\u00e1ndose a este virus terrible sin las medidas de protecci\u00f3n adecuadas, desde la CGT queremos mandar un mensaje claro:<\/p>\n<p style=\"text-align: justify\">Lo primero es la salud. Aquellos que deban ir a trabajar, por fuerza mayor, deben garantizarles los medios adecuados de protecci\u00f3n contra el Covid-19. Porque algo es de sentido com\u00fan: la lucha contra la transmisi\u00f3n es una cuesti\u00f3n prioritaria para salir de esta crisis, mucho m\u00e1s prioritaria que defender los intereses de las empresas. Por ello deben tomarse las medidas necesarias para que la transmisi\u00f3n del virus no siga increment\u00e1ndose. Cada vez que una persona tiene que asumir el riesgo de salir a la calle, de coger un transporte p\u00fablico, o cada vez que se entra a un centro de trabajo que no cumple con las medidas de protecci\u00f3n y seguridad adecuadas, lo que se est\u00e1 promoviendo es incrementar a\u00fan m\u00e1s la carga de trabajo, ya de por s\u00ed inabarcable, del personal que trabaja en los hospitales.<\/p>\n<p style=\"text-align: justify\">Por ello, es una cuesti\u00f3n de extrema urgencia paralizar la actividad en todas las empresas y servicios no esenciales para la vida de las personas o, cuando menos, que se cierren con car\u00e1cter inmediato todos los centros de trabajo que no cuenten con las medidas de seguridad emitidas por el Ministerio de Sanidad.<\/p>\n<p style=\"text-align: justify\">Por otra parte, y para salir en ayuda del personal que trabaja en los hospitales primordialmente, as\u00ed como a las personas m\u00e1s necesitadas, habr\u00eda que reconvertir la producci\u00f3n en todas las empresas donde sea t\u00e9cnicamente posible, para que fabriquen los materiales necesarios para luchar contra el coronavirus. No basta con hacer palmas en los balcones a las ocho de la tarde: hay que dar la debida protecci\u00f3n a quienes la necesitan y reclaman desde hace d\u00edas. El propio colectivo sanitario est\u00e1 alertando de que los m\u00e9dicos y enfermeros pueden convertirse en una fuente importante de contagio si no se toman medidas urgentes para garantizar su seguridad ya.<\/p>\n<p style=\"text-align: justify\">Es momento de implementar una Renta B\u00e1sica de las Iguales (REBis). No podemos dejar a quienes no tienen recursos en la estacada, ni es permisible que la factura de todo lo que est\u00e1 ocurriendo vuelvan a pagarla los de siempre: la clase trabajadora. Las personas deben tener garantizado un techo y unos ingresos m\u00ednimos que les permitan alimentarse o comprar medicamentos tanto a ellas mismas como a sus familias.<\/p>\n<p style=\"text-align: justify\">Por \u00faltimo, esta crisis sanitaria confirma tr\u00e1gicamente que los Servicios P\u00fablicos b\u00e1sicos para la vida no debieron ser nunca privatizados (sanidad, ense\u00f1anza, dependencia y cuidados, etc.), ni tampoco recortar las partidas econ\u00f3micas que los sustentan, por lo que exigimos el retorno inmediato de dichos servicios privatizados al \u00e1mbito de lo p\u00fablico, a lo que es de todos y todas, adem\u00e1s de dotarlos econ\u00f3micamente de forma adecuada y suficiente.<\/p>\n<p style=\"text-align: justify\"><a href=\"https:\/\/cgt.org.es\/la-salud-de-las-personas-es-lo-primero\/\" target=\"_blank\" rel=\"noopener noreferrer\">https:\/\/cgt.org.es\/la-salud-de-las-personas-es-lo-primero\/<\/a><\/p>\n<p>&nbsp;<\/p>\n<p>#<em>coronavirus<\/em><\/p>\n<p><span class=\"PrettyLink-prefix\">#<\/span><span class=\"PrettyLink-value\">COVID19<\/span><\/p>\n","protected":false},"excerpt":{"rendered":"<p style=\"text-align: justify\">Mientras el gobierno sigue sin paralizar aquellos servicios y actividades no esenciales, mientras la cifra de fallecimientos sigue creciendo, alcanzando la cifra r\u00e9cord de 738 muertes el pasado mi\u00e9rcoles, mientras el personal que trabaja en los hospitales sigue enfrent\u00e1ndose a este virus terrible sin las medidas de protecci\u00f3n adecuadas, desde la CGT queremos mandar un mensaje claro:<\/p>\n<p style=\"text-align: justify\">Lo primero es la salud.<\/p>\n","protected":false},"author":57,"featured_media":19137,"comment_status":"closed","ping_status":"closed","sticky":false,"template":"","format":"standard","meta":{"footnotes":"","_links_to":"","_links_to_target":""},"categories":[46,19,97,51,15],"tags":[],"class_list":["post-19136","post","type-post","status-publish","format-standard","has-post-thumbnail","hentry","category-laboral","category-salud-laboral","category-sanidad","category-servicios-publicos","category-social"],"publishpress_future_action":{"enabled":false,"date":"2026-05-07 03:59:31","action":"change-status","newStatus":"draft","terms":[],"taxonomy":"category","extraData":[]},"publishpress_future_workflow_manual_trigger":{"enabledWorkflows":[]},"_links":{"self":[{"href":"https:\/\/www.cgt-lkn.org\/bizkaia\/wp-json\/wp\/v2\/posts\/19136","targetHints":{"allow":["GET"]}}],"collection":[{"href":"https:\/\/www.cgt-lkn.org\/bizkaia\/wp-json\/wp\/v2\/posts"}],"about":[{"href":"https:\/\/www.cgt-lkn.org\/bizkaia\/wp-json\/wp\/v2\/types\/post"}],"author":[{"embeddable":true,"href":"https:\/\/www.cgt-lkn.org\/bizkaia\/wp-json\/wp\/v2\/users\/57"}],"replies":[{"embeddable":true,"href":"https:\/\/www.cgt-lkn.org\/bizkaia\/wp-json\/wp\/v2\/comments?post=19136"}],"version-history":[{"count":3,"href":"https:\/\/www.cgt-lkn.org\/bizkaia\/wp-json\/wp\/v2\/posts\/19136\/revisions"}],"predecessor-version":[{"id":19151,"href":"https:\/\/www.cgt-lkn.org\/bizkaia\/wp-json\/wp\/v2\/posts\/19136\/revisions\/19151"}],"wp:featuredmedia":[{"embeddable":true,"href":"https:\/\/www.cgt-lkn.org\/bizkaia\/wp-json\/wp\/v2\/media\/19137"}],"wp:attachment":[{"href":"https:\/\/www.cgt-lkn.org\/bizkaia\/wp-json\/wp\/v2\/media?parent=19136"}],"wp:term":[{"taxonomy":"category","embeddable":true,"href":"https:\/\/www.cgt-lkn.org\/bizkaia\/wp-json\/wp\/v2\/categories?post=19136"},{"taxonomy":"post_tag","embeddable":true,"href":"https:\/\/www.cgt-lkn.org\/bizkaia\/wp-json\/wp\/v2\/tags?post=19136"}],"curies":[{"name":"wp","href":"https:\/\/api.w.org\/{rel}","templated":true}]}}