{"id":19114,"date":"2020-03-26T11:45:56","date_gmt":"2020-03-26T10:45:56","guid":{"rendered":"http:\/\/www.cgt-lkn.org\/bizkaia\/?p=19114"},"modified":"2020-04-22T12:20:31","modified_gmt":"2020-04-22T11:20:31","slug":"este-viernes-cgt-respondera-en-directo-a-tus-dudas-sobre-salud-laboral","status":"publish","type":"post","link":"https:\/\/www.cgt-lkn.org\/bizkaia\/archivos\/19114","title":{"rendered":"Este Viernes CGT responder\u00e1 en directo a tus dudas sobre Salud Laboral"},"content":{"rendered":"<p><iframe loading=\"lazy\" title=\"Covid-19 Salud Laboral\" width=\"700\" height=\"394\" src=\"https:\/\/www.youtube.com\/embed\/sBA-EaGM88s?start=1930&#038;feature=oembed\" frameborder=\"0\" allow=\"accelerometer; autoplay; clipboard-write; encrypted-media; gyroscope; picture-in-picture; web-share\" referrerpolicy=\"strict-origin-when-cross-origin\" allowfullscreen><\/iframe><\/p>\n<p>&nbsp;<\/p>\n<p>Este viernes 27 de marzo, a las 10:00 de la ma\u00f1ana, Julio Fuentes, Secretario de Salud Laboral de la CGT en MCLMEx, responder\u00e1 a tus dudas sobre las medidas de prevenci\u00f3n que est\u00e1n tomando las empresas durante la crisis del Covid-19, en directo, por el Canal de Youtube de Rojo y Negro TV:<\/p>\n<p><a href=\"https:\/\/youtu.be\/sBA-EaGM88s\" target=\"_blank\" rel=\"noopener noreferrer\">https:\/\/youtu.be\/sBA-EaGM88s<\/a><\/p>\n<p>&nbsp;<\/p>\n<p>#<em>coronavirus<\/em><\/p>\n<p><span class=\"PrettyLink-prefix\">#<\/span><span class=\"PrettyLink-value\">COVID19<\/span><\/p>\n","protected":false},"excerpt":{"rendered":"<p style=\"text-align: justify\">Este viernes 27 de marzo, a las 10:00 de la ma\u00f1ana, Julio Fuentes, Secretario de Salud Laboral de la CGT en MCLMEx, responder\u00e1 a tus dudas sobre las medidas de prevenci\u00f3n que est\u00e1n tomando las empresas durante la crisis del Covid-19, en directo, por el Canal de Youtube de Rojo y Negro TV:<\/p>\n<p style=\"text-align: justify\"><a href=\"https:\/\/youtu.be\/sBA-EaGM88s\" target=\"_blank\" rel=\"noopener noreferrer\">https:\/\/youtu.be\/sBA-EaGM88s<\/a><\/p>\n","protected":false},"author":57,"featured_media":19115,"comment_status":"closed","ping_status":"closed","sticky":false,"template":"","format":"standard","meta":{"footnotes":"","_links_to":"","_links_to_target":""},"categories":[186,20,46,7,19],"tags":[],"class_list":["post-19114","post","type-post","status-publish","format-standard","has-post-thumbnail","hentry","category-coronavirus-covid19","category-eventos","category-laboral","category-legislacion-laboral","category-salud-laboral"],"publishpress_future_action":{"enabled":false,"date":"2026-05-07 03:33:45","action":"change-status","newStatus":"draft","terms":[],"taxonomy":"category","extraData":[]},"publishpress_future_workflow_manual_trigger":{"enabledWorkflows":[]},"_links":{"self":[{"href":"https:\/\/www.cgt-lkn.org\/bizkaia\/wp-json\/wp\/v2\/posts\/19114","targetHints":{"allow":["GET"]}}],"collection":[{"href":"https:\/\/www.cgt-lkn.org\/bizkaia\/wp-json\/wp\/v2\/posts"}],"about":[{"href":"https:\/\/www.cgt-lkn.org\/bizkaia\/wp-json\/wp\/v2\/types\/post"}],"author":[{"embeddable":true,"href":"https:\/\/www.cgt-lkn.org\/bizkaia\/wp-json\/wp\/v2\/users\/57"}],"replies":[{"embeddable":true,"href":"https:\/\/www.cgt-lkn.org\/bizkaia\/wp-json\/wp\/v2\/comments?post=19114"}],"version-history":[{"count":4,"href":"https:\/\/www.cgt-lkn.org\/bizkaia\/wp-json\/wp\/v2\/posts\/19114\/revisions"}],"predecessor-version":[{"id":19557,"href":"https:\/\/www.cgt-lkn.org\/bizkaia\/wp-json\/wp\/v2\/posts\/19114\/revisions\/19557"}],"wp:featuredmedia":[{"embeddable":true,"href":"https:\/\/www.cgt-lkn.org\/bizkaia\/wp-json\/wp\/v2\/media\/19115"}],"wp:attachment":[{"href":"https:\/\/www.cgt-lkn.org\/bizkaia\/wp-json\/wp\/v2\/media?parent=19114"}],"wp:term":[{"taxonomy":"category","embeddable":true,"href":"https:\/\/www.cgt-lkn.org\/bizkaia\/wp-json\/wp\/v2\/categories?post=19114"},{"taxonomy":"post_tag","embeddable":true,"href":"https:\/\/www.cgt-lkn.org\/bizkaia\/wp-json\/wp\/v2\/tags?post=19114"}],"curies":[{"name":"wp","href":"https:\/\/api.w.org\/{rel}","templated":true}]}}