{"id":18448,"date":"2021-04-23T12:05:18","date_gmt":"2021-04-23T10:05:18","guid":{"rendered":"http:\/\/www.cgt-lkn.org\/bizkaia\/?p=18448"},"modified":"2022-01-16T20:05:03","modified_gmt":"2022-01-16T19:05:03","slug":"coeficientes-jubilacion","status":"publish","type":"post","link":"https:\/\/www.cgt-lkn.org\/bizkaia\/archivos\/18448","title":{"rendered":"Concentraci\u00f3n 28 Abril a las 11:30 H Gran Via 62 COEFICIENTES REDUCTORES EN LA EDAD DE JUBILACI\u00d3N"},"content":{"rendered":"<p style=\"text-align: center\"><a href=\"https:\/\/www.cgt-lkn.org\/bizkaia\/gestamp\/files\/2019\/06\/CGT-coeficientes-reductores-edad-jubilacion-junio-2019.pdf\"><span style=\"font-size: 16pt\"><strong>ver diptico<\/strong><\/span><\/a><\/p>\n<p>&nbsp;<\/p>\n<p><strong><span style=\"color: #3366ff\">\u00bf QUE SON LOS COEFICIENTES REDUCTORES EN EDAD DE JUBILACION?<\/span><\/strong><\/p>\n<p>La Ley 40\/2007 de 4 de diciembre, de medidas en materia de Seguridad Social, prev\u00e9 que la edad m\u00ednima exigida para tener derecho a pensi\u00f3n de jubilaci\u00f3n en el R\u00e9gimen General de la Seguridad Social, los 65 a\u00f1os, podr\u00e1 ser rebajada por real decreto, a propuesta del Ministro de Trabajo e Inmigraci\u00f3n. Dicha ley establece que se podr\u00e1 hacer en aquellos grupos o actividades profesionales, en las escalas, categor\u00edas o especialidades cuyos trabajos sean de naturaleza excepcionalmente penosa, t\u00f3xica, peligrosa o insalubre y acusen elevados \u00edndices de morbilidad o mortalidad.<\/p>\n<p>En la \u00faltima legislatura de Jos\u00e9 Luis Rodr\u00edguez Zapatero, se desarrolla el Real Decreto 1698\/2011 que se aprueba el 18 de noviembre, estableciendo los criterios para la aplicaci\u00f3n de los coeficientes reductores en la edad de jubilaci\u00f3n.<\/p>\n<p><iframe loading=\"lazy\" title=\"RNtv Briconsejo n\u00ba 44 Terrorismo Patronal: Coeficientes reductores\" width=\"700\" height=\"394\" src=\"https:\/\/www.youtube.com\/embed\/uj_6pke1PQw?feature=oembed\" frameborder=\"0\" allow=\"accelerometer; autoplay; clipboard-write; encrypted-media; gyroscope; picture-in-picture; web-share\" referrerpolicy=\"strict-origin-when-cross-origin\" allowfullscreen><\/iframe><\/p>\n","protected":false},"excerpt":{"rendered":"<p>Nos vamos a concentrar en tdo el estado en las sedes de la seguridad social para exigir que se cumpla la ley y apliquen los coeficientes de reducci\u00f3n para que las personas que trabajan en los sectores que seg\u00fan la ley corresponde ( <a href=\"https:\/\/www.youtube.com\/watch?v=uj_6pke1PQw\" target=\"_blank\" rel=\"noopener\">ver video<\/a>) se puedan jubilar antes, con salud y dignidad. y de este modo puedan las personas j\u00f3venes entrar a trabajar.<\/p>\n<p>En la \u00faltima legislatura de Jos\u00e9 Luis Rodr\u00edguez Zapatero, se desarrolla el Real Decreto 1698\/2011 que se aprueba el 18 de noviembre, estableciendo los criterios para la aplicaci\u00f3n de los coeficientes reductores en la edad de jubilaci\u00f3n.<\/p>\n","protected":false},"author":57,"featured_media":18449,"comment_status":"closed","ping_status":"closed","sticky":false,"template":"","format":"standard","meta":{"footnotes":"","_links_to":"","_links_to_target":""},"categories":[334,41,29,79,46,7,19],"tags":[289,369,348,447],"class_list":["post-18448","post","type-post","status-publish","format-standard","has-post-thumbnail","hentry","category-accion-sindical-agitacion","category-agitacion","category-asesoria-juridica","category-boletin-juridico","category-laboral","category-legislacion-laboral","category-salud-laboral","tag-accion-sindical","tag-coeficientes-reductores","tag-jubilacion","tag-juventud"],"publishpress_future_action":{"enabled":false,"date":"2026-05-07 03:54:22","action":"change-status","newStatus":"draft","terms":[],"taxonomy":"category","extraData":[]},"publishpress_future_workflow_manual_trigger":{"enabledWorkflows":[]},"_links":{"self":[{"href":"https:\/\/www.cgt-lkn.org\/bizkaia\/wp-json\/wp\/v2\/posts\/18448","targetHints":{"allow":["GET"]}}],"collection":[{"href":"https:\/\/www.cgt-lkn.org\/bizkaia\/wp-json\/wp\/v2\/posts"}],"about":[{"href":"https:\/\/www.cgt-lkn.org\/bizkaia\/wp-json\/wp\/v2\/types\/post"}],"author":[{"embeddable":true,"href":"https:\/\/www.cgt-lkn.org\/bizkaia\/wp-json\/wp\/v2\/users\/57"}],"replies":[{"embeddable":true,"href":"https:\/\/www.cgt-lkn.org\/bizkaia\/wp-json\/wp\/v2\/comments?post=18448"}],"version-history":[{"count":7,"href":"https:\/\/www.cgt-lkn.org\/bizkaia\/wp-json\/wp\/v2\/posts\/18448\/revisions"}],"predecessor-version":[{"id":21974,"href":"https:\/\/www.cgt-lkn.org\/bizkaia\/wp-json\/wp\/v2\/posts\/18448\/revisions\/21974"}],"wp:featuredmedia":[{"embeddable":true,"href":"https:\/\/www.cgt-lkn.org\/bizkaia\/wp-json\/wp\/v2\/media\/18449"}],"wp:attachment":[{"href":"https:\/\/www.cgt-lkn.org\/bizkaia\/wp-json\/wp\/v2\/media?parent=18448"}],"wp:term":[{"taxonomy":"category","embeddable":true,"href":"https:\/\/www.cgt-lkn.org\/bizkaia\/wp-json\/wp\/v2\/categories?post=18448"},{"taxonomy":"post_tag","embeddable":true,"href":"https:\/\/www.cgt-lkn.org\/bizkaia\/wp-json\/wp\/v2\/tags?post=18448"}],"curies":[{"name":"wp","href":"https:\/\/api.w.org\/{rel}","templated":true}]}}