{"id":18021,"date":"2019-03-13T20:17:10","date_gmt":"2019-03-13T19:17:10","guid":{"rendered":"http:\/\/www.cgt-lkn.org\/bizkaia\/?p=18021"},"modified":"2019-03-28T07:56:54","modified_gmt":"2019-03-28T06:56:54","slug":"concentracion-contra-la-otan-en-bilbao-12-de-marzo-de-2019","status":"publish","type":"post","link":"https:\/\/www.cgt-lkn.org\/bizkaia\/archivos\/18021","title":{"rendered":"Concentraci\u00f3n contra la OTAN en Bilbao. 12 de Marzo de 2019"},"content":{"rendered":"<p style=\"text-align: center;\"><iframe loading=\"lazy\" src=\"\/\/www.youtube.com\/embed\/NwVfytLjA_4\" width=\"600\" height=\"336\" allowfullscreen=\"allowfullscreen\"><\/iframe><\/p>\n<p><img loading=\"lazy\" decoding=\"async\" class=\"aligncenter size-full wp-image-18022\" src=\"https:\/\/www.cgt-lkn.org\/bizkaia\/wp-content\/uploads\/sites\/21\/2019\/03\/743ea55e-bec2-423d-9c48-b86f064c6977.jpg\" alt=\"\" width=\"600\" height=\"450\" srcset=\"https:\/\/www.cgt-lkn.org\/bizkaia\/wp-content\/uploads\/sites\/21\/2019\/03\/743ea55e-bec2-423d-9c48-b86f064c6977.jpg 600w, https:\/\/www.cgt-lkn.org\/bizkaia\/wp-content\/uploads\/sites\/21\/2019\/03\/743ea55e-bec2-423d-9c48-b86f064c6977-300x225.jpg 300w, https:\/\/www.cgt-lkn.org\/bizkaia\/wp-content\/uploads\/sites\/21\/2019\/03\/743ea55e-bec2-423d-9c48-b86f064c6977-200x150.jpg 200w, https:\/\/www.cgt-lkn.org\/bizkaia\/wp-content\/uploads\/sites\/21\/2019\/03\/743ea55e-bec2-423d-9c48-b86f064c6977-400x300.jpg 400w, https:\/\/www.cgt-lkn.org\/bizkaia\/wp-content\/uploads\/sites\/21\/2019\/03\/743ea55e-bec2-423d-9c48-b86f064c6977-80x60.jpg 80w\" sizes=\"auto, (max-width: 600px) 100vw, 600px\" \/><\/p>\n","protected":false},"excerpt":{"rendered":"<p><u>33 a\u00f1os desde que se le dijo NO al Refer\u00e9ndum sobre la permanencia en la OTAN<\/u><\/p>\n<p style=\"text-align: justify;\">Ya son 33 a\u00f1os de enga\u00f1os y mentiras desde aquel 12 de marzo de 1986, d\u00eda en que se celebr\u00f3 el Refer\u00e9ndum sobre la permanencia en la OTAN del Estado espa\u00f1ol, fecha en torno a la cual y durante varios a\u00f1os se fueron sucediendo grandes movilizaciones en contra de la permanencia en la OTAN. Gracias al trabajo de much\u00edsimos colectivos se dio como resultado un rechazo mayoritario a la OTAN en Hego Euskal Herria, Catalunya y Canarias con un importante rechazo en todo el Estado espa\u00f1ol. Por otro lado, cabe recordar que el Estado franc\u00e9s fue creador de la propia OTAN, comenzando su andadura el 4 de abril de 1949.<\/p>\n","protected":false},"author":57,"featured_media":18022,"comment_status":"closed","ping_status":"closed","sticky":false,"template":"","format":"standard","meta":{"footnotes":"","_links_to":"","_links_to_target":""},"categories":[61,54,45,8,9,117],"tags":[],"class_list":["post-18021","post","type-post","status-publish","format-standard","has-post-thumbnail","hentry","category-antimilitarismo","category-bilbao","category-internacional","category-movilizaciones","category-multimedia","category-politica"],"publishpress_future_action":{"enabled":false,"date":"2026-05-09 01:43:59","action":"change-status","newStatus":"draft","terms":[],"taxonomy":"category","extraData":[]},"publishpress_future_workflow_manual_trigger":{"enabledWorkflows":[]},"_links":{"self":[{"href":"https:\/\/www.cgt-lkn.org\/bizkaia\/wp-json\/wp\/v2\/posts\/18021","targetHints":{"allow":["GET"]}}],"collection":[{"href":"https:\/\/www.cgt-lkn.org\/bizkaia\/wp-json\/wp\/v2\/posts"}],"about":[{"href":"https:\/\/www.cgt-lkn.org\/bizkaia\/wp-json\/wp\/v2\/types\/post"}],"author":[{"embeddable":true,"href":"https:\/\/www.cgt-lkn.org\/bizkaia\/wp-json\/wp\/v2\/users\/57"}],"replies":[{"embeddable":true,"href":"https:\/\/www.cgt-lkn.org\/bizkaia\/wp-json\/wp\/v2\/comments?post=18021"}],"version-history":[{"count":1,"href":"https:\/\/www.cgt-lkn.org\/bizkaia\/wp-json\/wp\/v2\/posts\/18021\/revisions"}],"predecessor-version":[{"id":18023,"href":"https:\/\/www.cgt-lkn.org\/bizkaia\/wp-json\/wp\/v2\/posts\/18021\/revisions\/18023"}],"wp:featuredmedia":[{"embeddable":true,"href":"https:\/\/www.cgt-lkn.org\/bizkaia\/wp-json\/wp\/v2\/media\/18022"}],"wp:attachment":[{"href":"https:\/\/www.cgt-lkn.org\/bizkaia\/wp-json\/wp\/v2\/media?parent=18021"}],"wp:term":[{"taxonomy":"category","embeddable":true,"href":"https:\/\/www.cgt-lkn.org\/bizkaia\/wp-json\/wp\/v2\/categories?post=18021"},{"taxonomy":"post_tag","embeddable":true,"href":"https:\/\/www.cgt-lkn.org\/bizkaia\/wp-json\/wp\/v2\/tags?post=18021"}],"curies":[{"name":"wp","href":"https:\/\/api.w.org\/{rel}","templated":true}]}}