{"id":17524,"date":"2019-01-02T20:18:19","date_gmt":"2019-01-02T19:18:19","guid":{"rendered":"http:\/\/www.cgt-lkn.org\/bizkaia\/?p=17524"},"modified":"2019-01-02T20:21:00","modified_gmt":"2019-01-02T19:21:00","slug":"iniciativa-en-barakaldo-contra-la-inocentada-de-los-recortes-sociales","status":"publish","type":"post","link":"https:\/\/www.cgt-lkn.org\/bizkaia\/archivos\/17524","title":{"rendered":"Iniciativa en Barakaldo contra la inocentada de los recortes sociales"},"content":{"rendered":"<p><strong><u>CONTRA LA INOCENTADA DE LOS RECORTES SOCIALES<\/u><\/strong><\/p>\n<p><iframe loading=\"lazy\" title=\"Berri-Otxoak denuncia la &quot;inocentada&quot; de los recortes sociales en Barakaldo\" width=\"700\" height=\"394\" src=\"https:\/\/www.youtube.com\/embed\/5_b4o4TzImw?feature=oembed\" frameborder=\"0\" allow=\"accelerometer; autoplay; clipboard-write; encrypted-media; gyroscope; picture-in-picture; web-share\" referrerpolicy=\"strict-origin-when-cross-origin\" allowfullscreen><\/iframe><\/p>\n<p><iframe loading=\"lazy\" title=\"Berri-Otxoak califica de inocentada la politica social del ayuntamiento de Barakaldo\" width=\"700\" height=\"394\" src=\"https:\/\/www.youtube.com\/embed\/QbNf7_4GYAg?feature=oembed\" frameborder=\"0\" allow=\"accelerometer; autoplay; clipboard-write; encrypted-media; gyroscope; picture-in-picture; web-share\" referrerpolicy=\"strict-origin-when-cross-origin\" allowfullscreen><\/iframe><\/p>\n<p>&nbsp;<\/p>\n<p><strong>En el \u201cD\u00eda de los Santos inocentes<\/strong>\u201d, y ante el Departamento de Acci\u00f3n Social del Ayuntamiento de Barakaldo, <strong>se instalar\u00e1n varios \u201cmu\u00f1ecos de inocente\u201d de 2 metros de altura.<\/strong><\/p>\n<p><strong>Bajo el lema \u201cla inocentada de los recortes sociales\u201d se denunciar\u00e1 que mientras <\/strong><strong>el equipo de gobierno se encuentra en plena campa\u00f1a electoral, <\/strong>para lo cual no duda en derrochar m\u00faltiples medios y recursos p\u00fablicos.<strong> Sin embargo, se olvida de visibilizar las consecuencias de su actual pol\u00edtica de recortes: emigraci\u00f3n, precariedad<\/strong>, <strong>aumento<\/strong> de la<strong> pobreza e incremento de los desahucios.<\/strong><\/p>\n<p><strong>Un ejemplo, es el dato de las personas de la localidad que han emigrado al extranjero en este a\u00f1o: cifra que se ha incrementado en un <\/strong><strong>2,5% en los \u00faltimos doce meses del a\u00f1o.<\/strong> As\u00ed lo revelan los datos del Censo de Residentes Ausentes (CERA).<\/p>\n<p><strong>M\u00e1s all\u00e1 de la propaganda (pre)electoral que est\u00e1n realizando los partidos que han gobernado el consistorio en los \u00faltimos 40 a\u00f1os<\/strong>, y que han aprobado los actuales presupuestos municipales: <strong>las personas de la localidad que han emigrado al extranjero alcanza este a\u00f1o su mayor cifra en 17 a\u00f1os. <\/strong><\/p>\n<p>En concreto, la estad\u00edstica desvela que <strong>en la \u00faltima d\u00e9cada de crisis econ\u00f3mica se ha dado un aumento del 54% de las personas migrantes barakaldesas. En la actualidad son 2.318 las personas<\/strong> que han tenido que buscarse una vida\/un mejor futuro lejos del municipio.<\/p>\n<p><strong><u>Barakaldo a m\u00e1s\u2026 pobreza y exclusi\u00f3n<\/u><\/strong><\/p>\n<p><strong>Otro dato a destacar son los insuficientes 980.000 euros que se han presupuestado este a\u00f1o para las \u201cAyudas Econ\u00f3micas Municipales\u201d, a repartir entre 1.300 familias barakaldesas.<\/strong><\/p>\n<p>Acuerdo que se aplica cuando <strong>el 15% de los hogares de la localidad sufren situaciones de exclusi\u00f3n<\/strong><\/p>\n<p><strong>Por lo cual<\/strong>, no es de extra\u00f1ar que <strong>en los \u00faltimos 6 a\u00f1os se incremente en un 5% los \u00edndices de pobreza grave<\/strong>; o <strong>aument<\/strong><strong>e<\/strong><strong> un 23% el n\u00famero de personas derivadas por el consistorio al comedor social de C\u00e1ritas<\/strong>, por su imposibilidad de poder cubrir una comida diaria<strong>; o se acreciente el n\u00famero de personas sin hogar: <\/strong><strong>30 personas, el doble que hace 2 a\u00f1os.<\/strong><\/p>\n<p>En este sentido, <strong>cabe recordar que<\/strong> <strong>hace un mes<\/strong> <strong>falleci\u00f3 una persona de 60 a\u00f1os en un cajero<\/strong>.<strong> Siendo la tercera muerte de una persona sin hogar <\/strong>en las calles de Barakaldo<strong> en los \u00faltimos 4 a\u00f1os.<\/strong><\/p>\n<p><strong><u>Recortes en el Departamento de Acci\u00f3n Social<\/u><\/strong><\/p>\n<p>Esta realidad de pobreza no es producto de la casualidad. Es la consecuencia de los recortes aplicados a las ayudas econ\u00f3micas municipales a trav\u00e9s del \u201cDecreto de Alcald\u00eda\u201d que las regula:<\/p>\n<p>&#8211;<strong>Se reduce un tercio la ayuda para alquileres<\/strong>; en <strong>un 17% para gastos sanitarios<\/strong> no cubiertos por Osakidetza<strong>; y en un 10% para necesidades<\/strong> <strong>b\u00e1sicas<\/strong> como alimentaci\u00f3n, vestuario y educaci\u00f3n.<\/p>\n<p><strong>-Disminuci\u00f3n en un 9% de la asignaci\u00f3n para hacer frente a gastos hipotecarios.<\/strong><\/p>\n<p><strong>Por otro lado, se suprime el \u201cServicio de Urgencias Sociales\u201d; adem\u00e1s, de recortar las partidas destinadas a los servicios municipales.<\/strong> Provocando una evidente f<strong>alta de personal en las unidades de trabajo social de los barrios, las cuales est\u00e1n desbordadas: se concede cita con una demora de 2 meses.<\/strong><\/p>\n<p><img loading=\"lazy\" decoding=\"async\" class=\"aligncenter size-full wp-image-11837\" src=\"https:\/\/www.cgt-lkn.org\/bizkaia\/wp-content\/uploads\/sites\/21\/2015\/11\/berriotxoak.jpg\" alt=\"\" width=\"320\" height=\"57\" srcset=\"https:\/\/www.cgt-lkn.org\/bizkaia\/wp-content\/uploads\/sites\/21\/2015\/11\/berriotxoak.jpg 320w, https:\/\/www.cgt-lkn.org\/bizkaia\/wp-content\/uploads\/sites\/21\/2015\/11\/berriotxoak-300x53.jpg 300w, https:\/\/www.cgt-lkn.org\/bizkaia\/wp-content\/uploads\/sites\/21\/2015\/11\/berriotxoak-200x36.jpg 200w\" sizes=\"auto, (max-width: 320px) 100vw, 320px\" \/><\/p>\n","protected":false},"excerpt":{"rendered":"<div id=\"yiv0789937692yui_3_16_0_ym19_1_1546168035184_12375\" style=\"text-align: center;\" align=\"center\"><b id=\"yiv0789937692yui_3_16_0_ym19_1_1546168035184_12376\"><u id=\"yiv0789937692yui_3_16_0_ym19_1_1546168035184_12377\"><span id=\"yiv0789937692yui_3_16_0_ym19_1_1546168035184_12378\" lang=\"ES-TRAD\">Por unos servicios sociales dignos\u2026<\/span><\/u><\/b><\/div>\n<div id=\"yiv0789937692yui_3_16_0_ym19_1_1546168035184_12379\">\n<div id=\"yiv0789937692yui_3_16_0_ym19_1_1546168035184_12380\">\n<div id=\"yiv0789937692yui_3_16_0_ym19_1_1546168035184_12381\">\n<div id=\"yiv0789937692yui_3_16_0_ym19_1_1546168035184_12382\" style=\"text-align: justify;\"><span id=\"yiv0789937692yui_3_16_0_ym19_1_1546168035184_12383\" lang=\"ES-TRAD\">\u00a0<\/span><\/div>\n<div id=\"yiv0789937692yui_3_16_0_ym19_1_1546168035184_12384\" style=\"text-align: justify;\"><b id=\"yiv0789937692yui_3_16_0_ym19_1_1546168035184_12385\"><span id=\"yiv0789937692yui_3_16_0_ym19_1_1546168035184_12386\" lang=\"ES-TRAD\">\u25ba<\/span><span id=\"yiv0789937692yui_3_16_0_ym19_1_1546168035184_12387\" lang=\"ES-TRAD\">Denuncia ante el Departamento de Acci\u00f3n Social del incrementado en un 2\u20195% del n\u00famero de personas que han emigrado al extranjero en este a\u00f1o<\/span><\/b><span id=\"yiv0789937692yui_3_16_0_ym19_1_1546168035184_12388\" lang=\"ES-TRAD\">, seg\u00fan los \u00faltimos datos del Censo de Residentes Ausentes (CERA)<b id=\"yiv0789937692yui_3_16_0_ym19_1_1546168035184_12389\">.<\/b><\/span><\/div>\n<div id=\"yiv0789937692yui_3_16_0_ym19_1_1546168035184_12390\" style=\"text-align: justify;\"><b id=\"yiv0789937692yui_3_16_0_ym19_1_1546168035184_12391\"><span id=\"yiv0789937692yui_3_16_0_ym19_1_1546168035184_12392\" lang=\"ES-TRAD\">\u00a0<\/span><\/b><\/div>\n<div id=\"yiv0789937692yui_3_16_0_ym19_1_1546168035184_12393\" style=\"text-align: justify;\"><b id=\"yiv0789937692yui_3_16_0_ym19_1_1546168035184_12394\"><span id=\"yiv0789937692yui_3_16_0_ym19_1_1546168035184_12395\" lang=\"ES-TRAD\">\u2022<\/span><\/b><span id=\"yiv0789937692yui_3_16_0_ym19_1_1546168035184_12396\" lang=\"ES-TRAD\">En este sentido,<b id=\"yiv0789937692yui_3_16_0_ym19_1_1546168035184_12397\"> las personas de la localidad que han emigrado al extranjero ha alcanzado este a\u00f1o su mayor cifra en 17 a\u00f1os: en la actualidad son 2.318 las personas <\/b>las que han tenido que buscarse un futuro mejor lejos del municipio.<\/span><span id=\"yiv0789937692yui_3_16_0_ym19_1_1546168035184_12398\" lang=\"ES-TRAD\"><\/span><\/div>\n<div id=\"yiv0789937692yui_3_16_0_ym19_1_1546168035184_12399\" style=\"text-align: justify;\"><span id=\"yiv0789937692yui_3_16_0_ym19_1_1546168035184_12400\" lang=\"ES-TRAD\">\u00a0<\/span><\/div>\n<div id=\"yiv0789937692yui_3_16_0_ym19_1_1546168035184_12401\" style=\"text-align: center;\" align=\"center\"><b id=\"yiv0789937692yui_3_16_0_ym19_1_1546168035184_12402\"><u id=\"yiv0789937692yui_3_16_0_ym19_1_1546168035184_12403\"><span id=\"yiv0789937692yui_3_16_0_ym19_1_1546168035184_12404\" lang=\"ES-TRAD\">MURRIZKETARIK EZ!!!<\/span><\/u><\/b><\/div>\n<div id=\"yiv0789937692yui_3_16_0_ym19_1_1546168035184_12405\" style=\"text-align: justify;\"><b id=\"yiv0789937692yui_3_16_0_ym19_1_1546168035184_12406\"><u id=\"yiv0789937692yui_3_16_0_ym19_1_1546168035184_12407\"><span id=\"yiv0789937692yui_3_16_0_ym19_1_1546168035184_12408\" lang=\"ES-TRAD\"><span id=\"yiv0789937692yui_3_16_0_ym19_1_1546168035184_12409\">\u00a0<\/span><\/span><\/u><\/b><\/div>\n<div id=\"yiv0789937692yui_3_16_0_ym19_1_1546168035184_12411\" style=\"text-align: justify;\"><span id=\"yiv0789937692yui_3_16_0_ym19_1_1546168035184_12412\" lang=\"ES-TRAD\">\u25ba<\/span><span id=\"yiv0789937692yui_3_16_0_ym19_1_1546168035184_12413\" lang=\"ES-TRAD\">Esta situaci\u00f3n no es producto de la casualidad. <b id=\"yiv0789937692yui_3_16_0_ym19_1_1546168035184_12414\">Adem\u00e1s de suprimir el \u201cServicio de Urgencias Sociales\u201d<\/b>\u2026<\/span><\/div>\n<div id=\"yiv0789937692yui_3_16_0_ym19_1_1546168035184_12415\" style=\"text-align: justify;\"><span id=\"yiv0789937692yui_3_16_0_ym19_1_1546168035184_12416\" lang=\"ES-TRAD\">\u00a0<\/span><\/div>\n<div id=\"yiv0789937692yui_3_16_0_ym19_1_1546168035184_12417\" style=\"text-align: justify;\"><b id=\"yiv0789937692yui_3_16_0_ym19_1_1546168035184_12418\"><span id=\"yiv0789937692yui_3_16_0_ym19_1_1546168035184_12419\" lang=\"ES-TRAD\">\u2022El presupuesto destinado a las ayudas econ\u00f3micas municipales<\/span><\/b><span id=\"yiv0789937692yui_3_16_0_ym19_1_1546168035184_12420\" lang=\"ES-TRAD\"> <b id=\"yiv0789937692yui_3_16_0_ym19_1_1546168035184_12421\">lleva congelado 6 a\u00f1o<\/b>s<b id=\"yiv0789937692yui_3_16_0_ym19_1_1546168035184_12422\">;<\/b> siendo de 980.000 euros,<b id=\"yiv0789937692yui_3_16_0_ym19_1_1546168035184_12423\"> a repartir entre 1.300 familias. Lo que<\/b> ha <b id=\"yiv0789937692yui_3_16_0_ym19_1_1546168035184_12424\">conlleva<\/b>do aplicar este a\u00f1o <b id=\"yiv0789937692yui_3_16_0_ym19_1_1546168035184_12425\">innumerables recortes en las prestaciones destinadas a cubrir las necesidades b\u00e1sicas de las familias barakaldesas<\/b>: vivienda, alimentaci\u00f3n, atenci\u00f3n sanitaria, educaci\u00f3n e inserci\u00f3n o formaci\u00f3n laboral<b id=\"yiv0789937692yui_3_16_0_ym19_1_1546168035184_12426\">.<\/b><\/span><\/div>\n<\/div>\n<\/div>\n<\/div>\n","protected":false},"author":191,"featured_media":17369,"comment_status":"closed","ping_status":"closed","sticky":false,"template":"","format":"standard","meta":{"footnotes":"","_links_to":"","_links_to_target":""},"categories":[53,8],"tags":[],"class_list":["post-17524","post","type-post","status-publish","format-standard","has-post-thumbnail","hentry","category-ezkerraldea","category-movilizaciones"],"publishpress_future_action":{"enabled":false,"date":"2026-05-10 11:39:22","action":"change-status","newStatus":"draft","terms":[],"taxonomy":"category","extraData":[]},"publishpress_future_workflow_manual_trigger":{"enabledWorkflows":[]},"_links":{"self":[{"href":"https:\/\/www.cgt-lkn.org\/bizkaia\/wp-json\/wp\/v2\/posts\/17524","targetHints":{"allow":["GET"]}}],"collection":[{"href":"https:\/\/www.cgt-lkn.org\/bizkaia\/wp-json\/wp\/v2\/posts"}],"about":[{"href":"https:\/\/www.cgt-lkn.org\/bizkaia\/wp-json\/wp\/v2\/types\/post"}],"author":[{"embeddable":true,"href":"https:\/\/www.cgt-lkn.org\/bizkaia\/wp-json\/wp\/v2\/users\/191"}],"replies":[{"embeddable":true,"href":"https:\/\/www.cgt-lkn.org\/bizkaia\/wp-json\/wp\/v2\/comments?post=17524"}],"version-history":[{"count":2,"href":"https:\/\/www.cgt-lkn.org\/bizkaia\/wp-json\/wp\/v2\/posts\/17524\/revisions"}],"predecessor-version":[{"id":17526,"href":"https:\/\/www.cgt-lkn.org\/bizkaia\/wp-json\/wp\/v2\/posts\/17524\/revisions\/17526"}],"wp:featuredmedia":[{"embeddable":true,"href":"https:\/\/www.cgt-lkn.org\/bizkaia\/wp-json\/wp\/v2\/media\/17369"}],"wp:attachment":[{"href":"https:\/\/www.cgt-lkn.org\/bizkaia\/wp-json\/wp\/v2\/media?parent=17524"}],"wp:term":[{"taxonomy":"category","embeddable":true,"href":"https:\/\/www.cgt-lkn.org\/bizkaia\/wp-json\/wp\/v2\/categories?post=17524"},{"taxonomy":"post_tag","embeddable":true,"href":"https:\/\/www.cgt-lkn.org\/bizkaia\/wp-json\/wp\/v2\/tags?post=17524"}],"curies":[{"name":"wp","href":"https:\/\/api.w.org\/{rel}","templated":true}]}}