{"id":1692,"date":"2012-01-01T10:45:33","date_gmt":"2012-01-01T09:45:33","guid":{"rendered":"http:\/\/www.cgt-lkn.org\/bizkaia\/?p=1692"},"modified":"2019-02-08T08:13:18","modified_gmt":"2019-02-08T07:13:18","slug":"informe-de-cgt-accidentes-laborales-y-enfermedades-profesionales-2010-2","status":"publish","type":"post","link":"https:\/\/www.cgt-lkn.org\/bizkaia\/archivos\/1692","title":{"rendered":"Informe de CGT : Accidentes laborales y enfermedades profesionales 2010"},"content":{"rendered":"<p>Los datos referidos a Espa\u00f1a utilizados en este informe provienen de la Estad\u00edstica de accidentes de trabajo y enfermedades profesionales, del Ministerio de Trabajo e Inmigraci\u00f3n, as\u00ed como de la explotaci\u00f3n que de los mismos elabora el Instituto Nacional de Seguridad e Higiene en el Trabajo. Los datos se refieren al colectivo de trabajadores asalariados con cobertura de las contingencias de accidentes de trabajo y enfermedad profesional y a los trabajadores aut\u00f3nomos que han optado por la cotizaci\u00f3n de dichas contingencias. La interpretaci\u00f3n de las variaciones con respecto a otros a\u00f1os ha de realizarse con cautela, dado que los datos de 2009 y a\u00f1os anteriores son consolidados y por tanto definitivos, mientras que los correspondientes a 2010 son provisionales de avance debido a que, al cierre de la estad\u00edstica, no se han incorporado todos los accidentes y enfermedades profesionales en el periodo de referencia, al no haberse recepcionado por la autoridad laboral competente. Los datos referidos a la Uni\u00f3n Europea provienen de Eurostat.<\/p>\n<p>&lt;:info_portfolio:&gt;<\/p>\n<div>\n<h3>Documents joints<\/h3>\n<ul>\n<li>\n<div><a title=\"T\u00e9l\u00e9charger\" href=\"http:\/\/www.cgt.org.es\/IMG\/pdf\/Informe_Accidentes_de_Trabajo_2010.pdf\">Informe CGT Accidentes laborales y enfermedades profesionales 2010<\/a> (PDF &#8211; 1.7\u00a0Mo)<\/div>\n<\/li>\n<\/ul>\n<\/div>\n","protected":false},"excerpt":{"rendered":"<h4>Con este informe, elaborado por la Secretar\u00eda de Salud Laboral y el Gabinete de Estudios Confederal, analizamos la accidentabilidad y las enfermedades profesionales en el estado espa\u00f1ol en el 2010 y esperamos que nos sirva para nuestra intervenci\u00f3n sindical y social diaria, constante en la defensa de la SALUD laboral, social y medioambiental.<\/h4>\n","protected":false},"author":57,"featured_media":0,"comment_status":"open","ping_status":"closed","sticky":false,"template":"","format":"standard","meta":{"footnotes":"","_links_to":"","_links_to_target":""},"categories":[19],"tags":[],"class_list":["post-1692","post","type-post","status-publish","format-standard","hentry","category-salud-laboral"],"publishpress_future_action":{"enabled":false,"date":"2026-05-07 03:54:05","action":"change-status","newStatus":"draft","terms":[],"taxonomy":"category","extraData":[]},"publishpress_future_workflow_manual_trigger":{"enabledWorkflows":[]},"_links":{"self":[{"href":"https:\/\/www.cgt-lkn.org\/bizkaia\/wp-json\/wp\/v2\/posts\/1692","targetHints":{"allow":["GET"]}}],"collection":[{"href":"https:\/\/www.cgt-lkn.org\/bizkaia\/wp-json\/wp\/v2\/posts"}],"about":[{"href":"https:\/\/www.cgt-lkn.org\/bizkaia\/wp-json\/wp\/v2\/types\/post"}],"author":[{"embeddable":true,"href":"https:\/\/www.cgt-lkn.org\/bizkaia\/wp-json\/wp\/v2\/users\/57"}],"replies":[{"embeddable":true,"href":"https:\/\/www.cgt-lkn.org\/bizkaia\/wp-json\/wp\/v2\/comments?post=1692"}],"version-history":[{"count":1,"href":"https:\/\/www.cgt-lkn.org\/bizkaia\/wp-json\/wp\/v2\/posts\/1692\/revisions"}],"predecessor-version":[{"id":17774,"href":"https:\/\/www.cgt-lkn.org\/bizkaia\/wp-json\/wp\/v2\/posts\/1692\/revisions\/17774"}],"wp:attachment":[{"href":"https:\/\/www.cgt-lkn.org\/bizkaia\/wp-json\/wp\/v2\/media?parent=1692"}],"wp:term":[{"taxonomy":"category","embeddable":true,"href":"https:\/\/www.cgt-lkn.org\/bizkaia\/wp-json\/wp\/v2\/categories?post=1692"},{"taxonomy":"post_tag","embeddable":true,"href":"https:\/\/www.cgt-lkn.org\/bizkaia\/wp-json\/wp\/v2\/tags?post=1692"}],"curies":[{"name":"wp","href":"https:\/\/api.w.org\/{rel}","templated":true}]}}