{"id":16915,"date":"2018-04-05T11:04:42","date_gmt":"2018-04-05T10:04:42","guid":{"rendered":"http:\/\/www.cgt-lkn.org\/bizkaia\/?p=16915"},"modified":"2018-05-01T16:45:01","modified_gmt":"2018-05-01T15:45:01","slug":"concentracion-en-memoria-de-todas-las-mujeres-asesinadas-en-la-caza-de-brujas-del-sistema-capitalista-viernes-6-de-abril-1900-h-en-la-plaza-del-arriaga","status":"publish","type":"post","link":"https:\/\/www.cgt-lkn.org\/bizkaia\/archivos\/16915","title":{"rendered":"\u00abConcentraci\u00f3n en memoria de todas las mujeres asesinadas en la caza de brujas del sistema capitalista\u00bb: Viernes 6 de Abril, 18:30 h. en la plaza del Arriaga"},"content":{"rendered":"<p><span style=\"font-size: 16pt\"><a href=\"https:\/\/www.cgt-lkn.org\/bizkaia\/archivos\/16915\/img-20180405-wa0010\" rel=\"attachment wp-att-16924\"><img loading=\"lazy\" decoding=\"async\" class=\"alignleft wp-image-16924\" src=\"https:\/\/www.cgt-lkn.org\/bizkaia\/wp-content\/uploads\/sites\/21\/2018\/04\/IMG-20180405-WA0010.jpg\" alt=\"\" width=\"350\" height=\"495\" srcset=\"https:\/\/www.cgt-lkn.org\/bizkaia\/wp-content\/uploads\/sites\/21\/2018\/04\/IMG-20180405-WA0010.jpg 566w, https:\/\/www.cgt-lkn.org\/bizkaia\/wp-content\/uploads\/sites\/21\/2018\/04\/IMG-20180405-WA0010-212x300.jpg 212w, https:\/\/www.cgt-lkn.org\/bizkaia\/wp-content\/uploads\/sites\/21\/2018\/04\/IMG-20180405-WA0010-142x200.jpg 142w, https:\/\/www.cgt-lkn.org\/bizkaia\/wp-content\/uploads\/sites\/21\/2018\/04\/IMG-20180405-WA0010-400x565.jpg 400w\" sizes=\"auto, (max-width: 350px) 100vw, 350px\" \/><\/a>Recordamos a todas las mujeres asesinadas en la caza de brujas de este sistema capitalista. <\/span><\/p>\n<p><span style=\"font-size: 16pt\">Las noticias que nos han llegado desde M\u00e9jico, Brasil y Colombia, han sido las que nos han enfurecido estas \u00faltimas semanas: Marielle Franco, activista, feminista, negra y lesbiana, acribillada a tiros en Brasil hace tres semanas. <\/span><\/p>\n<p><span style=\"font-size: 16pt\">Mar\u00eda Guadalupe Hern\u00e1ndez, activista feminista y lesbiana, asesinada en M\u00e9jico. Mar\u00eda Magdalena Cruz Rojas, campesina, feminista y defensora de los derechos humanos, tiroteada en Colombia. <\/span><\/p>\n<p><span style=\"font-size: 16pt\">Y muchas m\u00e1s voces, muchas m\u00e1s vidas, silenciadas por luchar contra este\u00a0sistema heteropatriarcal, racista, clasista y colonial.\u00bb<\/span><\/p>\n<p style=\"text-align: center\"><span style=\"font-size: 20pt\"><strong>NO NOS PODEMOS CALLAR<\/strong><\/span><\/p>\n<p><span style=\"font-size: 20pt\">\u00a0<\/span><\/p>\n<p>&nbsp;<\/p>\n","protected":false},"excerpt":{"rendered":"<p style=\"text-align: justify\"><strong>Recordamos a todas las mujeres asesinadas en la caza de brujas de este sistema capitalista. <\/strong><\/p>\n<p style=\"text-align: justify\"><strong>Las noticias que nos han llegado desde M\u00e9jico, Brasil y Colombia, han sido las que nos han enfurecido estas \u00faltimas semanas: Marielle Franco, activista, feminista, negra y lesbiana, acribillada a tiros en Brasil hace tres semanas. <\/strong><\/p>\n<p style=\"text-align: justify\"><strong>Mar\u00eda Guadalupe Hern\u00e1ndez, activista feminista y lesbiana, asesinada en M\u00e9jico. Mar\u00eda Magdalena Cruz Rojas, campesina, feminista y defensora de los derechos humanos, tiroteada en Colombia. <\/strong><\/p>\n<p style=\"text-align: justify\"><strong>Y muchas m\u00e1s voces, muchas m\u00e1s vidas, silenciadas por luchar contra este\u00a0sistema heteropatriarcal, racista, clasista y colonial.<\/strong><\/p>\n<p style=\"text-align: justify\"><strong>\u00bb NO NOS PODEMOS CALLAR\u00bb<\/strong><\/p>\n<p><strong>\u00a0<\/strong><\/p>\n<p>&nbsp;<\/p>\n","protected":false},"author":20,"featured_media":16924,"comment_status":"closed","ping_status":"closed","sticky":false,"template":"","format":"standard","meta":{"footnotes":"","_links_to":"","_links_to_target":""},"categories":[16,45,98],"tags":[],"class_list":["post-16915","post","type-post","status-publish","format-standard","has-post-thumbnail","hentry","category-emakume-mujer","category-internacional","category-represion"],"publishpress_future_action":{"enabled":false,"date":"2026-05-08 14:39:26","action":"change-status","newStatus":"draft","terms":[],"taxonomy":"category","extraData":[]},"publishpress_future_workflow_manual_trigger":{"enabledWorkflows":[]},"_links":{"self":[{"href":"https:\/\/www.cgt-lkn.org\/bizkaia\/wp-json\/wp\/v2\/posts\/16915","targetHints":{"allow":["GET"]}}],"collection":[{"href":"https:\/\/www.cgt-lkn.org\/bizkaia\/wp-json\/wp\/v2\/posts"}],"about":[{"href":"https:\/\/www.cgt-lkn.org\/bizkaia\/wp-json\/wp\/v2\/types\/post"}],"author":[{"embeddable":true,"href":"https:\/\/www.cgt-lkn.org\/bizkaia\/wp-json\/wp\/v2\/users\/20"}],"replies":[{"embeddable":true,"href":"https:\/\/www.cgt-lkn.org\/bizkaia\/wp-json\/wp\/v2\/comments?post=16915"}],"version-history":[{"count":0,"href":"https:\/\/www.cgt-lkn.org\/bizkaia\/wp-json\/wp\/v2\/posts\/16915\/revisions"}],"wp:featuredmedia":[{"embeddable":true,"href":"https:\/\/www.cgt-lkn.org\/bizkaia\/wp-json\/wp\/v2\/media\/16924"}],"wp:attachment":[{"href":"https:\/\/www.cgt-lkn.org\/bizkaia\/wp-json\/wp\/v2\/media?parent=16915"}],"wp:term":[{"taxonomy":"category","embeddable":true,"href":"https:\/\/www.cgt-lkn.org\/bizkaia\/wp-json\/wp\/v2\/categories?post=16915"},{"taxonomy":"post_tag","embeddable":true,"href":"https:\/\/www.cgt-lkn.org\/bizkaia\/wp-json\/wp\/v2\/tags?post=16915"}],"curies":[{"name":"wp","href":"https:\/\/api.w.org\/{rel}","templated":true}]}}