{"id":16884,"date":"2018-03-22T22:03:35","date_gmt":"2018-03-22T21:03:35","guid":{"rendered":"http:\/\/www.cgt-lkn.org\/bizkaia\/?p=16884"},"modified":"2018-05-01T16:45:01","modified_gmt":"2018-05-01T15:45:01","slug":"video-el-sector-de-oficinas-y-despachos-de-bizkaia-se-manifiesta-por-un-convenio-digno-anunciando-las-huelgas-del-25-y-26-de-abril","status":"publish","type":"post","link":"https:\/\/www.cgt-lkn.org\/bizkaia\/archivos\/16884","title":{"rendered":"(V\u00eddeo) El sector de oficinas y despachos de Bizkaia se manifiesta por un convenio digno, anunciando las huelgas del 25 y 26 de Abril"},"content":{"rendered":"<p style=\"text-align: center\">[wpdevart_youtube]ZK5BB9Dc1zs[\/wpdevart_youtube]<\/p>\n<p><strong>\u00abSI NO HAY CONVENIO QUE TRABAJEN ELLOS\u00bb<\/strong>, ha sido la consigna m\u00e1s coreada de una manifestaci\u00f3n\/procesi\u00f3n, convocada por todos los sindicatos del sector entre los que se encuentra CGT y secundada por varios cientos de personas, que esta tarde han partido desde la plaza Moyua hasta la plaza del Arriaga por la gran v\u00eda Bilbaina.<\/p>\n<p>Al final de la manifestaci\u00f3n se ha le\u00eddo un comunicado y se ha anunciado la instalaci\u00f3n en la misma plaza del Arriaga, de un <strong>BULEGUNE; un espacio de encuentro de las personas trabajan en el sector<\/strong>, de empresas y sectores sociales en lucha, como Feministas y Pensionistas, sindicatos y colectivos sociales, a partir del d\u00eda 9 de Abril hasta el 25 de Abril.<\/p>\n<p>Las negociaciones de este convenio, <strong>con congelaci\u00f3n salarial desde hace 5 a\u00f1os, tras 15 reuniones se encuentran pr\u00e1cticamente paralizadas<\/strong> por la intransigencia y chantaje de la patronal CEBEK al condicionar la firma del convenio que afecta en Bizkaia a unas 20.000 personas a que se limite o elimine la garant\u00eda m\u00ednima y la antig\u00fcedad.<\/p>\n","protected":false},"excerpt":{"rendered":"<p style=\"text-align: justify\"><strong>\u00abSI NO HAY CONVENIO QUE TRABAJEN ELLOS\u00bb<\/strong>, ha sido la consigna m\u00e1s coreada de una manifestaci\u00f3n\/procesi\u00f3n, convocada por todos los sindicatos del sector entre los que se encuentra CGT y secundada por varios cientos de personas, que esta tarde han partido desde la plaza Moyua hasta la plaza del Arriaga por la gran v\u00eda Bilbaina.<\/p>\n<p style=\"text-align: justify\">Al final de la manifestaci\u00f3n se ha le\u00eddo un comunicado y se ha anunciado la instalaci\u00f3n en la misma plaza del Arriaga, de un <strong>BULEGUNE; un espacio de encuentro de las personas trabajan en el sector<\/strong>, de empresas y sectores sociales en lucha, como Feministas y Pensionistas, sindicatos y colectivos sociales, a partir del d\u00eda 9 de Abril hasta el 25 de Abril.<\/p>\n<p style=\"text-align: justify\">Las negociaciones de este convenio, <strong>con congelaci\u00f3n salarial desde hace 5 a\u00f1os, tras 15 reuniones se encuentran pr\u00e1cticamente paralizadas<\/strong> por la intransigencia y chantaje de la patronal CEBEK al condicionar la firma del convenio que afecta en Bizkaia a unas 20.000 personas a que se limite o elimine la garant\u00eda m\u00ednima y la antig\u00fcedad.<\/p>\n","protected":false},"author":12,"featured_media":16885,"comment_status":"closed","ping_status":"closed","sticky":false,"template":"","format":"standard","meta":{"footnotes":"","_links_to":"","_links_to_target":""},"categories":[37,46,8],"tags":[],"class_list":["post-16884","post","type-post","status-publish","format-standard","has-post-thumbnail","hentry","category-convenios","category-laboral","category-movilizaciones"],"publishpress_future_action":{"enabled":false,"date":"2026-05-08 23:52:06","action":"change-status","newStatus":"draft","terms":[],"taxonomy":"category","extraData":[]},"publishpress_future_workflow_manual_trigger":{"enabledWorkflows":[]},"_links":{"self":[{"href":"https:\/\/www.cgt-lkn.org\/bizkaia\/wp-json\/wp\/v2\/posts\/16884","targetHints":{"allow":["GET"]}}],"collection":[{"href":"https:\/\/www.cgt-lkn.org\/bizkaia\/wp-json\/wp\/v2\/posts"}],"about":[{"href":"https:\/\/www.cgt-lkn.org\/bizkaia\/wp-json\/wp\/v2\/types\/post"}],"author":[{"embeddable":true,"href":"https:\/\/www.cgt-lkn.org\/bizkaia\/wp-json\/wp\/v2\/users\/12"}],"replies":[{"embeddable":true,"href":"https:\/\/www.cgt-lkn.org\/bizkaia\/wp-json\/wp\/v2\/comments?post=16884"}],"version-history":[{"count":0,"href":"https:\/\/www.cgt-lkn.org\/bizkaia\/wp-json\/wp\/v2\/posts\/16884\/revisions"}],"wp:featuredmedia":[{"embeddable":true,"href":"https:\/\/www.cgt-lkn.org\/bizkaia\/wp-json\/wp\/v2\/media\/16885"}],"wp:attachment":[{"href":"https:\/\/www.cgt-lkn.org\/bizkaia\/wp-json\/wp\/v2\/media?parent=16884"}],"wp:term":[{"taxonomy":"category","embeddable":true,"href":"https:\/\/www.cgt-lkn.org\/bizkaia\/wp-json\/wp\/v2\/categories?post=16884"},{"taxonomy":"post_tag","embeddable":true,"href":"https:\/\/www.cgt-lkn.org\/bizkaia\/wp-json\/wp\/v2\/tags?post=16884"}],"curies":[{"name":"wp","href":"https:\/\/api.w.org\/{rel}","templated":true}]}}