{"id":16687,"date":"2018-02-25T12:32:09","date_gmt":"2018-02-25T11:32:09","guid":{"rendered":"http:\/\/www.cgt-lkn.org\/bizkaia\/?p=16687"},"modified":"2018-05-01T16:45:03","modified_gmt":"2018-05-01T15:45:03","slug":"de-raperos-libros-y-obras-de-arte-por-carlos-taibo","status":"publish","type":"post","link":"https:\/\/www.cgt-lkn.org\/bizkaia\/archivos\/16687","title":{"rendered":"De raperos, libros y obras de arte (Por Carlos Taibo)"},"content":{"rendered":"<p><a href=\"https:\/\/www.cgt-lkn.org\/bizkaia\/archivos\/16687\/carlos_taibo_arias-300x196\" rel=\"attachment wp-att-16688\"><img loading=\"lazy\" decoding=\"async\" class=\"alignleft wp-image-16688\" src=\"https:\/\/www.cgt-lkn.org\/bizkaia\/wp-content\/uploads\/sites\/21\/2018\/02\/Carlos_Taibo_Arias-300x196.jpg\" alt=\"\" width=\"350\" height=\"229\" srcset=\"https:\/\/www.cgt-lkn.org\/bizkaia\/wp-content\/uploads\/sites\/21\/2018\/02\/Carlos_Taibo_Arias-300x196.jpg 300w, https:\/\/www.cgt-lkn.org\/bizkaia\/wp-content\/uploads\/sites\/21\/2018\/02\/Carlos_Taibo_Arias-300x196-250x163.jpg 250w\" sizes=\"auto, (max-width: 350px) 100vw, 350px\" \/><\/a>Merece una reflexi\u00f3n lo de los \u00faltimos d\u00edas -raperos condenados, libros secuestrados, obras de arte retiradas-, lo de los \u00faltimos meses -la represi\u00f3n en Catalu\u00f1a- y lo de los \u00faltimos a\u00f1os -las reiteradas detenciones de libertarios e independentistas-.<\/p>\n<p>Voy a partir de la presunci\u00f3n -de la certeza, por mejor decirlo- de que la represi\u00f3n m\u00e1s eficiente no es la que se revela a trav\u00e9s de realidades como las rese\u00f1adas. Es, antes bien, la que cobra cuerpo, a menudo sibilinamente, en los centros de trabajo, en las escuelas y en las manipulaciones abyectas a las que se entregan los medios de incomunicaci\u00f3n. La eficiencia de esa represi\u00f3n corre en paralelo con el hecho de que sus efectos se instalan indeleblemente en nuestras cabezas e impiden que tomemos conciencia de d\u00f3nde estamos y a qui\u00e9nes servimos.<\/p>\n<p>De siempre he pensado que esa farsa que es la seudodemocracia liberal se serv\u00eda inteligentemente de lo anterior, de tal suerte que las m\u00e1s de las veces no precisaba recurrir a formas de represi\u00f3n m\u00e1s duras, m\u00e1s evidentes y, acaso por ello, menos lucrativas. A la luz de lo que ocurre en estos tiempos, uno est\u00e1 invitado a recelar, sin embargo, de esa conclusi\u00f3n y a proponer al respecto, como poco, dos explicaciones diferentes.<\/p>\n<p>Mientras la primera sugiere que, pese a todo, quienes nos gobiernan y oprimen, en todos los \u00f3rdenes de la vida, estiman que el tinglado que han montado es mucho m\u00e1s fr\u00e1gil de lo que pudiera parecer, la segunda anota que les puede el espasmo represivo que ha alimentado de siempre sus proyectos -cu\u00e1ntos de ellos no proceder\u00e1n del fascismo m\u00e1s herrumbroso-, y ello hasta el extremo de nublar la conciencia de lo que conviene a sus intereses. Hay que agradecer, eso s\u00ed, que sean tan francos y rotundos en su acci\u00f3n, y que ni siquiera se molesten en ocultar, en paralelo, lo generosos que son con los suyos, y en particular con los que han sucumbido, de nuevo sin disimulo, al juego de la corrupci\u00f3n.<\/p>\n<p>Aunque la represi\u00f3n de estas horas genera un visible sufrimiento -no pod\u00eda ser de otra forma- en sus v\u00edctimas inmediatas, parece razonable aducir que en su articulaci\u00f3n los elementos simb\u00f3licos son tanto o m\u00e1s importantes: constituyen un aviso de lo que nos espera si nos empe\u00f1amos en repetir que el rey est\u00e1 desnudo. De lo contrario ser\u00eda dif\u00edcil explicar por qu\u00e9 se empe\u00f1an en condenar a galeras a un rapero y poco les preocupa, en cambio, que en las redes sociales se reproduzca una y otra vez la letra de la canci\u00f3n que provoca la condena.<\/p>\n<p>En m\u00e1s de una ocasi\u00f3n he se\u00f1alado que un indicador, desgraciado, de que, tambi\u00e9n en esto, los opresores se est\u00e1n saliendo con la suya es el hecho de que tantas gentes que protestan contra la represi\u00f3n bien se cuiden, antes, de explicarnos que no simpatizan con lo que dicen raperos y titiriteros. Otro lo aporta, sin fisuras, un pat\u00e9tico partido socialista que no duda en buscar acomodo en el fascismo de baja intensidad que despunta por doquier. No falta, en fin, el temerario silencio de tantos intelectuales y artistas decididos a sortear las causas molestas. Menos mal que nos queda la UE, que, con sus constantes admoniciones contra nuestros gobernantes, es hoy por hoy la \u00faltima trinchera de resistencia frente a la barbarie. A nadie se le escapa.<\/p>\n<p>http:\/\/kaosenlared.net\/de-raperos-libros-y-obras-de-arte\/<\/p>\n","protected":false},"excerpt":{"rendered":"<p style=\"text-align: justify\">Merece una reflexi\u00f3n lo de los \u00faltimos d\u00edas -raperos condenados, libros secuestrados, obras de arte retiradas-, lo de los \u00faltimos meses -la represi\u00f3n en Catalu\u00f1a- y lo de los \u00faltimos a\u00f1os -las reiteradas detenciones de libertarios e independentistas-.<\/p>\n<p style=\"text-align: justify\">Voy a partir de la presunci\u00f3n -de la certeza, por mejor decirlo- de que la represi\u00f3n m\u00e1s eficiente no es la que se revela a trav\u00e9s de realidades como las rese\u00f1adas. Es, antes bien, la que cobra cuerpo, a menudo sibilinamente, en los centros de trabajo, en las escuelas y en las manipulaciones abyectas a las que se entregan los medios de incomunicaci\u00f3n. La eficiencia de esa represi\u00f3n corre en paralelo con el hecho de que sus efectos se instalan indeleblemente en nuestras cabezas e impiden que tomemos conciencia de d\u00f3nde estamos y a qui\u00e9nes servimos.<\/p>\n","protected":false},"author":191,"featured_media":16688,"comment_status":"closed","ping_status":"closed","sticky":false,"template":"","format":"standard","meta":{"footnotes":"","_links_to":"","_links_to_target":""},"categories":[26,117],"tags":[],"class_list":["post-16687","post","type-post","status-publish","format-standard","has-post-thumbnail","hentry","category-opinion","category-politica"],"publishpress_future_action":{"enabled":false,"date":"2026-05-09 07:03:21","action":"change-status","newStatus":"draft","terms":[],"taxonomy":"category","extraData":[]},"publishpress_future_workflow_manual_trigger":{"enabledWorkflows":[]},"_links":{"self":[{"href":"https:\/\/www.cgt-lkn.org\/bizkaia\/wp-json\/wp\/v2\/posts\/16687","targetHints":{"allow":["GET"]}}],"collection":[{"href":"https:\/\/www.cgt-lkn.org\/bizkaia\/wp-json\/wp\/v2\/posts"}],"about":[{"href":"https:\/\/www.cgt-lkn.org\/bizkaia\/wp-json\/wp\/v2\/types\/post"}],"author":[{"embeddable":true,"href":"https:\/\/www.cgt-lkn.org\/bizkaia\/wp-json\/wp\/v2\/users\/191"}],"replies":[{"embeddable":true,"href":"https:\/\/www.cgt-lkn.org\/bizkaia\/wp-json\/wp\/v2\/comments?post=16687"}],"version-history":[{"count":0,"href":"https:\/\/www.cgt-lkn.org\/bizkaia\/wp-json\/wp\/v2\/posts\/16687\/revisions"}],"wp:featuredmedia":[{"embeddable":true,"href":"https:\/\/www.cgt-lkn.org\/bizkaia\/wp-json\/wp\/v2\/media\/16688"}],"wp:attachment":[{"href":"https:\/\/www.cgt-lkn.org\/bizkaia\/wp-json\/wp\/v2\/media?parent=16687"}],"wp:term":[{"taxonomy":"category","embeddable":true,"href":"https:\/\/www.cgt-lkn.org\/bizkaia\/wp-json\/wp\/v2\/categories?post=16687"},{"taxonomy":"post_tag","embeddable":true,"href":"https:\/\/www.cgt-lkn.org\/bizkaia\/wp-json\/wp\/v2\/tags?post=16687"}],"curies":[{"name":"wp","href":"https:\/\/api.w.org\/{rel}","templated":true}]}}