{"id":16160,"date":"2017-10-19T22:06:00","date_gmt":"2017-10-19T21:06:00","guid":{"rendered":"http:\/\/www.cgt-lkn.org\/bizkaia\/?p=16160"},"modified":"2018-05-01T16:45:08","modified_gmt":"2018-05-01T15:45:08","slug":"ekologia-sozialaren-ii-nazioarteko-topaketa-ii-encuentros-ecologia-social","status":"publish","type":"post","link":"https:\/\/www.cgt-lkn.org\/bizkaia\/archivos\/16160","title":{"rendered":"Ekologia Sozialaren II Nazioarteko Topaketa &#8211; II Encuentros Ecolog\u00eda Social"},"content":{"rendered":"<p>Para m\u00e1s informaci\u00f3n, visita la web que hemos creado para estos encuentros:<\/p>\n<p style=\"text-align: center\"><strong><span style=\"font-size: 14pt\"><a href=\"http:\/\/www.ecologia-social.net\">II Encuentros sobre ecolog\u00eda social y<br \/>\nmunicipalismo libertario &#8211; Bilbao 2017<\/a><\/span><\/p>\n<p>Ekologia Sozialaren II Nazioarteko Topaketa<\/strong><\/p>\n<p><strong>Ezin da jadanik dudarik egin. Kapitalismoa suntsitzen ari da bere neurrira moldatu duen gizartea eta honi aterpea damaion natura. Ez adituek ere aurreikus dezakete kapitalismo horren kolapsoa nonahi datozen urteetan, bere logika produktibista dela eta. Baita apurka agortuz doazen lehengaiek eta energia iturriek iragarri egiten digutelako. Estatua, gehiengoak uste duenaren aurka, kapitalismoak daukan tresna nagusia da hedatu ahal izateko eta logikaz dakarren klasearteko borroka ahal den gehien murriztuko badu. Kolapsoarekin, gehiago kostako zaio Estatuari \u2018ongizate-estatuaren azenarioa\u2019 mantentzea bere \u2019oinezkoen alderdietan\u2019, geroni bizitzea egokitu zaigunekoetan alegia eta, ondorioz, indar errepresiboa eta hertsadura mekanismoak areagotu beharko ditu.<\/strong><\/p>\n<p><strong>Ekologia Sozialaren II Nazioarteko Topaketa honek eremu berri bat zabaldu nahi du, gero eta handiagoa, analisi eta ausnarketa emankorretarako aproposa, esperientzia konkretuek sorraraziak hori bai, nahiz historikoak nahiz gaur egungoak, nahiz hurbilak nahiz urrunagoak. Helburua dugu paradigma politiko emanzipatzaile berri bat zimendatzea eta abiaraztea eta, honekin batera, ekintzarako bide ukigarriak, sinesgarriak eta kontsentsua gauzatzeko benetan gai direnak.<\/strong><\/p>\n<p align=\"JUSTIFY\">\u2014<\/p>\n<p align=\"JUSTIFY\"><strong>\u00a0 \u00a0Hoy en d\u00eda no cabe duda de que el capitalismo arrasa tanto con la sociedad que ha forjado a su medida como con la naturaleza que la cobija. No se necesita ser un\/a expertx para prever que en los a\u00f1os venideros acabar\u00e1 en un colapso generalizado de ese capitalismo por su propia l\u00f3gica productivista y por el progresivo agotamiento de la energ\u00eda y de las materias primas. El Estado, contrariamente a la creencia generalmente asumida, es la herramienta clave del Capitalismo para su expansi\u00f3n y para reducir al m\u00e1ximo la lucha de clases que por l\u00f3gica acarrea. Con el colapso, se ver\u00e1 limitado para mantener la \u201czanahoria\u201d del \u201cestado de bienestar\u201d de sus zonas \u201cpeatonales\u201d en las que nos ha tocado vivir, por lo que tendr\u00e1 que incrementar la violencia de su fuerza represiva y sus mecanismos de coerci\u00f3n.<\/strong><\/p>\n<p align=\"JUSTIFY\"><strong>\u00a0\u00a0 El II\u00ba Encuentro Internacional sobre la Ecolog\u00eda Social tiene por objetivo crear un espacio cada vez mayor, de an\u00e1lisis y reflexiones fecundas. Unas reflexiones alimentadas por experiencias concretas, tanto hist\u00f3ricas como actuales, cercanas o m\u00e1s alejadas, siendo el prop\u00f3sito fundar y proyectar un nuevo paradigma pol\u00edtico emancipador y unas l\u00edneas de acci\u00f3n cre\u00edbles y tangibles con capacidad de consenso.<\/p>\n<p><span style=\"background-color: #ffffff\"> Para m\u00e1s info, haz click en la imagen:<\/span><br \/>\n<a href=\"http:\/\/www.ecologia-social.net\"><img loading=\"lazy\" decoding=\"async\" class=\"wp-image-16162 aligncenter\" src=\"https:\/\/www.cgt-lkn.org\/bizkaia\/wp-content\/uploads\/sites\/21\/2017\/10\/recorte--195x300.jpg\" alt=\"\" width=\"219\" height=\"337\" srcset=\"https:\/\/www.cgt-lkn.org\/bizkaia\/wp-content\/uploads\/sites\/21\/2017\/10\/recorte--195x300.jpg 195w, https:\/\/www.cgt-lkn.org\/bizkaia\/wp-content\/uploads\/sites\/21\/2017\/10\/recorte--163x250.jpg 163w, https:\/\/www.cgt-lkn.org\/bizkaia\/wp-content\/uploads\/sites\/21\/2017\/10\/recorte--400x615.jpg 400w, https:\/\/www.cgt-lkn.org\/bizkaia\/wp-content\/uploads\/sites\/21\/2017\/10\/recorte-.jpg 520w\" sizes=\"auto, (max-width: 219px) 100vw, 219px\" \/><\/a><br \/>\n<\/strong><\/p>\n","protected":false},"excerpt":{"rendered":"<p>Para m\u00e1s informaci\u00f3n, visita la web que hemos creado para estos encuentros: II Encuentros sobre ecolog\u00eda social y municipalismo libertario<\/p>\n","protected":false},"author":135,"featured_media":16161,"comment_status":"closed","ping_status":"closed","sticky":false,"template":"","format":"standard","meta":{"footnotes":"","_links_to":"","_links_to_target":""},"categories":[126,56,5,78,83,110,135,15],"tags":[],"class_list":["post-16160","post","type-post","status-publish","format-standard","has-post-thumbnail","hentry","category-debates","category-decrecimiento","category-ecologia","category-educacion","category-militancia","category-movimiento-libertario","category-municipalismo-libertario","category-social"],"publishpress_future_action":{"enabled":false,"date":"2026-05-07 23:33:05","action":"change-status","newStatus":"draft","terms":[],"taxonomy":"category","extraData":[]},"publishpress_future_workflow_manual_trigger":{"enabledWorkflows":[]},"_links":{"self":[{"href":"https:\/\/www.cgt-lkn.org\/bizkaia\/wp-json\/wp\/v2\/posts\/16160","targetHints":{"allow":["GET"]}}],"collection":[{"href":"https:\/\/www.cgt-lkn.org\/bizkaia\/wp-json\/wp\/v2\/posts"}],"about":[{"href":"https:\/\/www.cgt-lkn.org\/bizkaia\/wp-json\/wp\/v2\/types\/post"}],"author":[{"embeddable":true,"href":"https:\/\/www.cgt-lkn.org\/bizkaia\/wp-json\/wp\/v2\/users\/135"}],"replies":[{"embeddable":true,"href":"https:\/\/www.cgt-lkn.org\/bizkaia\/wp-json\/wp\/v2\/comments?post=16160"}],"version-history":[{"count":0,"href":"https:\/\/www.cgt-lkn.org\/bizkaia\/wp-json\/wp\/v2\/posts\/16160\/revisions"}],"wp:featuredmedia":[{"embeddable":true,"href":"https:\/\/www.cgt-lkn.org\/bizkaia\/wp-json\/wp\/v2\/media\/16161"}],"wp:attachment":[{"href":"https:\/\/www.cgt-lkn.org\/bizkaia\/wp-json\/wp\/v2\/media?parent=16160"}],"wp:term":[{"taxonomy":"category","embeddable":true,"href":"https:\/\/www.cgt-lkn.org\/bizkaia\/wp-json\/wp\/v2\/categories?post=16160"},{"taxonomy":"post_tag","embeddable":true,"href":"https:\/\/www.cgt-lkn.org\/bizkaia\/wp-json\/wp\/v2\/tags?post=16160"}],"curies":[{"name":"wp","href":"https:\/\/api.w.org\/{rel}","templated":true}]}}