{"id":15939,"date":"2017-08-11T10:06:28","date_gmt":"2017-08-11T09:06:28","guid":{"rendered":"http:\/\/www.cgt-lkn.org\/bizkaia\/?p=15939"},"modified":"2018-05-01T16:45:10","modified_gmt":"2018-05-01T15:45:10","slug":"cambio-climatico-mucho-mas-que-caloret-articulo-de-opinion-de-antonio-perez-collado","status":"publish","type":"post","link":"https:\/\/www.cgt-lkn.org\/bizkaia\/archivos\/15939","title":{"rendered":"Cambio clim\u00e1tico: mucho m\u00e1s que \u00abcaloret\u00bb (Art\u00edculo de opini\u00f3n de Antonio P\u00e9rez Collado)"},"content":{"rendered":"<p><a href=\"https:\/\/www.cgt-lkn.org\/bizkaia\/archivos\/15939\/untitled-3\" rel=\"attachment wp-att-15940\"><img loading=\"lazy\" decoding=\"async\" class=\"alignleft wp-image-15940\" src=\"https:\/\/www.cgt-lkn.org\/bizkaia\/wp-content\/uploads\/sites\/21\/2017\/08\/untitled-2.png\" alt=\"\" width=\"350\" height=\"194\" srcset=\"https:\/\/www.cgt-lkn.org\/bizkaia\/wp-content\/uploads\/sites\/21\/2017\/08\/untitled-2.png 301w, https:\/\/www.cgt-lkn.org\/bizkaia\/wp-content\/uploads\/sites\/21\/2017\/08\/untitled-2-300x166.png 300w, https:\/\/www.cgt-lkn.org\/bizkaia\/wp-content\/uploads\/sites\/21\/2017\/08\/untitled-2-250x139.png 250w\" sizes=\"auto, (max-width: 350px) 100vw, 350px\" \/><\/a>Que en verano haga calor y que este llamado buen tiempo (al menos por los ba\u00f1istas playeros que son entrevistados en la tele) sea materia de conversaci\u00f3n en ascensores y barras de bar parece de lo m\u00e1s l\u00f3gico. Es un fen\u00f3meno que afecta a hombres y mujeres, j\u00f3venes y mayores, pobres y ricos; a \u00e9stos menos, porque tienen aire acondicionado en la oficina, el cochazo y el palacete.<\/p>\n<p>Lo cierto es que en los \u00faltimos a\u00f1os las altas temperaturas estivales empiezan a despertar alg\u00fan tipo de inquietud entre el personal, que sin prestar mucha atenci\u00f3n a los ecologistas y cient\u00edficos que alertan sobre los peligros del indiscutible cambio clim\u00e1tico, s\u00ed que experimentan en sus carnes achicharradas las consecuencias de algo m\u00e1s que el cl\u00e1sico calorcito (o \u00abcaloret\u00bb, que dir\u00eda la inolvidable y casi eterna alcaldesa de Val\u00e8ncia) tradicional y hasta campechano.<\/p>\n<p>Negar que el planeta se est\u00e9 calentando por encima de nuestras posibilidades es algo que s\u00f3lo se les puede ocurrir a Donald Trump y al primo meteor\u00f3logo de Rajoy.<\/p>\n<p>Pero a pesar de los registros estad\u00edsticos y las consecuencias que ya estamos padeciendo (plagas y enfermedades producidas o facilitadas por la mayor radiaci\u00f3n solar), proceso galopante de desertizaci\u00f3n (a un ritmo de 7 km. por a\u00f1o), deshielo visible y medible en los polos y glaciares, temibles incendios forestales, inundaciones crecientes y otros fen\u00f3menos naturales, aunque no tanto si miramos las estad\u00edsticas que nos dicen que ahora son m\u00e1s frecuentes y de m\u00e1s intensidad; ignorando esas pruebas tan alarmantes, los dirigentes mundiales (los que mandan de verdad desde sus bancos, sus empresas y sus medios de control) no tienen voluntad alguna de tomar medidas eficaces para detener, o al menos desacelerar, este proceso suicida en el que han embarcado a la humanidad y a otras muchas especies vivas.<\/p>\n<p>Los resultados de las costosas y rutilantes cumbres sobre el cambio clim\u00e1tico no han pasado, hasta ahora, de declaraciones solemnes y acuerdos a muy largo plazo (dada la gravedad e inmediatez de la cat\u00e1strofe anunciada).<\/p>\n<p>Y es que las grandes potencias econ\u00f3micas e industriales se resisten a disminuir dr\u00e1sticamente sus emisiones de gases y su ritmo de consumo, mientras que las emergentes tampoco quieren sacrificar su carrera hacia el modelo occidental. Los pa\u00edses m\u00e1s pobres ni cuentan: a ellos ir\u00e1n destinadas las actividades m\u00e1s contaminantes y los residuos altamente peligrosos.<\/p>\n<p>Si tenemos en cuenta los desprendimientos de grandes iceberg en ambos polos y los numerosos puntos del planeta que este verano est\u00e1n superando los 40\u00ba, hemos de concluir que no se puede hablar de implantar para 2025 (o m\u00e1s tarde) las medidas que se tendr\u00edan que haber aplicado en 2015 (o antes).<\/p>\n<p>Reducir el transporte a\u00e9reo y mar\u00edtimo, los autom\u00f3viles privados, el uso de pesticidas y pl\u00e1sticos, acabar con los vertidos t\u00f3xicos en r\u00edos y mares, proteger selvas, bosques y costas\u2026 siempre que al mismo tiempo se impulsen la agricultura ecol\u00f3gica y de proximidad, los transportes colectivos y limpios, el reciclaje y el consumo responsable, las energ\u00edas renovables y la recuperaci\u00f3n racional de los territorios abandonados por el \u00e9xodo hacia las grandes ciudades, etc. nos ofrecer\u00eda la \u00fanica oportunidad de salvar un mundo habitable que nos dejaron nuestros padres y que -si no cambiamos radicalmente, de ra\u00edz- no vamos a poder traspasar a quienes nos sucedan.<\/p>\n<p>Antonio P\u00e9rez Collado<\/p>\n<p>&nbsp;<\/p>\n<p>&nbsp;<\/p>\n","protected":false},"excerpt":{"rendered":"<p style=\"text-align: justify\">Que en verano haga calor y que este llamado buen tiempo (al menos por los ba\u00f1istas playeros que son entrevistados en la tele) sea materia de conversaci\u00f3n en ascensores y barras de bar parece de lo m\u00e1s l\u00f3gico. Es un fen\u00f3meno que afecta a hombres y mujeres, j\u00f3venes y mayores, pobres y ricos; a \u00e9stos menos, porque tienen aire acondicionado en la oficina, el cochazo y el palacete.<\/p>\n<p>Lo cierto es que en los \u00faltimos a\u00f1os las altas temperaturas estivales empiezan a despertar alg\u00fan tipo de inquietud entre el personal, que sin prestar mucha atenci\u00f3n a los ecologistas y cient\u00edficos que alertan sobre los peligros del indiscutible cambio clim\u00e1tico, s\u00ed que experimentan en sus carnes achicharradas las consecuencias de algo m\u00e1s que el cl\u00e1sico calorcito (o \u00abcaloret\u00bb, que dir\u00eda la inolvidable y casi eterna alcaldesa de Val\u00e8ncia) tradicional y hasta campechano.<\/p>\n","protected":false},"author":191,"featured_media":15940,"comment_status":"closed","ping_status":"closed","sticky":false,"template":"","format":"standard","meta":{"footnotes":"","_links_to":"","_links_to_target":""},"categories":[5],"tags":[],"class_list":["post-15939","post","type-post","status-publish","format-standard","has-post-thumbnail","hentry","category-ecologia"],"publishpress_future_action":{"enabled":false,"date":"2026-05-09 08:36:19","action":"change-status","newStatus":"draft","terms":[],"taxonomy":"category","extraData":[]},"publishpress_future_workflow_manual_trigger":{"enabledWorkflows":[]},"_links":{"self":[{"href":"https:\/\/www.cgt-lkn.org\/bizkaia\/wp-json\/wp\/v2\/posts\/15939","targetHints":{"allow":["GET"]}}],"collection":[{"href":"https:\/\/www.cgt-lkn.org\/bizkaia\/wp-json\/wp\/v2\/posts"}],"about":[{"href":"https:\/\/www.cgt-lkn.org\/bizkaia\/wp-json\/wp\/v2\/types\/post"}],"author":[{"embeddable":true,"href":"https:\/\/www.cgt-lkn.org\/bizkaia\/wp-json\/wp\/v2\/users\/191"}],"replies":[{"embeddable":true,"href":"https:\/\/www.cgt-lkn.org\/bizkaia\/wp-json\/wp\/v2\/comments?post=15939"}],"version-history":[{"count":0,"href":"https:\/\/www.cgt-lkn.org\/bizkaia\/wp-json\/wp\/v2\/posts\/15939\/revisions"}],"wp:featuredmedia":[{"embeddable":true,"href":"https:\/\/www.cgt-lkn.org\/bizkaia\/wp-json\/wp\/v2\/media\/15940"}],"wp:attachment":[{"href":"https:\/\/www.cgt-lkn.org\/bizkaia\/wp-json\/wp\/v2\/media?parent=15939"}],"wp:term":[{"taxonomy":"category","embeddable":true,"href":"https:\/\/www.cgt-lkn.org\/bizkaia\/wp-json\/wp\/v2\/categories?post=15939"},{"taxonomy":"post_tag","embeddable":true,"href":"https:\/\/www.cgt-lkn.org\/bizkaia\/wp-json\/wp\/v2\/tags?post=15939"}],"curies":[{"name":"wp","href":"https:\/\/api.w.org\/{rel}","templated":true}]}}