{"id":15932,"date":"2017-08-10T10:18:13","date_gmt":"2017-08-10T09:18:13","guid":{"rendered":"http:\/\/www.cgt-lkn.org\/bizkaia\/?p=15932"},"modified":"2018-05-01T16:45:10","modified_gmt":"2018-05-01T15:45:10","slug":"comunicado-de-arran-ante-el-intento-de-criminalizar-la-protesta-contra-el-actual-modelo-turistico","status":"publish","type":"post","link":"https:\/\/www.cgt-lkn.org\/bizkaia\/archivos\/15932","title":{"rendered":"Comunicado de Arran ante el intento de criminalizar la protesta contra el actual modelo tur\u00edstico"},"content":{"rendered":"<p><a href=\"https:\/\/www.cgt-lkn.org\/bizkaia\/archivos\/15932\/arran-620x330\" rel=\"attachment wp-att-15933\"><img loading=\"lazy\" decoding=\"async\" class=\"alignleft wp-image-15933\" src=\"https:\/\/www.cgt-lkn.org\/bizkaia\/wp-content\/uploads\/sites\/21\/2017\/08\/arran-620x330.jpg\" alt=\"\" width=\"350\" height=\"186\" srcset=\"https:\/\/www.cgt-lkn.org\/bizkaia\/wp-content\/uploads\/sites\/21\/2017\/08\/arran-620x330.jpg 600w, https:\/\/www.cgt-lkn.org\/bizkaia\/wp-content\/uploads\/sites\/21\/2017\/08\/arran-620x330-300x160.jpg 300w, https:\/\/www.cgt-lkn.org\/bizkaia\/wp-content\/uploads\/sites\/21\/2017\/08\/arran-620x330-250x133.jpg 250w, https:\/\/www.cgt-lkn.org\/bizkaia\/wp-content\/uploads\/sites\/21\/2017\/08\/arran-620x330-400x213.jpg 400w\" sizes=\"auto, (max-width: 350px) 100vw, 350px\" \/><\/a>En el interesado mundo de las agendas medi\u00e1ticas, muy pocas veces encontramos resquicios que permitan situar sobre la mesa del debate p\u00fablico las problem\u00e1ticas que m\u00e1s afectan al conjunto de las clases populares.<\/p>\n<p>Ante esto, las acciones de visualizaci\u00f3n a trav\u00e9s de la pol\u00e9mica se hacen necesarias para plantear estos debates dentro de la esfera p\u00fablica y de forma ineludible. Debido a estas acciones realizadas en los Pa\u00edses Catalanes que buscaban visualizar el conflicto que genera el actual modelo tur\u00edstico, se ha generado un intenso debate social, pol\u00edtico y medi\u00e1tico en torno a la cuesti\u00f3n del turismo.<\/p>\n<p>En el seno de este debate, desde algunos sectores responsables de la situaci\u00f3n actual, se ha acusado a todo el que protesta contra el actual modelo tur\u00edstico de \u00abturismofobia\u00bb, un concepto inventado que intenta desvirtuar una lucha completamente leg\u00edtima, y acusa a cualquier persona que se pronuncie contra la masificaci\u00f3n tur\u00edstica de estar en contra de los turistas, todo criminalizando las v\u00edctimas de este conflicto. Nada m\u00e1s lejos de la realidad: no estamos en contra de los turistas ni del turismo, nosotros tambi\u00e9n lo somos y sabemos que viajar es una actividad humana que puede ser muy enriquecedora.<\/p>\n<p>El problema no es el turismo sino el actual modelo tur\u00edstico. Un modelo tur\u00edstico que responde a un modelo capitalista que est\u00e1 concentrando los beneficios en muy pocas manos, que est\u00e1 provocando la destrucci\u00f3n de nuestro territorio, que est\u00e1 haciendo aumentar los precios del alquiler hasta el punto que nos expulsa de nuestros barrios, alejando a las personas de sus redes familiares y de apoyo que hace que el trabajo reproductivo que asumimos mayoritariamente las mujeres quede a\u00fan m\u00e1s individualizado y suponga una carga de trabajo m\u00e1s elevada, que est\u00e1 precarizando a\u00fan m\u00e1s los puestos de trabajo, que est\u00e1 convirtiendo las ciudades en escaparates y destruyendo la propia identidad de los barrios \u2026 en definitiva, un modelo de turismo que genera beneficios para muy pocas personas y empeora las condiciones de vida de la inmensa mayor\u00eda.<\/p>\n<p>Ante esta situaci\u00f3n, hemos decidido pasar a la acci\u00f3n y al mismo tiempo hacer p\u00fablicas una serie de propuestas pol\u00edticas de m\u00ednimos para intentar aliviar la situaci\u00f3n ca\u00f3tica e injusta que est\u00e1 provocando el libre mercado tur\u00edstico, especialmente en los campos de la vivienda y el trabajo. Unas reformas del modelo tur\u00edstico que en ning\u00fan caso son un objetivo final, sino una manera de paliar de manera inmediata las consecuencias cr\u00edticas que est\u00e1 recibiendo la poblaci\u00f3n:<\/p>\n<p><em>Detener de inmediato la emisi\u00f3n de licencias de actividad para hoteles y empresas vinculadas al turismo, e iniciar un proceso de debate p\u00fablico sobre c\u00f3mo avanzar hacia un modelo de turismo sostenible a nivel ecol\u00f3gico y social.<\/p>\n<p><\/em><em>Mejorar las condiciones laborales, aumentar y controlar los salarios, terminar con el trabajo en negro as\u00ed como con las externalizaciones en las empresas relacionadas con el turismo, a trav\u00e9s de una apuesta fuerte y real para el control y para la inspecci\u00f3n de trabajo, la transparencia , la participaci\u00f3n de las trabajadoras en la gesti\u00f3n de las empresas, y el fomento del cooperativismo.<\/p>\n<p><\/em><em>Aumentar los impuestos a las empresas del sector tur\u00edstico y destinar la recaudaci\u00f3n a diversificar la econom\u00eda con el fin de avanzar hacia la soberan\u00eda econ\u00f3mica.<\/p>\n<p><\/em><em>Prohibir de forma inmediata la actividad de las empresas relacionadas con los pisos tur\u00edsticos, como por ejemplo Airbnb, as\u00ed como regular el precio de la vivienda y adquirir un amplio parque p\u00fablico, a fin de asegurar el derecho a una vivienda digna a todas las ciudadanas.<\/p>\n<p><\/em><em>Expropiar las principales empresas y activos tur\u00edsticos del pa\u00eds como pueden ser los diversos puertos deportivos, hoteles como el Vela o Las Arenas, o parques tem\u00e1ticos como Port Aventura, poniendo as\u00ed los beneficios econ\u00f3micos que generan al servicio de toda la poblaci\u00f3n.<\/p>\n<p><\/em>Desde ra\u00edz, adem\u00e1s, animamos a las j\u00f3venes, ya todas las personas, a unirse a la lucha contra el actual modelo tur\u00edstico, y especialmente, a participar de las diferentes entidades y plataformas ciudadanas y vecinales que d\u00eda a d\u00eda luchan contra la masificaci\u00f3n tur\u00edstica y por el derecho a la ciudad, ya que s\u00f3lo con la lucha y la autoorganizaci\u00f3n popular conseguiremos que no nos echen de nuestros barrios, que nos paguen lo que nos corresponde por los trabajos que hacemos, y construiremos entre todas un modelo tur\u00edstico compatible con una vida digna.<\/p>\n<p><a href=\"https:\/\/www.cgt-lkn.org\/bizkaia\/?attachment_id=15933\" rel=\"attachment wp-att-15933\"><\/a><\/p>\n","protected":false},"excerpt":{"rendered":"<p style=\"text-align: justify\">En el interesado mundo de las agendas medi\u00e1ticas, muy pocas veces encontramos resquicios que permitan situar sobre la mesa del debate p\u00fablico las problem\u00e1ticas que m\u00e1s afectan al conjunto de las clases populares.<\/p>\n<p style=\"text-align: justify\">Ante esto, las acciones de visualizaci\u00f3n a trav\u00e9s de la pol\u00e9mica se hacen necesarias para plantear estos debates dentro de la esfera p\u00fablica y de forma ineludible. Debido a estas acciones realizadas en los Pa\u00edses Catalanes que buscaban visualizar el conflicto que genera el actual modelo tur\u00edstico, se ha generado un intenso debate social, pol\u00edtico y medi\u00e1tico en torno a la cuesti\u00f3n del turismo.<\/p>\n<p style=\"text-align: justify\">En el seno de este debate, desde algunos sectores responsables de la situaci\u00f3n actual, se ha acusado a todo el que protesta contra el actual modelo tur\u00edstico de \u00abturismofobia\u00bb, un concepto inventado que intenta desvirtuar una lucha completamente leg\u00edtima, y acusa a cualquier persona que se pronuncie contra la masificaci\u00f3n tur\u00edstica de estar en contra de los turistas, todo criminalizando las v\u00edctimas de este conflicto. Nada m\u00e1s lejos de la realidad: no estamos en contra de los turistas ni del turismo, nosotros tambi\u00e9n lo somos y sabemos que viajar es una actividad humana que puede ser muy enriquecedora.<\/p>\n<p>&nbsp;<\/p>\n","protected":false},"author":191,"featured_media":15933,"comment_status":"closed","ping_status":"closed","sticky":false,"template":"","format":"standard","meta":{"footnotes":"","_links_to":"","_links_to_target":""},"categories":[99,117,15],"tags":[],"class_list":["post-15932","post","type-post","status-publish","format-standard","has-post-thumbnail","hentry","category-comunicados","category-politica","category-social"],"publishpress_future_action":{"enabled":false,"date":"2026-05-09 07:11:35","action":"change-status","newStatus":"draft","terms":[],"taxonomy":"category","extraData":[]},"publishpress_future_workflow_manual_trigger":{"enabledWorkflows":[]},"_links":{"self":[{"href":"https:\/\/www.cgt-lkn.org\/bizkaia\/wp-json\/wp\/v2\/posts\/15932","targetHints":{"allow":["GET"]}}],"collection":[{"href":"https:\/\/www.cgt-lkn.org\/bizkaia\/wp-json\/wp\/v2\/posts"}],"about":[{"href":"https:\/\/www.cgt-lkn.org\/bizkaia\/wp-json\/wp\/v2\/types\/post"}],"author":[{"embeddable":true,"href":"https:\/\/www.cgt-lkn.org\/bizkaia\/wp-json\/wp\/v2\/users\/191"}],"replies":[{"embeddable":true,"href":"https:\/\/www.cgt-lkn.org\/bizkaia\/wp-json\/wp\/v2\/comments?post=15932"}],"version-history":[{"count":0,"href":"https:\/\/www.cgt-lkn.org\/bizkaia\/wp-json\/wp\/v2\/posts\/15932\/revisions"}],"wp:featuredmedia":[{"embeddable":true,"href":"https:\/\/www.cgt-lkn.org\/bizkaia\/wp-json\/wp\/v2\/media\/15933"}],"wp:attachment":[{"href":"https:\/\/www.cgt-lkn.org\/bizkaia\/wp-json\/wp\/v2\/media?parent=15932"}],"wp:term":[{"taxonomy":"category","embeddable":true,"href":"https:\/\/www.cgt-lkn.org\/bizkaia\/wp-json\/wp\/v2\/categories?post=15932"},{"taxonomy":"post_tag","embeddable":true,"href":"https:\/\/www.cgt-lkn.org\/bizkaia\/wp-json\/wp\/v2\/tags?post=15932"}],"curies":[{"name":"wp","href":"https:\/\/api.w.org\/{rel}","templated":true}]}}