{"id":15872,"date":"2017-07-19T10:26:10","date_gmt":"2017-07-19T09:26:10","guid":{"rendered":"http:\/\/www.cgt-lkn.org\/bizkaia\/?p=15872"},"modified":"2018-05-01T16:45:11","modified_gmt":"2018-05-01T15:45:11","slug":"5-anos-de-contrarreforma-laboral-la-falacia-de-la-creacion-de-empleo-y-la-regla-del-3x2articulo-de-vidal-aragones","status":"publish","type":"post","link":"https:\/\/www.cgt-lkn.org\/bizkaia\/archivos\/15872","title":{"rendered":"5 a\u00f1os de contrarreforma laboral: La falacia de la creaci\u00f3n de empleo y la regla del 3&#215;2 (Art\u00edculo de Vidal Aragon\u00e9s)"},"content":{"rendered":"<p><em><a href=\"https:\/\/www.cgt-lkn.org\/bizkaia\/archivos\/15872\/imagesj0b5x850\" rel=\"attachment wp-att-15873\"><img loading=\"lazy\" decoding=\"async\" class=\"alignleft wp-image-15873\" src=\"https:\/\/www.cgt-lkn.org\/bizkaia\/wp-content\/uploads\/sites\/21\/2017\/07\/imagesJ0B5X850.jpg\" alt=\"\" width=\"350\" height=\"198\" srcset=\"https:\/\/www.cgt-lkn.org\/bizkaia\/wp-content\/uploads\/sites\/21\/2017\/07\/imagesJ0B5X850.jpg 298w, https:\/\/www.cgt-lkn.org\/bizkaia\/wp-content\/uploads\/sites\/21\/2017\/07\/imagesJ0B5X850-250x142.jpg 250w\" sizes=\"auto, (max-width: 350px) 100vw, 350px\" \/><\/a>Vidal Aragon\u00e9s, abogado laboralista del Colectivo Ronda, analiza los datos estad\u00edsticos que confrontan y desmienten radicalmente la tesis defendida por el gobierno del PP que la reforma laboral aprobada el a\u00f1o 2012 ha contribuido a la creaci\u00f3n de empleo demostrando que el \u00fanico efecto desplegado por la norma ha sido la extensi\u00f3n de la precariedad y la degradaci\u00f3n generalizada de las condiciones laborales.<\/em><\/p>\n<p>Durante los \u00faltimos a\u00f1os, coincidiendo con la finalizaci\u00f3n de cada uno de los meses, el Gobierno del Partido Popular ha aportado datos relativos a contrataci\u00f3n y altas en la Seguridad Social para intentar transmitir la sensaci\u00f3n de que se creaba empleo y que, adem\u00e1s, esta supuesta creaci\u00f3n ten\u00eda relaci\u00f3n con las contra laborales aprobadas por el Ejecutivo de Rajoy el a\u00f1o 2012. Ahora bien, basta analizar los propios datos del Instituto Nacional de Estad\u00edstica (INE) y las que se desprenden de la Encuesta de Poblaci\u00f3n Activa (EPA) para comprobar que los \u00faltimos 5 a\u00f1os no se ha creado empleo.<\/p>\n<p>La EPA del cuarto trimestre de 2011 (la \u00faltima antes de la aprobaci\u00f3n del Real Decreto Ley 3\/2012) situaba en 23.440.300 los trabajadores activos y en 18.533 millones los ocupados.\u00a0Cinco a\u00f1o despu\u00e9s, los \u00faltimos datos de la EPA correspondientes al cuarto trimestre de 2016 situaban los activos en 23.026.800 y los ocupados en 18.508.100.\u00a0En definitiva, tanto el n\u00famero de activos como de ocupados ha disminuido y, por tanto, no es posible en absoluto hablar de creaci\u00f3n de empleo.<\/p>\n<p>Del mismo modo, si optamos por el an\u00e1lisis de los datos oficiales del Ministerio de Trabajo relativos a cotizantes, el resultado es el siguiente: el total de cotizantes adscritos a todos los reg\u00edmenes en diciembre de 2011 era de 17.361.851 mientras que el enero de 2016 era de 17.104.357.\u00a0Hemos tenido que esperar a enero de 2017 (17.674.155) para superar la cifra de cotizantes anterior a 2012, si bien todav\u00eda muy lejos de los 19.161.851cotitzants registrados en 2008.<\/p>\n<p>Aunque este dato aparentemente positiva o esperanzadora, es f\u00e1cil demostrar que no se genera empleo sino que se transforma trabajo estable en precaria.\u00a0El proceso se puede resumir en una mal\u00e9vola ecuaci\u00f3n: de 2 estables hago 3 precarios.\u00a0Donde hab\u00eda dos puestos de trabajo a jornada completa, relativamente estables y con salarios \u00abdignos\u00bb ahora encontramos 3 puestos a tiempo parcial, inestables y con infrasalaris.\u00a0S\u00f3lo debemos analizar nuevamente los datos oficiales para comprobar c\u00f3mo se est\u00e1 imponiendo esta tendencia.\u00a0Esto se confirma por el dato de horas trabajadas en miles: 3er trimestre de 2008 631695.5, 4\u00ba trimestre de 2011 594 034 y 4\u00ba trimestre de 2016, 594.034: muy lejos de los datos anteriores al per\u00edodo crisis y sin variaciones significativas 5 a\u00f1os despu\u00e9s de aprobada la contrarreforma laboral.<\/p>\n<p>Los hombres con contrato a tiempo parcial han pasado de ser 5,3% en 2009 al 7,7% en 2016 y las mujeres, del 22,4% con contrato a tiempo parcial en el 2009 al 24,4% en 2013 .<\/p>\n<p>En cuanto a la modalidad contractual el 26,5% de los trabajadores tienen un contrato temporal y el 73,5% una de indefinido.\u00a0Ahora bien, lo que hay que analizar es que desde la aprobaci\u00f3n de la contrarreforma laboral del Gobierno de Rajoy, tan s\u00f3lo un mes ha habido un porcentaje de contrataci\u00f3n indefinida mensual superior al 12,13%, situ\u00e1ndose casi todos los meses por debajo del 10% de los contratos indefinidos realizados frente al 90% de temporales.<\/p>\n<p>Finalmente, si prestamos atenci\u00f3n a la cuant\u00eda de los salarios medios anuales, y seg\u00fan datos oficiales correspondientes al per\u00edodo 2008 a 2014, encontramos que las los salarios m\u00e1s bajos han ca\u00eddo un 28% y el 60% de trabajadores y trabajadores han visto disminuir un 10% su salario durante este tiempo.<\/p>\n<p>En conclusi\u00f3n, lejos de crear empleo durante los \u00faltimos 5 a\u00f1os, el Gobierno del PP ha puesto las bases para degradar al m\u00e1ximo las condiciones laborales, al tiempo que provoca un proceso de sustituci\u00f3n del poco trabajo estable que exist\u00eda para generalizar el empleo precaria.\u00a0As\u00ed estos cinco a\u00f1os no han sido de crear puestos de trabaje y empleo sino \u00fanicamente de transformar y degradar buena parte de lo que ya exist\u00eda, se\u00f1alando una din\u00e1mica que, desgraciadamente, ser\u00e1 la que se desarrollar\u00e1 en la pr\u00f3xima d\u00e9cada: no se crea ni se reparte el empleo, se transforma el trabajo de hoy en empleo precario para ma\u00f1ana.<\/p>\n<p><em>* Vidal Aragon\u00e9s es abogado laboralista del Colectivo Ronda<\/em><\/p>\n<p>&nbsp;<\/p>\n","protected":false},"excerpt":{"rendered":"<p style=\"text-align: justify\"><em>Vidal Aragon\u00e9s, abogado laboralista del Colectivo Ronda, analiza los datos estad\u00edsticos que confrontan y desmienten radicalmente la tesis defendida por el gobierno del PP que la reforma laboral aprobada el a\u00f1o 2012 ha contribuido a la creaci\u00f3n de empleo demostrando que el \u00fanico efecto desplegado por la norma ha sido la extensi\u00f3n de la precariedad y la degradaci\u00f3n generalizada de las condiciones laborales.<\/em><\/p>\n<p>Durante los \u00faltimos a\u00f1os, coincidiendo con la finalizaci\u00f3n de cada uno de los meses, el Gobierno del Partido Popular ha aportado datos relativos a contrataci\u00f3n y altas en la Seguridad Social para intentar transmitir la sensaci\u00f3n de que se creaba empleo y que, adem\u00e1s, esta supuesta creaci\u00f3n ten\u00eda relaci\u00f3n con las contra laborales aprobadas por el Ejecutivo de Rajoy el a\u00f1o 2012. Ahora bien, basta analizar los propios datos del Instituto Nacional de Estad\u00edstica (INE) y las que se desprenden de la Encuesta de Poblaci\u00f3n Activa (EPA) para comprobar que los \u00faltimos 5 a\u00f1os no se ha creado empleo.<\/p>\n","protected":false},"author":191,"featured_media":15873,"comment_status":"closed","ping_status":"closed","sticky":false,"template":"","format":"standard","meta":{"footnotes":"","_links_to":"","_links_to_target":""},"categories":[29,46],"tags":[],"class_list":["post-15872","post","type-post","status-publish","format-standard","has-post-thumbnail","hentry","category-asesoria-juridica","category-laboral"],"publishpress_future_action":{"enabled":false,"date":"2026-05-10 19:20:39","action":"change-status","newStatus":"draft","terms":[],"taxonomy":"category","extraData":[]},"publishpress_future_workflow_manual_trigger":{"enabledWorkflows":[]},"_links":{"self":[{"href":"https:\/\/www.cgt-lkn.org\/bizkaia\/wp-json\/wp\/v2\/posts\/15872","targetHints":{"allow":["GET"]}}],"collection":[{"href":"https:\/\/www.cgt-lkn.org\/bizkaia\/wp-json\/wp\/v2\/posts"}],"about":[{"href":"https:\/\/www.cgt-lkn.org\/bizkaia\/wp-json\/wp\/v2\/types\/post"}],"author":[{"embeddable":true,"href":"https:\/\/www.cgt-lkn.org\/bizkaia\/wp-json\/wp\/v2\/users\/191"}],"replies":[{"embeddable":true,"href":"https:\/\/www.cgt-lkn.org\/bizkaia\/wp-json\/wp\/v2\/comments?post=15872"}],"version-history":[{"count":0,"href":"https:\/\/www.cgt-lkn.org\/bizkaia\/wp-json\/wp\/v2\/posts\/15872\/revisions"}],"wp:featuredmedia":[{"embeddable":true,"href":"https:\/\/www.cgt-lkn.org\/bizkaia\/wp-json\/wp\/v2\/media\/15873"}],"wp:attachment":[{"href":"https:\/\/www.cgt-lkn.org\/bizkaia\/wp-json\/wp\/v2\/media?parent=15872"}],"wp:term":[{"taxonomy":"category","embeddable":true,"href":"https:\/\/www.cgt-lkn.org\/bizkaia\/wp-json\/wp\/v2\/categories?post=15872"},{"taxonomy":"post_tag","embeddable":true,"href":"https:\/\/www.cgt-lkn.org\/bizkaia\/wp-json\/wp\/v2\/tags?post=15872"}],"curies":[{"name":"wp","href":"https:\/\/api.w.org\/{rel}","templated":true}]}}